{"id":5990,"date":"2026-09-04T01:05:09","date_gmt":"2026-09-04T01:05:09","guid":{"rendered":"https:\/\/panamaimage.com\/noticias\/?p=5990"},"modified":"2026-09-04T01:05:09","modified_gmt":"2026-09-04T01:05:09","slug":"casio-presenta-calcula-tu-equilibrio-junto-a-tempo-tecnologia-diseno-y-productividad-se-encuentran-en-panama","status":"publish","type":"post","link":"https:\/\/panamaimage.com\/noticias\/casio-presenta-calcula-tu-equilibrio-junto-a-tempo-tecnologia-diseno-y-productividad-se-encuentran-en-panama\/","title":{"rendered":"CASIO presenta \u201cCalcula tu Equilibrio\u201d junto a TEMPO: tecnolog\u00eda, dise\u00f1o y productividad se encuentran en Panam\u00e1"},"content":{"rendered":"\n<h3 class=\"wp-block-heading\"><a><\/a><strong>La alianza propone una nueva mirada a las calculadoras, teclados y pianos digitales CASIO, integr\u00e1ndolos de una manera natural en espacios de trabajo.<\/strong><\/h3>\n\n\n\n<p class=\"wp-block-paragraph\"><strong>Ciudad de Panam\u00e1, 3 de septiembre de 2026.<\/strong> \u2014 <strong>CASIO<\/strong> present\u00f3 junto a <strong>TEMPO<\/strong> una nueva propuesta que conecta tecnolog\u00eda, dise\u00f1o y funcionalidad bajo el concepto <strong>\u201cCalcula tu Equilibrio\u201d<\/strong>, mostrando c\u00f3mo sus productos pueden integrarse en espacios modernos, organizados y con personalidad.<\/p>\n\n\n\n<p class=\"wp-block-paragraph\">La experiencia busca acercar CASIO a nuevas audiencias desde una perspectiva m\u00e1s lifestyle, especialmente en un contexto donde los espacios de trabajo han evolucionado hacia modelos h\u00edbridos, home office y ambientes multifuncionales. La propuesta invita a descubrir c\u00f3mo color, orden y productividad pueden convivir en armon\u00eda.<\/p>\n\n\n\n<h3 class=\"wp-block-heading\"><a><\/a><strong>Calculadoras que tambi\u00e9n forman parte del dise\u00f1o<\/strong><\/h3>\n\n\n\n<p class=\"wp-block-paragraph\">Durante el encuentro, CASIO destac\u00f3 modelos de calculadoras como <strong>DR-120, MX-12B y<\/strong> <strong>MS-20UC,<\/strong> herramientas pensadas para acompa\u00f1ar las necesidades de arquitectos, dise\u00f1adores de interiores, decoradores, emprendedores y otros perfiles creativos que trabajan con presupuestos, medidas, cotizaciones y planificaci\u00f3n de proyectos.<\/p>\n\n\n\n<p class=\"wp-block-paragraph\">Adem\u00e1s de su funcionalidad y precisi\u00f3n, sus diferentes dise\u00f1os y colores permiten incorporarlas como parte de los escritorios y espacios de trabajo contempor\u00e1neos, convirtiendo un objeto cotidiano en un elemento que tambi\u00e9n aporta personalidad al ambiente.<\/p>\n\n\n\n<h3 class=\"wp-block-heading\"><a><\/a><strong>CASIO lleva la m\u00fasica al mundo del Home Decor<\/strong><\/h3>\n\n\n\n<p class=\"wp-block-paragraph\">La propuesta tambi\u00e9n incorpora la categor\u00eda de <strong>m\u00fasica y Home Decor<\/strong>, con teclados y pianos digitales CASIO que trascienden su funci\u00f3n musical para convertirse en piezas capaces de complementar distintos espacios del hogar.<\/p>\n\n\n\n<p class=\"wp-block-paragraph\">Integrados con muebles, iluminaci\u00f3n y accesorios de decoraci\u00f3n, estos productos buscan crear ambientes m\u00e1s creativos, c\u00e1lidos y personales, donde la m\u00fasica forme parte de la vida cotidiana.<\/p>\n\n\n\n<p class=\"wp-block-paragraph\"><strong>\u201c<\/strong><em>Con esta alianza entre CASIO y TEMPO buscamos presentar nuestros productos desde una perspectiva diferente, m\u00e1s cercana al dise\u00f1o, la productividad y los nuevos estilos de trabajo. Hoy las personas buscan que sus espacios sean funcionales, pero tambi\u00e9n inspiradores, y creemos que las calculadoras, teclados y pianos digitales CASIO pueden integrarse de forma natural en esa visi\u00f3n.\u201d<\/em>, coment\u00f3 <strong>Kelly Marimon, Gerente de Marketing Regional de CASIO | Kenex<\/strong>.<\/p>\n\n\n\n<h3 class=\"wp-block-heading\"><a><\/a><strong>TEMPO, el escenario ideal para una nueva experiencia CASIO<\/strong><\/h3>\n\n\n\n<p class=\"wp-block-paragraph\">La elecci\u00f3n de TEMPO responde a su conexi\u00f3n con el dise\u00f1o, la decoraci\u00f3n y la creaci\u00f3n de ambientes. Sus espacios permiten mostrar los productos CASIO en escenarios reales y aspiracionales, acerc\u00e1ndose a consumidores que buscan combinar funcionalidad, est\u00e9tica y dise\u00f1o.<\/p>\n\n\n\n<p class=\"wp-block-paragraph\">Como parte de la experiencia, los invitados pudieron descubrir los productos integrados en diferentes ambientes de TEMPO, incluyendo escritorios, espacios de home office, \u00e1reas creativas y rincones de dise\u00f1o.<\/p>\n\n\n\n<h3 class=\"wp-block-heading\"><a><\/a><strong>CASIO contin\u00faa evolucionando en Panam\u00e1<\/strong><\/h3>\n\n\n\n<p class=\"wp-block-paragraph\">Con una trayectoria respaldada por el reconocimiento y la confiabilidad de la marca, CASIO busca continuar fortaleciendo su presencia en Panam\u00e1 desde una visi\u00f3n m\u00e1s moderna y cercana al estilo de vida de los consumidores.<\/p>\n\n\n\n<p class=\"wp-block-paragraph\">A trav\u00e9s de sus categor\u00edas de <strong>calculadoras, m\u00fasica y Home Decor<\/strong>, la marca apuesta por demostrar que la tecnolog\u00eda puede formar parte de los espacios cotidianos de una manera funcional, est\u00e9tica y relevante.<\/p>\n\n\n\n<figure class=\"wp-block-image size-large\"><a href=\"https:\/\/panamaimage.com\/noticias\/wp-content\/uploads\/2026\/09\/IMG-20260903-WA0428.jpg\"><img loading=\"lazy\" decoding=\"async\" width=\"1024\" height=\"683\" src=\"https:\/\/panamaimage.com\/noticias\/wp-content\/uploads\/2026\/09\/IMG-20260903-WA0428-1024x683.jpg\" alt=\"\" class=\"wp-image-5993\" title=\"\" srcset=\"https:\/\/panamaimage.com\/noticias\/wp-content\/uploads\/2026\/09\/IMG-20260903-WA0428-1024x683.jpg 1024w, https:\/\/panamaimage.com\/noticias\/wp-content\/uploads\/2026\/09\/IMG-20260903-WA0428-300x200.jpg 300w, https:\/\/panamaimage.com\/noticias\/wp-content\/uploads\/2026\/09\/IMG-20260903-WA0428-768x512.jpg 768w, https:\/\/panamaimage.com\/noticias\/wp-content\/uploads\/2026\/09\/IMG-20260903-WA0428-1536x1024.jpg 1536w, https:\/\/panamaimage.com\/noticias\/wp-content\/uploads\/2026\/09\/IMG-20260903-WA0428.jpg 1599w\" sizes=\"auto, (max-width: 1024px) 100vw, 1024px\" \/><\/a><\/figure>\n\n\n\n<figure class=\"wp-block-image size-large\"><a href=\"https:\/\/panamaimage.com\/noticias\/wp-content\/uploads\/2026\/09\/IMG-20260903-WA0425.jpg\"><img loading=\"lazy\" decoding=\"async\" width=\"1024\" height=\"683\" src=\"https:\/\/panamaimage.com\/noticias\/wp-content\/uploads\/2026\/09\/IMG-20260903-WA0425-1024x683.jpg\" alt=\"\" class=\"wp-image-5995\" title=\"\" srcset=\"https:\/\/panamaimage.com\/noticias\/wp-content\/uploads\/2026\/09\/IMG-20260903-WA0425-1024x683.jpg 1024w, https:\/\/panamaimage.com\/noticias\/wp-content\/uploads\/2026\/09\/IMG-20260903-WA0425-300x200.jpg 300w, https:\/\/panamaimage.com\/noticias\/wp-content\/uploads\/2026\/09\/IMG-20260903-WA0425-768x512.jpg 768w, https:\/\/panamaimage.com\/noticias\/wp-content\/uploads\/2026\/09\/IMG-20260903-WA0425-1536x1024.jpg 1536w, https:\/\/panamaimage.com\/noticias\/wp-content\/uploads\/2026\/09\/IMG-20260903-WA0425.jpg 1599w\" sizes=\"auto, (max-width: 1024px) 100vw, 1024px\" \/><\/a><\/figure>\n\n\n\n<figure class=\"wp-block-image size-large\"><a href=\"https:\/\/panamaimage.com\/noticias\/wp-content\/uploads\/2026\/09\/IMG-20260903-WA0423.jpg\"><img loading=\"lazy\" decoding=\"async\" width=\"1024\" height=\"683\" src=\"https:\/\/panamaimage.com\/noticias\/wp-content\/uploads\/2026\/09\/IMG-20260903-WA0423-1024x683.jpg\" alt=\"\" class=\"wp-image-5994\" title=\"\" srcset=\"https:\/\/panamaimage.com\/noticias\/wp-content\/uploads\/2026\/09\/IMG-20260903-WA0423-1024x683.jpg 1024w, https:\/\/panamaimage.com\/noticias\/wp-content\/uploads\/2026\/09\/IMG-20260903-WA0423-300x200.jpg 300w, https:\/\/panamaimage.com\/noticias\/wp-content\/uploads\/2026\/09\/IMG-20260903-WA0423-768x512.jpg 768w, https:\/\/panamaimage.com\/noticias\/wp-content\/uploads\/2026\/09\/IMG-20260903-WA0423-1536x1024.jpg 1536w, https:\/\/panamaimage.com\/noticias\/wp-content\/uploads\/2026\/09\/IMG-20260903-WA0423.jpg 1599w\" sizes=\"auto, (max-width: 1024px) 100vw, 1024px\" \/><\/a><\/figure>\n\n\n\n<figure class=\"wp-block-image size-large\"><a href=\"https:\/\/panamaimage.com\/noticias\/wp-content\/uploads\/2026\/09\/IMG-20260903-WA0426.jpg\"><img loading=\"lazy\" decoding=\"async\" width=\"1024\" height=\"683\" src=\"https:\/\/panamaimage.com\/noticias\/wp-content\/uploads\/2026\/09\/IMG-20260903-WA0426-1024x683.jpg\" alt=\"\" class=\"wp-image-5991\" title=\"\" srcset=\"https:\/\/panamaimage.com\/noticias\/wp-content\/uploads\/2026\/09\/IMG-20260903-WA0426-1024x683.jpg 1024w, https:\/\/panamaimage.com\/noticias\/wp-content\/uploads\/2026\/09\/IMG-20260903-WA0426-300x200.jpg 300w, https:\/\/panamaimage.com\/noticias\/wp-content\/uploads\/2026\/09\/IMG-20260903-WA0426-768x512.jpg 768w, https:\/\/panamaimage.com\/noticias\/wp-content\/uploads\/2026\/09\/IMG-20260903-WA0426-1536x1024.jpg 1536w, https:\/\/panamaimage.com\/noticias\/wp-content\/uploads\/2026\/09\/IMG-20260903-WA0426.jpg 1599w\" sizes=\"auto, (max-width: 1024px) 100vw, 1024px\" \/><\/a><\/figure>\n\n\n\n<figure class=\"wp-block-image size-large\"><a href=\"https:\/\/panamaimage.com\/noticias\/wp-content\/uploads\/2026\/09\/IMG-20260903-WA0424.jpg\"><img loading=\"lazy\" decoding=\"async\" width=\"683\" height=\"1024\" src=\"https:\/\/panamaimage.com\/noticias\/wp-content\/uploads\/2026\/09\/IMG-20260903-WA0424-683x1024.jpg\" alt=\"\" class=\"wp-image-5996\" title=\"\" srcset=\"https:\/\/panamaimage.com\/noticias\/wp-content\/uploads\/2026\/09\/IMG-20260903-WA0424-683x1024.jpg 683w, https:\/\/panamaimage.com\/noticias\/wp-content\/uploads\/2026\/09\/IMG-20260903-WA0424-200x300.jpg 200w, https:\/\/panamaimage.com\/noticias\/wp-content\/uploads\/2026\/09\/IMG-20260903-WA0424-768x1152.jpg 768w, https:\/\/panamaimage.com\/noticias\/wp-content\/uploads\/2026\/09\/IMG-20260903-WA0424-1024x1536.jpg 1024w, https:\/\/panamaimage.com\/noticias\/wp-content\/uploads\/2026\/09\/IMG-20260903-WA0424.jpg 1066w\" sizes=\"auto, (max-width: 683px) 100vw, 683px\" \/><\/a><\/figure>\n","protected":false},"excerpt":{"rendered":"<p>La alianza propone una nueva mirada a las calculadoras, teclados y pianos digitales CASIO, integr\u00e1ndolos de una manera natural en espacios de trabajo. Ciudad de Panam\u00e1, 3 de septiembre de 2026. \u2014 CASIO present\u00f3 junto a TEMPO una nueva propuesta que conecta tecnolog\u00eda, dise\u00f1o y funcionalidad bajo el concepto \u201cCalcula tu Equilibrio\u201d, mostrando c\u00f3mo sus [&hellip;]<\/p>\n","protected":false},"author":3,"featured_media":5992,"comment_status":"open","ping_status":"open","sticky":false,"template":"","format":"standard","meta":{"footnotes":""},"categories":[2],"tags":[584],"class_list":["post-5990","post","type-post","status-publish","format-standard","has-post-thumbnail","hentry","category-nacionales","tag-casio-presenta-calcula-tu-equilibrio-junto-a-tempo-tecnologia"],"_links":{"self":[{"href":"https:\/\/panamaimage.com\/noticias\/wp-json\/wp\/v2\/posts\/5990","targetHints":{"allow":["GET"]}}],"collection":[{"href":"https:\/\/panamaimage.com\/noticias\/wp-json\/wp\/v2\/posts"}],"about":[{"href":"https:\/\/panamaimage.com\/noticias\/wp-json\/wp\/v2\/types\/post"}],"author":[{"embeddable":true,"href":"https:\/\/panamaimage.com\/noticias\/wp-json\/wp\/v2\/users\/3"}],"replies":[{"embeddable":true,"href":"https:\/\/panamaimage.com\/noticias\/wp-json\/wp\/v2\/comments?post=5990"}],"version-history":[{"count":1,"href":"https:\/\/panamaimage.com\/noticias\/wp-json\/wp\/v2\/posts\/5990\/revisions"}],"predecessor-version":[{"id":5997,"href":"https:\/\/panamaimage.com\/noticias\/wp-json\/wp\/v2\/posts\/5990\/revisions\/5997"}],"wp:featuredmedia":[{"embeddable":true,"href":"https:\/\/panamaimage.com\/noticias\/wp-json\/wp\/v2\/media\/5992"}],"wp:attachment":[{"href":"https:\/\/panamaimage.com\/noticias\/wp-json\/wp\/v2\/media?parent=5990"}],"wp:term":[{"taxonomy":"category","embeddable":true,"href":"https:\/\/panamaimage.com\/noticias\/wp-json\/wp\/v2\/categories?post=5990"},{"taxonomy":"post_tag","embeddable":true,"href":"https:\/\/panamaimage.com\/noticias\/wp-json\/wp\/v2\/tags?post=5990"}],"curies":[{"name":"wp","href":"https:\/\/api.w.org\/{rel}","templated":true}]}}