{"id":5962,"date":"2026-09-02T20:54:33","date_gmt":"2026-09-02T20:54:33","guid":{"rendered":"https:\/\/panamaimage.com\/noticias\/?p=5962"},"modified":"2026-09-02T20:54:33","modified_gmt":"2026-09-02T20:54:33","slug":"presidente-mulino-recibe-a-mariano-rivera-y-conversan-sobre-generacion-de-empleos-y-apoyo-al-deporte","status":"publish","type":"post","link":"https:\/\/panamaimage.com\/noticias\/presidente-mulino-recibe-a-mariano-rivera-y-conversan-sobre-generacion-de-empleos-y-apoyo-al-deporte\/","title":{"rendered":"Presidente Mulino recibe a Mariano Rivera y conversan sobre generaci\u00f3n de empleos y apoyo al deporte"},"content":{"rendered":"\n<p class=\"wp-block-paragraph\"><\/p>\n\n\n\n<p class=\"wp-block-paragraph\">El presidente de la Rep\u00fablica, Jos\u00e9 Ra\u00fal Mulino, recibi\u00f3 en su despacho este mi\u00e9rcoles 2 de septiembre al exbeisbolista Mariano Rivera, ex cerrador de los Yanquis de Nueva York y miembro del Sal\u00f3n de la Fama de las Grandes Ligas.<\/p>\n\n\n\n<p class=\"wp-block-paragraph\">Durante el encuentro entre el mandatario y el hist\u00f3rico lanzador, se repasaron temas de importancia para el pa\u00eds, entre ellos la promoci\u00f3n de inversiones para generar nuevas plazas de empleo.<\/p>\n\n\n\n<p class=\"wp-block-paragraph\">Asimismo, conversaron sobre la inversi\u00f3n destinada a apoyar el deporte y la educaci\u00f3n mediante obras p\u00fablicas, as\u00ed como en el respaldo de la empresa privada para la construcci\u00f3n de nuevas infraestructuras y mejoras a las existentes.<br>Previo a la reuni\u00f3n con el mandatario, Rivera se reuni\u00f3 con el ministro de la Presidencia, Juan Carlos Orillac.<\/p>\n","protected":false},"excerpt":{"rendered":"<p>El presidente de la Rep\u00fablica, Jos\u00e9 Ra\u00fal Mulino, recibi\u00f3 en su despacho este mi\u00e9rcoles 2 de septiembre al exbeisbolista Mariano Rivera, ex cerrador de los Yanquis de Nueva York y miembro del Sal\u00f3n de la Fama de las Grandes Ligas. Durante el encuentro entre el mandatario y el hist\u00f3rico lanzador, se repasaron temas de importancia [&hellip;]<\/p>\n","protected":false},"author":3,"featured_media":5963,"comment_status":"open","ping_status":"open","sticky":false,"template":"","format":"standard","meta":{"footnotes":""},"categories":[2],"tags":[],"class_list":["post-5962","post","type-post","status-publish","format-standard","has-post-thumbnail","hentry","category-nacionales"],"_links":{"self":[{"href":"https:\/\/panamaimage.com\/noticias\/wp-json\/wp\/v2\/posts\/5962","targetHints":{"allow":["GET"]}}],"collection":[{"href":"https:\/\/panamaimage.com\/noticias\/wp-json\/wp\/v2\/posts"}],"about":[{"href":"https:\/\/panamaimage.com\/noticias\/wp-json\/wp\/v2\/types\/post"}],"author":[{"embeddable":true,"href":"https:\/\/panamaimage.com\/noticias\/wp-json\/wp\/v2\/users\/3"}],"replies":[{"embeddable":true,"href":"https:\/\/panamaimage.com\/noticias\/wp-json\/wp\/v2\/comments?post=5962"}],"version-history":[{"count":1,"href":"https:\/\/panamaimage.com\/noticias\/wp-json\/wp\/v2\/posts\/5962\/revisions"}],"predecessor-version":[{"id":5964,"href":"https:\/\/panamaimage.com\/noticias\/wp-json\/wp\/v2\/posts\/5962\/revisions\/5964"}],"wp:featuredmedia":[{"embeddable":true,"href":"https:\/\/panamaimage.com\/noticias\/wp-json\/wp\/v2\/media\/5963"}],"wp:attachment":[{"href":"https:\/\/panamaimage.com\/noticias\/wp-json\/wp\/v2\/media?parent=5962"}],"wp:term":[{"taxonomy":"category","embeddable":true,"href":"https:\/\/panamaimage.com\/noticias\/wp-json\/wp\/v2\/categories?post=5962"},{"taxonomy":"post_tag","embeddable":true,"href":"https:\/\/panamaimage.com\/noticias\/wp-json\/wp\/v2\/tags?post=5962"}],"curies":[{"name":"wp","href":"https:\/\/api.w.org\/{rel}","templated":true}]}}