{"id":5959,"date":"2026-09-02T20:41:38","date_gmt":"2026-09-02T20:41:38","guid":{"rendered":"https:\/\/panamaimage.com\/noticias\/?p=5959"},"modified":"2026-09-02T20:41:38","modified_gmt":"2026-09-02T20:41:38","slug":"ministerio-de-la-presidencia-rinde-homenaje-a-funcionaria-con-51-anos-de-servicio-continuo","status":"publish","type":"post","link":"https:\/\/panamaimage.com\/noticias\/ministerio-de-la-presidencia-rinde-homenaje-a-funcionaria-con-51-anos-de-servicio-continuo\/","title":{"rendered":"Ministerio de la Presidencia rinde homenaje a funcionaria con 51 a\u00f1os de servicio continuo"},"content":{"rendered":"\n<p class=\"wp-block-paragraph\"><\/p>\n\n\n\n<p class=\"wp-block-paragraph\">El Ministerio de la Presidencia rindi\u00f3 homenaje este mi\u00e9rcoles a una de sus servidoras m\u00e1s fieles y consistentes, la licenciada Damaris Vargas de Gord\u00f3n, quien se acoge a un merecido retiro tras m\u00e1s de 51 a\u00f1os de servicio ininterrumpido en la instituci\u00f3n.<br>El acto tuvo lugar en el Sal\u00f3n Paz del Palacio de las Garzas, donde el ministro de la Presidencia, Juan Carlos Orillac; la viceministra de la Presidencia, Virna Luque; y Edgardo Lasso, director de la Oficina de Consejo de Gabinete, junto a compa\u00f1eros de trabajo, agradecieron a Vargas de Gord\u00f3n por su extraordinaria labor a lo largo de m\u00e1s de medio siglo.<br>\u201cLa mayor satisfacci\u00f3n que da la vida nos la proporciona el deber cumplido\u201d, expres\u00f3 la licenciada Damaris. \u201cLas palabras no alcanzan a dimensionar este sentimiento de gratitud hacia mis jefes, hacia mis apreciados compa\u00f1eros de faena, con quienes he laborado \u2014algunos desde mi juventud, y otros que van formando parte de mi familia laboral a trav\u00e9s de los a\u00f1os hasta hoy\u2014 en la primera instituci\u00f3n jer\u00e1rquica del pa\u00eds\u201d.<br>Por su parte, el ministro Orillac reconoci\u00f3 la ardua labor que la homenajeada ha asumido a lo largo de los a\u00f1os dentro del ministerio. \u201cEl trabajo que usted bien ha realizado, su lealtad al ministerio de la Presidencia, su dedicaci\u00f3n, todo el esfuerzo de tantos a\u00f1os y la historia que ha tenido usted aqu\u00ed junto a sus compa\u00f1eros en la Presidencia de la Rep\u00fablica son invaluables\u201d, destac\u00f3 el titular de la cartera.<\/p>\n","protected":false},"excerpt":{"rendered":"<p>El Ministerio de la Presidencia rindi\u00f3 homenaje este mi\u00e9rcoles a una de sus servidoras m\u00e1s fieles y consistentes, la licenciada Damaris Vargas de Gord\u00f3n, quien se acoge a un merecido retiro tras m\u00e1s de 51 a\u00f1os de servicio ininterrumpido en la instituci\u00f3n.El acto tuvo lugar en el Sal\u00f3n Paz del Palacio de las Garzas, donde [&hellip;]<\/p>\n","protected":false},"author":3,"featured_media":5960,"comment_status":"open","ping_status":"open","sticky":false,"template":"","format":"standard","meta":{"footnotes":""},"categories":[2],"tags":[],"class_list":["post-5959","post","type-post","status-publish","format-standard","has-post-thumbnail","hentry","category-nacionales"],"_links":{"self":[{"href":"https:\/\/panamaimage.com\/noticias\/wp-json\/wp\/v2\/posts\/5959","targetHints":{"allow":["GET"]}}],"collection":[{"href":"https:\/\/panamaimage.com\/noticias\/wp-json\/wp\/v2\/posts"}],"about":[{"href":"https:\/\/panamaimage.com\/noticias\/wp-json\/wp\/v2\/types\/post"}],"author":[{"embeddable":true,"href":"https:\/\/panamaimage.com\/noticias\/wp-json\/wp\/v2\/users\/3"}],"replies":[{"embeddable":true,"href":"https:\/\/panamaimage.com\/noticias\/wp-json\/wp\/v2\/comments?post=5959"}],"version-history":[{"count":1,"href":"https:\/\/panamaimage.com\/noticias\/wp-json\/wp\/v2\/posts\/5959\/revisions"}],"predecessor-version":[{"id":5961,"href":"https:\/\/panamaimage.com\/noticias\/wp-json\/wp\/v2\/posts\/5959\/revisions\/5961"}],"wp:featuredmedia":[{"embeddable":true,"href":"https:\/\/panamaimage.com\/noticias\/wp-json\/wp\/v2\/media\/5960"}],"wp:attachment":[{"href":"https:\/\/panamaimage.com\/noticias\/wp-json\/wp\/v2\/media?parent=5959"}],"wp:term":[{"taxonomy":"category","embeddable":true,"href":"https:\/\/panamaimage.com\/noticias\/wp-json\/wp\/v2\/categories?post=5959"},{"taxonomy":"post_tag","embeddable":true,"href":"https:\/\/panamaimage.com\/noticias\/wp-json\/wp\/v2\/tags?post=5959"}],"curies":[{"name":"wp","href":"https:\/\/api.w.org\/{rel}","templated":true}]}}