{"id":5554,"date":"2026-04-25T20:39:12","date_gmt":"2026-04-25T20:39:12","guid":{"rendered":"https:\/\/panamaimage.com\/noticias\/?p=5554"},"modified":"2026-04-25T20:39:14","modified_gmt":"2026-04-25T20:39:14","slug":"mitradel-apuesta-a-la-proteccion-de-la-ninez-con-abrazos-delfuturo-en-consejo-de-gabinete-en-los-santos","status":"publish","type":"post","link":"https:\/\/panamaimage.com\/noticias\/mitradel-apuesta-a-la-proteccion-de-la-ninez-con-abrazos-delfuturo-en-consejo-de-gabinete-en-los-santos\/","title":{"rendered":"Mitradel apuesta a la protecci\u00f3n de la ni\u00f1ez con \u201cAbrazos delFuturo\u201d en Consejo de Gabinete en Los Santos"},"content":{"rendered":"\n<p><\/p>\n\n\n\n<p>M\u00e1s de 60 estudiantes sante\u00f1os recibieron becas para apoyar su permanencia en el sistema educativo.<\/p>\n\n\n\n<p>Panam\u00e1, 24 de abril de 2026. \u201cLos ni\u00f1os deben estar en el aula de clases, prepar\u00e1ndose para ser profesionales, porque son el futuro de Panam\u00e1 y merecen una educaci\u00f3n digna, sin distinci\u00f3n\u201d, expres\u00f3 la ministra de Trabajo y Desarrollo Laboral, Jackeline Mu\u00f1oz de Cede\u00f1o, durante la jornada del proyecto \u201cAbrazos del Futuro\u201d realizada en la provincia de Los Santos, en el marco del Consejo de Gabinete, donde junto al presidente, Jos\u00e9 Ra\u00fal Mulino y la Primera Dama, Maricel de Mulino se entregaron becas a m\u00e1s de 60 estudiantes para apoyar su permanencia en el sistema escolar y fortalecer la prevenci\u00f3n del trabajo infantil.<\/p>\n\n\n\n<p>La titular de Trabajo destac\u00f3 el significado especial que tuvo para los menores compartir con el presidente, una experiencia que reafirma la importancia de escuchar y valorar la voz de la ni\u00f1ez paname\u00f1a. Explic\u00f3 adem\u00e1s que el proyecto \u201cAbrazos del Futuro\u201d nace como un compromiso y una pol\u00edtica de Estado orientada a erradicar el trabajo infantil, brindando apoyo a las familias en condici\u00f3n de vulnerabilidad.<\/p>\n\n\n\n<p>Esta iniciativa es impulsada por el Mitradel en conjunto con el Instituto para la Formaci\u00f3n y Aprovechamiento de Recursos Humanos (IFARHU) y otras instituciones aliadas para el desarrollo integral de los menores. Como antecedente, durante el lanzamiento del proyecto en la provincia de Herrera se entregaron 47 becas a ni\u00f1os y ni\u00f1as en riesgo social.<\/p>\n\n\n\n<p>En Los Santos, el Mitradel mantiene un trabajo constante con 41 recorridos de prevenci\u00f3n y 36 actividades de sensibilizaci\u00f3n y capacitaci\u00f3n dirigidas a comunidades y actores locales.<\/p>\n\n\n\n<p>El Mitradel, contin\u00faa trabajando para que cada ni\u00f1o y ni\u00f1a crezca con oportunidades y esperanza.<\/p>\n\n\n\n<figure class=\"wp-block-image size-large\"><a href=\"https:\/\/panamaimage.com\/noticias\/wp-content\/uploads\/2026\/04\/Screenshot_20260425_152943_WhatsApp.jpg\"><img loading=\"lazy\" decoding=\"async\" width=\"1024\" height=\"677\" src=\"https:\/\/panamaimage.com\/noticias\/wp-content\/uploads\/2026\/04\/Screenshot_20260425_152943_WhatsApp-1024x677.jpg\" alt=\"\" class=\"wp-image-5560\" title=\"\" srcset=\"https:\/\/panamaimage.com\/noticias\/wp-content\/uploads\/2026\/04\/Screenshot_20260425_152943_WhatsApp-1024x677.jpg 1024w, https:\/\/panamaimage.com\/noticias\/wp-content\/uploads\/2026\/04\/Screenshot_20260425_152943_WhatsApp-300x198.jpg 300w, https:\/\/panamaimage.com\/noticias\/wp-content\/uploads\/2026\/04\/Screenshot_20260425_152943_WhatsApp-768x508.jpg 768w, https:\/\/panamaimage.com\/noticias\/wp-content\/uploads\/2026\/04\/Screenshot_20260425_152943_WhatsApp.jpg 1080w\" sizes=\"auto, (max-width: 1024px) 100vw, 1024px\" \/><\/a><\/figure>\n\n\n\n<figure class=\"wp-block-image size-large\"><a href=\"https:\/\/panamaimage.com\/noticias\/wp-content\/uploads\/2026\/04\/IMG-20260425-WA0243.jpg\"><img loading=\"lazy\" decoding=\"async\" width=\"1024\" height=\"674\" src=\"https:\/\/panamaimage.com\/noticias\/wp-content\/uploads\/2026\/04\/IMG-20260425-WA0243-1024x674.jpg\" alt=\"\" class=\"wp-image-5559\" title=\"\" srcset=\"https:\/\/panamaimage.com\/noticias\/wp-content\/uploads\/2026\/04\/IMG-20260425-WA0243-1024x674.jpg 1024w, https:\/\/panamaimage.com\/noticias\/wp-content\/uploads\/2026\/04\/IMG-20260425-WA0243-300x198.jpg 300w, https:\/\/panamaimage.com\/noticias\/wp-content\/uploads\/2026\/04\/IMG-20260425-WA0243-768x506.jpg 768w, https:\/\/panamaimage.com\/noticias\/wp-content\/uploads\/2026\/04\/IMG-20260425-WA0243.jpg 1080w\" sizes=\"auto, (max-width: 1024px) 100vw, 1024px\" \/><\/a><\/figure>\n\n\n\n<figure class=\"wp-block-image size-large\"><a href=\"https:\/\/panamaimage.com\/noticias\/wp-content\/uploads\/2026\/04\/IMG-20260425-WA02412.jpg\"><img loading=\"lazy\" decoding=\"async\" width=\"1024\" height=\"663\" src=\"https:\/\/panamaimage.com\/noticias\/wp-content\/uploads\/2026\/04\/IMG-20260425-WA02412-1024x663.jpg\" alt=\"\" class=\"wp-image-5558\" title=\"\" srcset=\"https:\/\/panamaimage.com\/noticias\/wp-content\/uploads\/2026\/04\/IMG-20260425-WA02412-1024x663.jpg 1024w, https:\/\/panamaimage.com\/noticias\/wp-content\/uploads\/2026\/04\/IMG-20260425-WA02412-300x194.jpg 300w, https:\/\/panamaimage.com\/noticias\/wp-content\/uploads\/2026\/04\/IMG-20260425-WA02412-768x497.jpg 768w, https:\/\/panamaimage.com\/noticias\/wp-content\/uploads\/2026\/04\/IMG-20260425-WA02412.jpg 1080w\" sizes=\"auto, (max-width: 1024px) 100vw, 1024px\" \/><\/a><\/figure>\n\n\n\n<figure class=\"wp-block-image size-large\"><a href=\"https:\/\/panamaimage.com\/noticias\/wp-content\/uploads\/2026\/04\/IMG-20260425-WA0245.jpg\"><img loading=\"lazy\" decoding=\"async\" width=\"1024\" height=\"677\" src=\"https:\/\/panamaimage.com\/noticias\/wp-content\/uploads\/2026\/04\/IMG-20260425-WA0245-1024x677.jpg\" alt=\"\" class=\"wp-image-5555\" title=\"\" srcset=\"https:\/\/panamaimage.com\/noticias\/wp-content\/uploads\/2026\/04\/IMG-20260425-WA0245-1024x677.jpg 1024w, https:\/\/panamaimage.com\/noticias\/wp-content\/uploads\/2026\/04\/IMG-20260425-WA0245-300x198.jpg 300w, https:\/\/panamaimage.com\/noticias\/wp-content\/uploads\/2026\/04\/IMG-20260425-WA0245-768x508.jpg 768w, https:\/\/panamaimage.com\/noticias\/wp-content\/uploads\/2026\/04\/IMG-20260425-WA0245.jpg 1080w\" sizes=\"auto, (max-width: 1024px) 100vw, 1024px\" \/><\/a><\/figure>\n","protected":false},"excerpt":{"rendered":"<p>M\u00e1s de 60 estudiantes sante\u00f1os recibieron becas para apoyar su permanencia en el sistema educativo. Panam\u00e1, 24 de abril de 2026. \u201cLos ni\u00f1os deben estar en el aula de clases, prepar\u00e1ndose para ser profesionales, porque son el futuro de Panam\u00e1 y merecen una educaci\u00f3n digna, sin distinci\u00f3n\u201d, expres\u00f3 la ministra de Trabajo y Desarrollo Laboral, [&hellip;]<\/p>\n","protected":false},"author":3,"featured_media":5556,"comment_status":"open","ping_status":"open","sticky":false,"template":"","format":"standard","meta":{"footnotes":""},"categories":[2],"tags":[],"class_list":["post-5554","post","type-post","status-publish","format-standard","has-post-thumbnail","hentry","category-nacionales"],"_links":{"self":[{"href":"https:\/\/panamaimage.com\/noticias\/wp-json\/wp\/v2\/posts\/5554","targetHints":{"allow":["GET"]}}],"collection":[{"href":"https:\/\/panamaimage.com\/noticias\/wp-json\/wp\/v2\/posts"}],"about":[{"href":"https:\/\/panamaimage.com\/noticias\/wp-json\/wp\/v2\/types\/post"}],"author":[{"embeddable":true,"href":"https:\/\/panamaimage.com\/noticias\/wp-json\/wp\/v2\/users\/3"}],"replies":[{"embeddable":true,"href":"https:\/\/panamaimage.com\/noticias\/wp-json\/wp\/v2\/comments?post=5554"}],"version-history":[{"count":1,"href":"https:\/\/panamaimage.com\/noticias\/wp-json\/wp\/v2\/posts\/5554\/revisions"}],"predecessor-version":[{"id":5561,"href":"https:\/\/panamaimage.com\/noticias\/wp-json\/wp\/v2\/posts\/5554\/revisions\/5561"}],"wp:featuredmedia":[{"embeddable":true,"href":"https:\/\/panamaimage.com\/noticias\/wp-json\/wp\/v2\/media\/5556"}],"wp:attachment":[{"href":"https:\/\/panamaimage.com\/noticias\/wp-json\/wp\/v2\/media?parent=5554"}],"wp:term":[{"taxonomy":"category","embeddable":true,"href":"https:\/\/panamaimage.com\/noticias\/wp-json\/wp\/v2\/categories?post=5554"},{"taxonomy":"post_tag","embeddable":true,"href":"https:\/\/panamaimage.com\/noticias\/wp-json\/wp\/v2\/tags?post=5554"}],"curies":[{"name":"wp","href":"https:\/\/api.w.org\/{rel}","templated":true}]}}