{"id":4849,"date":"2025-06-27T15:37:00","date_gmt":"2025-06-27T15:37:00","guid":{"rendered":"https:\/\/panamaimage.com\/noticias\/?p=4849"},"modified":"2025-07-04T15:39:47","modified_gmt":"2025-07-04T15:39:47","slug":"festival-internacional-de-musica-alfredo-de-saint-malo-2025-contara-con-doce-dias-de-actividad-musical","status":"publish","type":"post","link":"https:\/\/panamaimage.com\/noticias\/festival-internacional-de-musica-alfredo-de-saint-malo-2025-contara-con-doce-dias-de-actividad-musical\/","title":{"rendered":"Festival Internacional de M\u00fasica Alfredo de Saint Malo 2025 contar\u00e1 con doce d\u00edas de actividad musical"},"content":{"rendered":"\n<p><\/p>\n\n\n\n<p>\u00a1Comienza la cuenta regresiva para enaltecer la m\u00fasica acad\u00e9mica! Se acerca la decimonovena edici\u00f3n del Festival Internacional de M\u00fasica Acad\u00e9mica Alfredo de Saint Malo (ASMF), organizado por la Fundaci\u00f3n Sinfon\u00eda Concertante de Panam\u00e1 (FUNSINCOPA), con el valioso respaldo del Ministerio de Cultura. Bajo el lema \u201cRa\u00edces y Vanguardia\u201d, el festival se celebrar\u00e1 del 16 al 27 de julio de 2025 en distintos escenarios de la ciudad de Panam\u00e1, convirti\u00e9ndose en una verdadera fiesta de la m\u00fasica y la integraci\u00f3n cultural.<\/p>\n\n\n\n<p>Este gran encuentro art\u00edstico y educativo reunir\u00e1 a m\u00e1s de 500 participantes entre ni\u00f1os, j\u00f3venes, m\u00fasicos nacionales e internacionales, durante 12 d\u00edas de intensa actividad musical. La Ciudad de las Artes ser\u00e1 la sede acad\u00e9mica principal, y los conciertos se extender\u00e1n a espacios emblem\u00e1ticos como la Biblioteca Nacional, el Museo del Canal, el Teatro Balboa, el Colegio San Agust\u00edn y el Parlamento Latinoamericano y del Caribe.<\/p>\n\n\n\n<p>El festival ofrecer\u00e1 clases magistrales, conferencias y seminarios, con especialidades que abarcan cuerdas, maderas, metales, percusi\u00f3n, coro, producci\u00f3n y pedagog\u00eda musical. Reconocidos maestros de distintas partes del mundo se unir\u00e1n para fortalecer el escenario musical y formativo que ofrece Panam\u00e1.<\/p>\n\n\n\n<p>El ASMF se ha consolidado como una plataforma educativa y art\u00edstica sin precedentes en el pa\u00eds, y como uno de los eventos culturales m\u00e1s relevantes de Centroam\u00e9rica, impulsando becas, programas de formaci\u00f3n e intercambios internacionales promovidos por FUNSINCOPA.<\/p>\n\n\n\n<p>El Dr. Isaac Casal, Director Art\u00edstico del Festival, destac\u00f3 el ambicioso reto de este a\u00f1o: la presentaci\u00f3n de Carmina Burana, obra monumental para coro, orquesta y solistas, que no se interpreta completa en Panam\u00e1 desde 1990. Tambi\u00e9n se ha programado un concierto t\u00edpico sinf\u00f3nico, la participaci\u00f3n por primera vez de la Banda Nacional del Ministerio de Educaci\u00f3n (MEDUCA), bajo la direcci\u00f3n del maestro Irving Rodr\u00edguez, en colaboraci\u00f3n con el director estadounidense Kevin Segura, resaltando el valor de la cooperaci\u00f3n entre instituciones nacionales e internacionales. Adem\u00e1s, de una fusi\u00f3n entre Nuevo Tango y tango tradicional. El grupo nacional Paixaxe y el estreno del primer documental sobre el festival tambi\u00e9n formar\u00e1n parte de esta edici\u00f3n.<\/p>\n\n\n\n<p>El ASMF 2025 tambi\u00e9n presentar\u00e1 un documental en honor a la obra y legado del Maestro Roque Cordero, resaltando este gran esfuerzo. Adem\u00e1s, se interpretar\u00e1 una de sus obras para viol\u00edn y orquesta junto a la Orquesta Sinf\u00f3nica Nacional y la reconocida solista internacional Rachel Barton Pine, durante una de las programaciones del festival.<\/p>\n\n\n\n<p>Entre los cuatro conciertos orquestales programados, destaca Ra\u00edces y Armon\u00eda: La M\u00fasica de Nuestra Tierra, un homenaje a los compositores de m\u00fasica t\u00edpica paname\u00f1a Sergio Cort\u00e9s, Amable \u201cMabin\u201d Moreno y Alfredo Ch\u00e1vez, con arreglos del m\u00fasico paname\u00f1o Andr\u00e9s Carrizo y bajo la direcci\u00f3n del maestro Germ\u00e1n Pinz\u00f3n.<\/p>\n\n\n\n<p>Asimismo, el grupo uruguayo Che Papusa se presentar\u00e1 en el Museo del Canal, ofreciendo una tarde musical en el coraz\u00f3n del Casco Antiguo.<\/p>\n\n\n\n<p>El festival tambi\u00e9n contar\u00e1 con la Orquesta Juvenil del Festival y la Orquesta y Coro del Festival, reafirmando su compromiso con la formaci\u00f3n de las nuevas generaciones. Participar\u00e1n estudiantes de la Florida International University (FIU) y de otras instituciones, invitando a j\u00f3venes paname\u00f1os a integrarse en esta experiencia internacional junto a una Facultad Internacional de renombre.<\/p>\n\n\n\n<p>Entre los maestros invitados figuran representantes de la Orquesta Sinf\u00f3nica Nacional de Colombia, as\u00ed como artistas y pedagogos provenientes de Espa\u00f1a, Venezuela, Costa Rica, Argentina, Uruguay, Polonia y la Universidad de Arkansas, entre otros.<\/p>\n\n\n\n<p>\u201cEl objetivo es seguir promoviendo la m\u00fasica paname\u00f1a y latinoamericana en escenarios internacionales, brindar m\u00e1s oportunidades a nuestros j\u00f3venes m\u00fasicos, fortalecer los lazos de cooperaci\u00f3n art\u00edstica y otorgar becas que impulsen su desarrollo\u201d, explic\u00f3 Casal.<\/p>\n\n\n\n<p>Estas alianzas contribuyen a formar ciudadanos m\u00e1s emp\u00e1ticos, abiertos a diversas realidades, y dispuestos a trabajar por objetivos comunes. En esencia, el festival construye puentes entre culturas, generando valiosas oportunidades de aprendizaje que transforman vidas, puntualiz\u00f3 el Director Art\u00edstico del Festival.<\/p>\n\n\n\n<p>\u00bfD\u00f3nde conseguir los boletos?<\/p>\n\n\n\n<p>Con el fin de fomentar la cultura musical y dar a conocer el valioso talento del pa\u00eds y la integraci\u00f3n art\u00edstica internacional, la venta de boletos para los conciertos estar\u00e1 disponibles en Ticketplus. Los precios oscilan entre B\/.5.00 hasta B\/.45.00 dependiendo del concierto y la ubicaci\u00f3n.<\/p>\n\n\n\n<p>Orquesta del ASMF 2025<\/p>\n\n\n\n<p>La Orquesta del ASMF, tradicionalmente es la encargada del concierto de cierre. Es uno de los objetivos claves de esta gran celebraci\u00f3n que es parte de la Programaci\u00f3n Acad\u00e9mica del Festival (la Facultad ASMF, ofrece clases maestras, talleres, ensambles, seccionales en preparaci\u00f3n de la orquesta). La orquesta re\u00fane a m\u00fasicos, artistas y j\u00f3venes estudiantes, nacionales e internacionales con el director invitado Javier Mendoza (EE. UU) de Florida International University.<\/p>\n\n\n\n<p>El Programa Acad\u00e9mico del Festival ofrece el perfeccionamiento art\u00edstico y desarrollo profesional, y les permite interactuar con artistas extranjeros y obtener oportunidades de contactos en universidades del exterior y expandir sus propias carreras.<\/p>\n\n\n\n<p>El Festival de M\u00fasica Alfredo De Saint Malo, fue creado en 2007 por Isaac Casal con el respaldo de instituciones como la Orquesta J\u00f3venes de las Am\u00e9ricas y la Asociaci\u00f3n Nacional de Conciertos, es la principal actividad cultural de m\u00fasica cl\u00e1sica en Panam\u00e1 y una de las m\u00e1s antiguas de Centroam\u00e9rica.<\/p>\n\n\n\n<p>El festival promueve el intercambio art\u00edstico entre m\u00fasicos, estudiantes y profesionales nacionales e internacionales. Con 18 ediciones exitosas, incluyendo una virtual, el festival ha realizado 230 conciertos, atra\u00eddo 63,616 espectadores, y contado con la participaci\u00f3n de 36 pa\u00edses y 2,168 horas de actividades educativas.<\/p>\n\n\n\n<p>Este a\u00f1o nuevamente, a la misma vez que se desarrollan los conciertos en vivo y con p\u00fablico en los diferentes teatros, desde cualquier parte del mundo pueden conectarse al canal de Youtube de Fundaci\u00f3n Sinfon\u00eda Concertante de Panam\u00e1 y disfrutar virtualmente del festival.<\/p>\n\n\n\n<figure class=\"wp-block-image size-large\"><a href=\"https:\/\/panamaimage.com\/noticias\/wp-content\/uploads\/2025\/07\/IMG-20250704-WA0000.jpg\"><img loading=\"lazy\" decoding=\"async\" width=\"1024\" height=\"576\" src=\"https:\/\/panamaimage.com\/noticias\/wp-content\/uploads\/2025\/07\/IMG-20250704-WA0000-1024x576.jpg\" alt=\"\" class=\"wp-image-4850\" title=\"\" srcset=\"https:\/\/panamaimage.com\/noticias\/wp-content\/uploads\/2025\/07\/IMG-20250704-WA0000-1024x576.jpg 1024w, https:\/\/panamaimage.com\/noticias\/wp-content\/uploads\/2025\/07\/IMG-20250704-WA0000-300x169.jpg 300w, https:\/\/panamaimage.com\/noticias\/wp-content\/uploads\/2025\/07\/IMG-20250704-WA0000-768x432.jpg 768w, https:\/\/panamaimage.com\/noticias\/wp-content\/uploads\/2025\/07\/IMG-20250704-WA0000-1536x864.jpg 1536w, https:\/\/panamaimage.com\/noticias\/wp-content\/uploads\/2025\/07\/IMG-20250704-WA0000.jpg 1600w\" sizes=\"auto, (max-width: 1024px) 100vw, 1024px\" \/><\/a><\/figure>\n","protected":false},"excerpt":{"rendered":"<p>\u00a1Comienza la cuenta regresiva para enaltecer la m\u00fasica acad\u00e9mica! Se acerca la decimonovena edici\u00f3n del Festival Internacional de M\u00fasica Acad\u00e9mica Alfredo de Saint Malo (ASMF), organizado por la Fundaci\u00f3n Sinfon\u00eda Concertante de Panam\u00e1 (FUNSINCOPA), con el valioso respaldo del Ministerio de Cultura. Bajo el lema \u201cRa\u00edces y Vanguardia\u201d, el festival se celebrar\u00e1 del 16 al [&hellip;]<\/p>\n","protected":false},"author":3,"featured_media":4851,"comment_status":"open","ping_status":"open","sticky":false,"template":"","format":"standard","meta":{"footnotes":""},"categories":[1],"tags":[],"class_list":["post-4849","post","type-post","status-publish","format-standard","has-post-thumbnail","hentry","category-sin-categoria"],"_links":{"self":[{"href":"https:\/\/panamaimage.com\/noticias\/wp-json\/wp\/v2\/posts\/4849","targetHints":{"allow":["GET"]}}],"collection":[{"href":"https:\/\/panamaimage.com\/noticias\/wp-json\/wp\/v2\/posts"}],"about":[{"href":"https:\/\/panamaimage.com\/noticias\/wp-json\/wp\/v2\/types\/post"}],"author":[{"embeddable":true,"href":"https:\/\/panamaimage.com\/noticias\/wp-json\/wp\/v2\/users\/3"}],"replies":[{"embeddable":true,"href":"https:\/\/panamaimage.com\/noticias\/wp-json\/wp\/v2\/comments?post=4849"}],"version-history":[{"count":1,"href":"https:\/\/panamaimage.com\/noticias\/wp-json\/wp\/v2\/posts\/4849\/revisions"}],"predecessor-version":[{"id":4852,"href":"https:\/\/panamaimage.com\/noticias\/wp-json\/wp\/v2\/posts\/4849\/revisions\/4852"}],"wp:featuredmedia":[{"embeddable":true,"href":"https:\/\/panamaimage.com\/noticias\/wp-json\/wp\/v2\/media\/4851"}],"wp:attachment":[{"href":"https:\/\/panamaimage.com\/noticias\/wp-json\/wp\/v2\/media?parent=4849"}],"wp:term":[{"taxonomy":"category","embeddable":true,"href":"https:\/\/panamaimage.com\/noticias\/wp-json\/wp\/v2\/categories?post=4849"},{"taxonomy":"post_tag","embeddable":true,"href":"https:\/\/panamaimage.com\/noticias\/wp-json\/wp\/v2\/tags?post=4849"}],"curies":[{"name":"wp","href":"https:\/\/api.w.org\/{rel}","templated":true}]}}