{"id":4521,"date":"2025-04-01T23:07:53","date_gmt":"2025-04-01T23:07:53","guid":{"rendered":"https:\/\/panamaimage.com\/noticias\/?p=4521"},"modified":"2025-04-01T23:16:54","modified_gmt":"2025-04-01T23:16:54","slug":"martita-cornejo-presenta-ante-la-corte-suprema-de-justicia-una-demanda-que-impugna-la-aprobacion-de-miambiente-al-proyecto-puerto-baru-en-los-manglares-de-david","status":"publish","type":"post","link":"https:\/\/panamaimage.com\/noticias\/martita-cornejo-presenta-ante-la-corte-suprema-de-justicia-una-demanda-que-impugna-la-aprobacion-de-miambiente-al-proyecto-puerto-baru-en-los-manglares-de-david\/","title":{"rendered":"Martita Cornejo presenta ante la Corte Suprema de Justicia una demanda que impugna la aprobaci\u00f3n de MiAmbiente al Proyecto Puerto Bar\u00fa en los Manglares de David"},"content":{"rendered":"\n<p><\/p>\n\n\n\n<p><em>Ciudad de Panam\u00e1, 1 de abril de 2025.<\/em> La abogada ambiental Martita Cornejo, la misma que demand\u00f3 la inconstitucionalidad del Contrato-Ley Minero 406, present\u00f3 ante la Corte Suprema de Justicia (CSJ) una demanda que impugna la aprobaci\u00f3n del Ministerio de Ambiente (MiAmbiente) al Proyecto Puerto Bar\u00fa en los Manglares de David.<\/p>\n\n\n\n<p>Cornejo, como parte de la sociedad civil, present\u00f3 la demanda contencioso-administrativa de nulidad ante la Sala Tercera de la CSJ, pidiendo que se declare nula por ilegal, la Resoluci\u00f3n 003-2024, de 16 de enero de 2024, emitida por MiAmbiente y por la cual se aprueba el Estudio de Impacto Ambiental (EIA) de Puerto Bar\u00fa.<\/p>\n\n\n\n<p>La referida aprobaci\u00f3n del EIA por parte de MiAmbiente se dio a pesar de que dicho proyecto se pretende desarrollar en el \u00e1rea protegida de los Manglares de David, el cual adquiri\u00f3 esta condici\u00f3n por Acuerdo Municipal No. 21 de 2007, emitido por el Consejo Municipal del distrito de David, que declar\u00f3 que los Manglares de David son zona protegida.<\/p>\n\n\n\n<p>La Secci\u00f3n de \u00c1reas Protegidas y Biodiversidad de Chiriqu\u00ed dentro del expediente del EIA se\u00f1al\u00f3: \u201cLa ejecuci\u00f3n del proyecto dentro del \u00e1rea protegida puede provocar la afectaci\u00f3n de los servicios ecosist\u00e9micos que brindan los manglares de David\u201d.<br>\u201c\u2026 Se puede concluir que son zonas utilizadas por especies de fauna como sitio de reproducci\u00f3n, alimentaci\u00f3n y tr\u00e1nsito\u201d, entre otras importantes consideraciones.<\/p>\n\n\n\n<p>En tanto, la Direcci\u00f3n de Costas y Mares de MiAmbiente manifest\u00f3 que los cet\u00e1ceos presentes en la zona, especialmente la ballena jorobada, utiliza esta \u00e1rea marina para funciones de reproducci\u00f3n; individuos de dos poblaciones a lo largo del a\u00f1o utilizan el Golfo de Chiriqu\u00ed, por lo que la zona es considerada a nivel nacional como IMMA\u2019s \u00e1rea marina de protecci\u00f3n de mam\u00edferos marinos, a partir de 2022\u201d.<\/p>\n\n\n\n<p>Igualmente, detalla dicho informe que \u201cel desarrollo (operaci\u00f3n y mantenimiento) de la obra pone en riesgo a largo plazo los servicios ecosist\u00e9micos que brindan los manglares del \u00e1rea protegida, dado que las labores de dragados causar\u00e1n afectaci\u00f3n por erosi\u00f3n a esta zona que representa un h\u00e1bitat de importancia ecol\u00f3gica para cr\u00eda de muchas especies marino-costeras que puedan ser impactadas por las embarcaciones de alto calado, eventos de derrames, etc.\u201d.<\/p>\n\n\n\n<p>\u201cEs por todo lo anterior que tambi\u00e9n pedimos a la Sala Tercera de la Corte Suprema de Justicia que, ante el inicio de las obras del Proyecto Puerto Bar\u00fa, adopte la medida cautelar de suspensi\u00f3n de la Resoluci\u00f3n que aprob\u00f3 el Estudio de Impacto Ambiental de dicho proyecto, la cual atacamos de ilegal, pues estas obras pueden causar un da\u00f1o irreversible a la naturaleza y a las \u00e1reas protegidas de los Manglares de David\u201d, enfatiz\u00f3 la abogada Martita Cornejo.<\/p>\n\n\n\n<figure class=\"wp-block-embed is-type-video is-provider-youtube wp-block-embed-youtube wp-embed-aspect-16-9 wp-has-aspect-ratio\"><div class=\"wp-block-embed__wrapper\">\n<iframe loading=\"lazy\" title=\"Martita Cornejo presenta ante la Corte Suprema de Justicia una demanda\" width=\"640\" height=\"360\" src=\"https:\/\/www.youtube.com\/embed\/MzA1smZAd8M?feature=oembed\" frameborder=\"0\" allow=\"accelerometer; autoplay; clipboard-write; encrypted-media; gyroscope; picture-in-picture; web-share\" referrerpolicy=\"strict-origin-when-cross-origin\" allowfullscreen><\/iframe>\n<\/div><\/figure>\n\n\n\n<figure class=\"wp-block-image size-large\"><a href=\"https:\/\/panamaimage.com\/noticias\/wp-content\/uploads\/2025\/04\/IMG-20250401-WA0358.jpg\"><img loading=\"lazy\" decoding=\"async\" width=\"1024\" height=\"665\" src=\"https:\/\/panamaimage.com\/noticias\/wp-content\/uploads\/2025\/04\/IMG-20250401-WA0358-1024x665.jpg\" alt=\"\" class=\"wp-image-4528\" title=\"\" srcset=\"https:\/\/panamaimage.com\/noticias\/wp-content\/uploads\/2025\/04\/IMG-20250401-WA0358-1024x665.jpg 1024w, https:\/\/panamaimage.com\/noticias\/wp-content\/uploads\/2025\/04\/IMG-20250401-WA0358-300x195.jpg 300w, https:\/\/panamaimage.com\/noticias\/wp-content\/uploads\/2025\/04\/IMG-20250401-WA0358-768x499.jpg 768w, https:\/\/panamaimage.com\/noticias\/wp-content\/uploads\/2025\/04\/IMG-20250401-WA0358.jpg 1280w\" sizes=\"auto, (max-width: 1024px) 100vw, 1024px\" \/><\/a><\/figure>\n\n\n\n<figure class=\"wp-block-image size-large\"><a href=\"https:\/\/panamaimage.com\/noticias\/wp-content\/uploads\/2025\/04\/IMG-20250401-WA0357.jpg\"><img loading=\"lazy\" decoding=\"async\" width=\"1024\" height=\"661\" src=\"https:\/\/panamaimage.com\/noticias\/wp-content\/uploads\/2025\/04\/IMG-20250401-WA0357-1024x661.jpg\" alt=\"\" class=\"wp-image-4527\" title=\"\" srcset=\"https:\/\/panamaimage.com\/noticias\/wp-content\/uploads\/2025\/04\/IMG-20250401-WA0357-1024x661.jpg 1024w, https:\/\/panamaimage.com\/noticias\/wp-content\/uploads\/2025\/04\/IMG-20250401-WA0357-300x194.jpg 300w, https:\/\/panamaimage.com\/noticias\/wp-content\/uploads\/2025\/04\/IMG-20250401-WA0357-768x496.jpg 768w, https:\/\/panamaimage.com\/noticias\/wp-content\/uploads\/2025\/04\/IMG-20250401-WA0357.jpg 1280w\" sizes=\"auto, (max-width: 1024px) 100vw, 1024px\" \/><\/a><\/figure>\n\n\n\n<figure class=\"wp-block-image size-large\"><a href=\"https:\/\/panamaimage.com\/noticias\/wp-content\/uploads\/2025\/04\/IMG-20250131-WA06051.jpg\"><img loading=\"lazy\" decoding=\"async\" width=\"1024\" height=\"576\" src=\"https:\/\/panamaimage.com\/noticias\/wp-content\/uploads\/2025\/04\/IMG-20250131-WA06051-1024x576.jpg\" alt=\"\" class=\"wp-image-4525\" title=\"\" srcset=\"https:\/\/panamaimage.com\/noticias\/wp-content\/uploads\/2025\/04\/IMG-20250131-WA06051-1024x576.jpg 1024w, https:\/\/panamaimage.com\/noticias\/wp-content\/uploads\/2025\/04\/IMG-20250131-WA06051-300x169.jpg 300w, https:\/\/panamaimage.com\/noticias\/wp-content\/uploads\/2025\/04\/IMG-20250131-WA06051-768x432.jpg 768w, https:\/\/panamaimage.com\/noticias\/wp-content\/uploads\/2025\/04\/IMG-20250131-WA06051.jpg 1280w\" sizes=\"auto, (max-width: 1024px) 100vw, 1024px\" \/><\/a><\/figure>\n\n\n\n<figure class=\"wp-block-image size-large\"><a href=\"https:\/\/panamaimage.com\/noticias\/wp-content\/uploads\/2025\/04\/IMG-20250131-WA0604.jpg\"><img loading=\"lazy\" decoding=\"async\" width=\"1024\" height=\"682\" src=\"https:\/\/panamaimage.com\/noticias\/wp-content\/uploads\/2025\/04\/IMG-20250131-WA0604-1024x682.jpg\" alt=\"\" class=\"wp-image-4524\" title=\"\" srcset=\"https:\/\/panamaimage.com\/noticias\/wp-content\/uploads\/2025\/04\/IMG-20250131-WA0604-1024x682.jpg 1024w, https:\/\/panamaimage.com\/noticias\/wp-content\/uploads\/2025\/04\/IMG-20250131-WA0604-300x200.jpg 300w, https:\/\/panamaimage.com\/noticias\/wp-content\/uploads\/2025\/04\/IMG-20250131-WA0604-768x512.jpg 768w, https:\/\/panamaimage.com\/noticias\/wp-content\/uploads\/2025\/04\/IMG-20250131-WA0604.jpg 1280w\" sizes=\"auto, (max-width: 1024px) 100vw, 1024px\" \/><\/a><\/figure>\n\n\n\n<figure class=\"wp-block-image size-large\"><a href=\"https:\/\/panamaimage.com\/noticias\/wp-content\/uploads\/2025\/04\/IMG-20250401-WA0311.jpg\"><img loading=\"lazy\" decoding=\"async\" width=\"1024\" height=\"576\" src=\"https:\/\/panamaimage.com\/noticias\/wp-content\/uploads\/2025\/04\/IMG-20250401-WA0311-1024x576.jpg\" alt=\"\" class=\"wp-image-4522\" title=\"\" srcset=\"https:\/\/panamaimage.com\/noticias\/wp-content\/uploads\/2025\/04\/IMG-20250401-WA0311-1024x576.jpg 1024w, https:\/\/panamaimage.com\/noticias\/wp-content\/uploads\/2025\/04\/IMG-20250401-WA0311-300x169.jpg 300w, https:\/\/panamaimage.com\/noticias\/wp-content\/uploads\/2025\/04\/IMG-20250401-WA0311-768x432.jpg 768w, https:\/\/panamaimage.com\/noticias\/wp-content\/uploads\/2025\/04\/IMG-20250401-WA0311-1536x864.jpg 1536w, https:\/\/panamaimage.com\/noticias\/wp-content\/uploads\/2025\/04\/IMG-20250401-WA0311.jpg 1599w\" sizes=\"auto, (max-width: 1024px) 100vw, 1024px\" \/><\/a><\/figure>\n\n\n\n\n\n\n\n\n\n\n\n\n","protected":false},"excerpt":{"rendered":"<p>Ciudad de Panam\u00e1, 1 de abril de 2025. La abogada ambiental Martita Cornejo, la misma que demand\u00f3 la inconstitucionalidad del Contrato-Ley Minero 406, present\u00f3 ante la Corte Suprema de Justicia (CSJ) una demanda que impugna la aprobaci\u00f3n del Ministerio de Ambiente (MiAmbiente) al Proyecto Puerto Bar\u00fa en los Manglares de David. Cornejo, como parte de [&hellip;]<\/p>\n","protected":false},"author":3,"featured_media":4523,"comment_status":"open","ping_status":"open","sticky":false,"template":"","format":"standard","meta":{"footnotes":""},"categories":[404,2],"tags":[],"class_list":["post-4521","post","type-post","status-publish","format-standard","has-post-thumbnail","hentry","category-judiciales","category-nacionales"],"_links":{"self":[{"href":"https:\/\/panamaimage.com\/noticias\/wp-json\/wp\/v2\/posts\/4521","targetHints":{"allow":["GET"]}}],"collection":[{"href":"https:\/\/panamaimage.com\/noticias\/wp-json\/wp\/v2\/posts"}],"about":[{"href":"https:\/\/panamaimage.com\/noticias\/wp-json\/wp\/v2\/types\/post"}],"author":[{"embeddable":true,"href":"https:\/\/panamaimage.com\/noticias\/wp-json\/wp\/v2\/users\/3"}],"replies":[{"embeddable":true,"href":"https:\/\/panamaimage.com\/noticias\/wp-json\/wp\/v2\/comments?post=4521"}],"version-history":[{"count":2,"href":"https:\/\/panamaimage.com\/noticias\/wp-json\/wp\/v2\/posts\/4521\/revisions"}],"predecessor-version":[{"id":4542,"href":"https:\/\/panamaimage.com\/noticias\/wp-json\/wp\/v2\/posts\/4521\/revisions\/4542"}],"wp:featuredmedia":[{"embeddable":true,"href":"https:\/\/panamaimage.com\/noticias\/wp-json\/wp\/v2\/media\/4523"}],"wp:attachment":[{"href":"https:\/\/panamaimage.com\/noticias\/wp-json\/wp\/v2\/media?parent=4521"}],"wp:term":[{"taxonomy":"category","embeddable":true,"href":"https:\/\/panamaimage.com\/noticias\/wp-json\/wp\/v2\/categories?post=4521"},{"taxonomy":"post_tag","embeddable":true,"href":"https:\/\/panamaimage.com\/noticias\/wp-json\/wp\/v2\/tags?post=4521"}],"curies":[{"name":"wp","href":"https:\/\/api.w.org\/{rel}","templated":true}]}}