{"id":4484,"date":"2025-03-08T17:29:00","date_gmt":"2025-03-08T17:29:00","guid":{"rendered":"https:\/\/panamaimage.com\/noticias\/?p=4484"},"modified":"2025-03-13T17:35:23","modified_gmt":"2025-03-13T17:35:23","slug":"la-fundacion-amigs-de-buen-corazon-entrega-400-mochilas-a-estudiantes-de-los-santos","status":"publish","type":"post","link":"https:\/\/panamaimage.com\/noticias\/la-fundacion-amigs-de-buen-corazon-entrega-400-mochilas-a-estudiantes-de-los-santos\/","title":{"rendered":"La Fundaci\u00f3n Amigas de Buen Coraz\u00f3n entrega 400 mochilas a estudiantes de Los Santos"},"content":{"rendered":"\n<p><\/p>\n\n\n\n<p>M\u00e1s de 400 estudiantes de primaria del distrito de Los Santos se beneficiaron con la entrega de mochilas escolares, que por cuarto a\u00f1o consecutivo realiza la Fundaci\u00f3n Amig@s de Buen Coraz\u00f3n, un equipo que con compromiso, solidaridad, dedicaci\u00f3n y servicio a la comunidad paname\u00f1a, llev\u00f3 alegr\u00eda y sana diversi\u00f3n a estudiantes de las escuelas Nicanor Villalaz, Santa Ana, Llano Largo, El Gu\u00e1simo y El Ejido.<\/p>\n\n\n\n<p>Y es que en esta despedida escolar. los ni\u00f1os y ni\u00f1as no solo llevaron mochilas escolares a sus casas, sino que por espacio de varias horas disfrutaron de partidos de f\u00fatbol, tobog\u00e1n Inflable, y degustaron palomitas de ma\u00edz, algodones de az\u00facar, hot dog, refrescos y golosinas.<\/p>\n\n\n\n<p>Massiel Gonz\u00e1lez de Ruiloba, Presidente de la Fundaci\u00f3n Amig@s de Buen Coraz\u00f3n destac\u00f3 que \u201ceste es el cuarto a\u00f1o consecutivo que realizan esta actividad dirigida a la ni\u00f1ez sante\u00f1a, un arduo trabajo que requiere tiempo y organizaci\u00f3n, pero aqu\u00ed est\u00e1 el resultado\u201d, preciso Gonz\u00e1lez mientras se distribu\u00edan las mochilas escolares con \u00fatiles de calidad.<\/p>\n\n\n\n<p>Sostuvo que \u00e9sta es una ayuda especial para cada hogar, ya que hoy muchas madres y padres est\u00e1n pensando qu\u00e9 van a hacer, porque el costo de la vida est\u00e1 elevado, y anunci\u00f3 que este a\u00f1o tambi\u00e9n se entregaron mochilas a estudiantes con necesidades especiales.<\/p>\n\n\n\n<p>En tanto que, C\u00e9sar Ruiloba, miembro de la Fundaci\u00f3n Amig@s de Buen Coraz\u00f3n exterioriz\u00f3 su felicidad al poder aportar un granito de arena. \u201cEstamos dici\u00e9ndole a estos ni\u00f1os que a partir del lunes 10 van a tener unos compa\u00f1eros de viaje; adem\u00e1s de obsequiarles mochilas, se les envi\u00f3 un mensaje de positivismo recalcando que la \u00fanica forma de avanzar es a trav\u00e9s de la educaci\u00f3n.<\/p>\n\n\n\n<p>Adelant\u00f3 que a trav\u00e9s de la fundaci\u00f3n se le dar\u00e1 seguimiento al desarrollo de estos ni\u00f1os, y tambi\u00e9n se analizar\u00e1 la deserci\u00f3n escolar en el \u00e1rea.<\/p>\n\n\n\n<figure class=\"wp-block-image size-large\"><a href=\"https:\/\/panamaimage.com\/noticias\/wp-content\/uploads\/2025\/03\/IMG-20250310-WA0328.jpg\"><img loading=\"lazy\" decoding=\"async\" width=\"1024\" height=\"559\" src=\"https:\/\/panamaimage.com\/noticias\/wp-content\/uploads\/2025\/03\/IMG-20250310-WA0328-1024x559.jpg\" alt=\"\" class=\"wp-image-4487\" title=\"\" srcset=\"https:\/\/panamaimage.com\/noticias\/wp-content\/uploads\/2025\/03\/IMG-20250310-WA0328-1024x559.jpg 1024w, https:\/\/panamaimage.com\/noticias\/wp-content\/uploads\/2025\/03\/IMG-20250310-WA0328-300x164.jpg 300w, https:\/\/panamaimage.com\/noticias\/wp-content\/uploads\/2025\/03\/IMG-20250310-WA0328-768x419.jpg 768w, https:\/\/panamaimage.com\/noticias\/wp-content\/uploads\/2025\/03\/IMG-20250310-WA0328.jpg 1079w\" sizes=\"auto, (max-width: 1024px) 100vw, 1024px\" \/><\/a><\/figure>\n\n\n\n<figure class=\"wp-block-image size-large\"><a href=\"https:\/\/panamaimage.com\/noticias\/wp-content\/uploads\/2025\/03\/IMG-20250310-WA0330.jpg\"><img loading=\"lazy\" decoding=\"async\" width=\"1024\" height=\"573\" src=\"https:\/\/panamaimage.com\/noticias\/wp-content\/uploads\/2025\/03\/IMG-20250310-WA0330-1024x573.jpg\" alt=\"\" class=\"wp-image-4486\" title=\"\" srcset=\"https:\/\/panamaimage.com\/noticias\/wp-content\/uploads\/2025\/03\/IMG-20250310-WA0330-1024x573.jpg 1024w, https:\/\/panamaimage.com\/noticias\/wp-content\/uploads\/2025\/03\/IMG-20250310-WA0330-300x168.jpg 300w, https:\/\/panamaimage.com\/noticias\/wp-content\/uploads\/2025\/03\/IMG-20250310-WA0330-768x430.jpg 768w, https:\/\/panamaimage.com\/noticias\/wp-content\/uploads\/2025\/03\/IMG-20250310-WA0330-1536x860.jpg 1536w, https:\/\/panamaimage.com\/noticias\/wp-content\/uploads\/2025\/03\/IMG-20250310-WA0330.jpg 1600w\" sizes=\"auto, (max-width: 1024px) 100vw, 1024px\" \/><\/a><\/figure>\n\n\n\n<figure class=\"wp-block-image size-large\"><a href=\"https:\/\/panamaimage.com\/noticias\/wp-content\/uploads\/2025\/03\/IMG-20250310-WA0331.jpg\"><img loading=\"lazy\" decoding=\"async\" width=\"1024\" height=\"573\" src=\"https:\/\/panamaimage.com\/noticias\/wp-content\/uploads\/2025\/03\/IMG-20250310-WA0331-1024x573.jpg\" alt=\"\" class=\"wp-image-4485\" title=\"\" srcset=\"https:\/\/panamaimage.com\/noticias\/wp-content\/uploads\/2025\/03\/IMG-20250310-WA0331-1024x573.jpg 1024w, https:\/\/panamaimage.com\/noticias\/wp-content\/uploads\/2025\/03\/IMG-20250310-WA0331-300x168.jpg 300w, https:\/\/panamaimage.com\/noticias\/wp-content\/uploads\/2025\/03\/IMG-20250310-WA0331-768x430.jpg 768w, https:\/\/panamaimage.com\/noticias\/wp-content\/uploads\/2025\/03\/IMG-20250310-WA0331.jpg 1280w\" sizes=\"auto, (max-width: 1024px) 100vw, 1024px\" \/><\/a><\/figure>\n","protected":false},"excerpt":{"rendered":"<p>M\u00e1s de 400 estudiantes de primaria del distrito de Los Santos se beneficiaron con la entrega de mochilas escolares, que por cuarto a\u00f1o consecutivo realiza la Fundaci\u00f3n Amig@s de Buen Coraz\u00f3n, un equipo que con compromiso, solidaridad, dedicaci\u00f3n y servicio a la comunidad paname\u00f1a, llev\u00f3 alegr\u00eda y sana diversi\u00f3n a estudiantes de las escuelas Nicanor [&hellip;]<\/p>\n","protected":false},"author":3,"featured_media":4488,"comment_status":"open","ping_status":"open","sticky":false,"template":"","format":"standard","meta":{"footnotes":""},"categories":[2],"tags":[],"class_list":["post-4484","post","type-post","status-publish","format-standard","has-post-thumbnail","hentry","category-nacionales"],"_links":{"self":[{"href":"https:\/\/panamaimage.com\/noticias\/wp-json\/wp\/v2\/posts\/4484","targetHints":{"allow":["GET"]}}],"collection":[{"href":"https:\/\/panamaimage.com\/noticias\/wp-json\/wp\/v2\/posts"}],"about":[{"href":"https:\/\/panamaimage.com\/noticias\/wp-json\/wp\/v2\/types\/post"}],"author":[{"embeddable":true,"href":"https:\/\/panamaimage.com\/noticias\/wp-json\/wp\/v2\/users\/3"}],"replies":[{"embeddable":true,"href":"https:\/\/panamaimage.com\/noticias\/wp-json\/wp\/v2\/comments?post=4484"}],"version-history":[{"count":4,"href":"https:\/\/panamaimage.com\/noticias\/wp-json\/wp\/v2\/posts\/4484\/revisions"}],"predecessor-version":[{"id":4494,"href":"https:\/\/panamaimage.com\/noticias\/wp-json\/wp\/v2\/posts\/4484\/revisions\/4494"}],"wp:featuredmedia":[{"embeddable":true,"href":"https:\/\/panamaimage.com\/noticias\/wp-json\/wp\/v2\/media\/4488"}],"wp:attachment":[{"href":"https:\/\/panamaimage.com\/noticias\/wp-json\/wp\/v2\/media?parent=4484"}],"wp:term":[{"taxonomy":"category","embeddable":true,"href":"https:\/\/panamaimage.com\/noticias\/wp-json\/wp\/v2\/categories?post=4484"},{"taxonomy":"post_tag","embeddable":true,"href":"https:\/\/panamaimage.com\/noticias\/wp-json\/wp\/v2\/tags?post=4484"}],"curies":[{"name":"wp","href":"https:\/\/api.w.org\/{rel}","templated":true}]}}