{"id":4457,"date":"2025-03-06T22:35:29","date_gmt":"2025-03-06T22:35:29","guid":{"rendered":"https:\/\/panamaimage.com\/noticias\/?p=4457"},"modified":"2025-03-06T22:35:31","modified_gmt":"2025-03-06T22:35:31","slug":"entre-las-propuestas-de-modificaciones-al-proyecto-de-ley-163-de-reformas-a-la-ley-organica-de-la-caja-de-seguro-social-css","status":"publish","type":"post","link":"https:\/\/panamaimage.com\/noticias\/entre-las-propuestas-de-modificaciones-al-proyecto-de-ley-163-de-reformas-a-la-ley-organica-de-la-caja-de-seguro-social-css\/","title":{"rendered":"Entre las propuestas de modificaciones al proyecto de ley 163 de reformas a la Ley Org\u00e1nica de la Caja de Seguro Social (CSS"},"content":{"rendered":"\n<p>Entre las propuestas de modificaciones al proyecto de ley 163 de reformas a la Ley Org\u00e1nica de la Caja de Seguro Social (CSS), no se incluyen aumentos a la edad de jubilaci\u00f3n para ning\u00fan sector o actividad laboral del pa\u00eds.<\/p>\n\n\n\n<p>En ese sentido, se propone crear una comisi\u00f3n tripartita que dentro de 6 a\u00f1os revisar\u00e1 el estado financiero del programa de Invalidez, Vejez y Muerte (IVM) y sus alternativas para mantener su solidez y capacidad de pago de pensiones.<\/p>\n\n\n\n<p>Es importante resaltar que el proyecto de ley, en su versi\u00f3n original, ni las modificaciones sugeridas por los honorables diputados, sugieren cambios en las condiciones y beneficios vigentes del Plan de Retiro Anticipado Autofinanciable (PRAA) para los educadores al servicio del Ministerio de Educaci\u00f3n y del IPHE.<\/p>\n\n\n\n<p>Todos los derechos, beneficios y requisitos actuales del PRAA se mantienen, tal como fueron establecidos mediante la Ley No.54 de 27 de diciembre de 2000, con la finalidad de conceder a los educadores una pensi\u00f3n mensual temporal adelantada a los 52 a\u00f1os y 6 meses las mujeres y a los 56 a\u00f1os los hombres, hasta que alcancen la edad m\u00ednima legal para tener derecho a la pensi\u00f3n de vejez de la Caja de Seguro Social, con base en su escala salarial actual.<\/p>\n\n\n\n<p>La Ley dispone que el monto de la pensi\u00f3n de retiro anticipado temporal o pensi\u00f3n puente es el equivalente al ochenta y cinco por ciento (85%) del salario promedio de los siete mejores a\u00f1os laborados en el Ministerio de Educaci\u00f3n o en el Instituto Paname\u00f1o de Habilitaci\u00f3n Especial.<\/p>\n\n\n\n<p>El periodo m\u00e1ximo del beneficio del PRAA es de cuatro a\u00f1os y seis meses para las mujeres y de seis a\u00f1os para los hombres.<\/p>\n\n\n\n<p>Los educadores que no se acogen a la pensi\u00f3n de retiro anticipado temporal y optan por seguir laborando reciben, al momento en que decidan acogerse a este retiro, en un pago \u00fanico un porcentaje del monto total de las mensualidades de la pensi\u00f3n de retiro anticipado temporal.<\/p>\n\n\n\n<p>Rechazamos las especulaciones infundadas que pretenden sembrar confusi\u00f3n y desasosiego en este importante gremio.<\/p>\n\n\n\n<p><\/p>\n","protected":false},"excerpt":{"rendered":"<p>Entre las propuestas de modificaciones al proyecto de ley 163 de reformas a la Ley Org\u00e1nica de la Caja de Seguro Social (CSS), no se incluyen aumentos a la edad de jubilaci\u00f3n para ning\u00fan sector o actividad laboral del pa\u00eds. En ese sentido, se propone crear una comisi\u00f3n tripartita que dentro de 6 a\u00f1os revisar\u00e1 [&hellip;]<\/p>\n","protected":false},"author":3,"featured_media":4458,"comment_status":"open","ping_status":"open","sticky":false,"template":"","format":"standard","meta":{"footnotes":""},"categories":[2],"tags":[],"class_list":["post-4457","post","type-post","status-publish","format-standard","has-post-thumbnail","hentry","category-nacionales"],"_links":{"self":[{"href":"https:\/\/panamaimage.com\/noticias\/wp-json\/wp\/v2\/posts\/4457","targetHints":{"allow":["GET"]}}],"collection":[{"href":"https:\/\/panamaimage.com\/noticias\/wp-json\/wp\/v2\/posts"}],"about":[{"href":"https:\/\/panamaimage.com\/noticias\/wp-json\/wp\/v2\/types\/post"}],"author":[{"embeddable":true,"href":"https:\/\/panamaimage.com\/noticias\/wp-json\/wp\/v2\/users\/3"}],"replies":[{"embeddable":true,"href":"https:\/\/panamaimage.com\/noticias\/wp-json\/wp\/v2\/comments?post=4457"}],"version-history":[{"count":1,"href":"https:\/\/panamaimage.com\/noticias\/wp-json\/wp\/v2\/posts\/4457\/revisions"}],"predecessor-version":[{"id":4459,"href":"https:\/\/panamaimage.com\/noticias\/wp-json\/wp\/v2\/posts\/4457\/revisions\/4459"}],"wp:featuredmedia":[{"embeddable":true,"href":"https:\/\/panamaimage.com\/noticias\/wp-json\/wp\/v2\/media\/4458"}],"wp:attachment":[{"href":"https:\/\/panamaimage.com\/noticias\/wp-json\/wp\/v2\/media?parent=4457"}],"wp:term":[{"taxonomy":"category","embeddable":true,"href":"https:\/\/panamaimage.com\/noticias\/wp-json\/wp\/v2\/categories?post=4457"},{"taxonomy":"post_tag","embeddable":true,"href":"https:\/\/panamaimage.com\/noticias\/wp-json\/wp\/v2\/tags?post=4457"}],"curies":[{"name":"wp","href":"https:\/\/api.w.org\/{rel}","templated":true}]}}