{"id":4379,"date":"2025-02-26T21:42:38","date_gmt":"2025-02-26T21:42:38","guid":{"rendered":"https:\/\/panamaimage.com\/noticias\/?p=4379"},"modified":"2025-02-26T21:42:39","modified_gmt":"2025-02-26T21:42:39","slug":"la-attt-implementa-operativo-de-seguridad-vialpara-el-carnaval-2025","status":"publish","type":"post","link":"https:\/\/panamaimage.com\/noticias\/la-attt-implementa-operativo-de-seguridad-vialpara-el-carnaval-2025\/","title":{"rendered":"La ATTT implementa operativo de seguridad vialpara el Carnaval 2025"},"content":{"rendered":"\n<p><\/p>\n\n\n\n<p>Ciudad de Panam\u00e1, 26 de febrero, 2025. La Autoridad de Tr\u00e1nsito y Transporte Terrestre (ATTT) anuncia el despliegue de un operativo a nivel nacional para garantizar la seguridad vial durante las festividades del Carnaval 2025.<br>\u201cLa seguridad de los ciudadanos es nuestra prioridad durante el Carnaval 2025. Hemos dise\u00f1ado un operativo que incluye la inversi\u00f3n de carriles, la presencia de inspectores en puntos estrat\u00e9gicos, y la implementaci\u00f3n de puntos de aforo para monitorear el flujo vehicular. Hacemos un llamado a la responsabilidad de los conductores y peatones para que juntos disfrutemos de unas festividades seguras\u00bb, asegur\u00f3 Jorge Luis Abrego, director general de la ATTT.<br>Para el Carnaval 2025, se prev\u00e9 superar los 146,466 veh\u00edculos que circularon en el Carnaval 2024. Se espera un notable desplazamiento de veh\u00edculos durante los d\u00edas viernes 28 de febrero y s\u00e1bado 1 de marzo, con una alta concentraci\u00f3n de usuarios hacia Panam\u00e1 Oeste, las provincias centrales, Veraguas y Chiriqu\u00ed.<br>Por lo que la ATTT implementar\u00e1 un operativo din\u00e1mico de inversi\u00f3n de carriles en tramos clave de la Carretera Panamericana.<br>\u2022 Hacia el interior del pa\u00eds: 12:00 p.m. a 8:00 p.m. los d\u00edas 28 de febrero y 1 de marzo de 2025.<br>\u2022 Retorno: 7:00 a.m. a 6:00 p.m. los d\u00edas 4 y 5 de marzo, sujeto a ajustes seg\u00fan el flujo vehicular.<br>Para garantizar el cumplimiento de las normas de tr\u00e1nsito y brindar asistencia, estar\u00e1n desplegados 170 inspectores de la ATTT a nivel nacional y 805 unidades de la Direcci\u00f3n Nacional de Operaciones de Tr\u00e1nsito (DNOT) de la Polic\u00eda Nacional.<br>Se establecer\u00e1n puntos de aforo en zonas estrat\u00e9gicas para monitorear el flujo vehicular:<br>\u2022 Sajalices: Monitoreo del sector oeste y playas.<br>\u2022 Santa Mar\u00eda: Monitoreo de la afluencia hacia Azuero.<br>\u2022 Divisa: Monitoreo de la afluencia hacia Veraguas y Chiriqu\u00ed.<br>\u2022 Las Garzas: Monitoreo del sector este del pa\u00eds.<br>Durante el Operativo del Carnaval 2024 se registraron 400 accidentes vehiculares. Lamentablemente, se reportaron cinco v\u00edctimas fatales debido a atropellos y colisiones en San Miguelito, Los Santos, Las Palmas de Veraguas y La Chorrera. Adem\u00e1s, 162 personas resultaron lesionadas durante las festividades. En cuanto a los veh\u00edculos, 938 fueron removidos de las v\u00edas por gr\u00faas como parte del operativo. La ATTT trabaja para reducir estas cifras, con el objetivo de que en el futuro no haya v\u00edctimas ni accidentes, garantizando la seguridad de todos en las v\u00edas.<br>Recomendaciones<br>Hacemos un llamado a los conductores a seguir estas recomendaciones para disfrutar de un viaje seguro:<br>\u2022 Planificar su viaje y salir con anticipaci\u00f3n.<br>\u2022 Respetar los l\u00edmites de velocidad y las se\u00f1ales de tr\u00e1nsito.<br>\u2022 No conducir bajo los efectos del alcohol.<br>\u2022 Revisar el estado mec\u00e1nico de los veh\u00edculos antes de viajar.<br>\u2022 Evitar distracciones como el uso del tel\u00e9fono m\u00f3vil, para mantenerse concentrado en la conducci\u00f3n.<br>\u2022 Si el viaje es largo, hacer descansos para evitar la fatiga y mantener la atenci\u00f3n al volante.<br>\u2022 Usar el cintur\u00f3n de seguridad.<br>A los peatones, se les recuerda:<br>\u2022 Mantener la precauci\u00f3n al cruzar las calles.<br>\u2022 Cruzar por las zonas designadas para peatones siempre que sea posible y respetar las se\u00f1ales de tr\u00e1nsito.<br>\u2022 Evitar el uso del tel\u00e9fono m\u00f3vil y auricular al caminar, para mantenerse alerta al entorno y a los veh\u00edculos.<br>\u2022 Usar ropa clara o reflectante en horas de la noche o en condiciones de poca luz para ser m\u00e1s visible para los conductores.<br>\u2022 Mirar a ambos lados antes de cruzar, incluso si el sem\u00e1foro est\u00e1 en verde para los peatones.<br>\u2022 Evitar cruzar calles de manera intempestiva o entre los veh\u00edculos en movimiento.<br>\u2022 Tener precauci\u00f3n al caminar cerca de veh\u00edculos estacionados, ya que estos podr\u00edan salir de manera repentina.<br>La ATTT reitera su compromiso con la seguridad vial y exhorta a la ciudadan\u00eda a disfrutar de las festividades de manera responsable, priorizando siempre su seguridad y la de los dem\u00e1s en las v\u00edas. La seguridad vial es responsabilidad de todos.<\/p>\n\n\n\n<p>COMUNICADO<\/p>\n\n\n\n<p>La Autoridad del Tr\u00e1nsito y Transporte Terrestre (ATTT), en coordinaci\u00f3n con la Direcci\u00f3n de Operaciones de Tr\u00e1nsito de la Polic\u00eda Nacional, informa que:<br>Desde el viernes 28 de febrero de 2025 a las 12:00 p.m. hasta el jueves 6 de marzo a las 5:00 a.m., se suspenden todas las obras y trabajos de construcci\u00f3n que ocupen los carriles de circulaci\u00f3n en las siguientes v\u00edas:<br>Carretera Panamericana (ruta de la Autopista Arraij\u00e1n &#8211; Chorrera):<br>\u2022 Desde la av. de los M\u00e1rtires (l\u00edmite con el viaducto de la av. 3 de Noviembre) hasta la frontera en Paso Canoas.<br>\u2022 Desde la v\u00eda Centenario (l\u00edmite con el acceso al relleno sanitario pr\u00f3ximo al Rod Carew) hasta la frontera en Paso Canoas.<br>Otras rutas:<br>\u2022 Desde la intersecci\u00f3n del Corredor Sur hasta Chepo Centro.<br>\u2022 Desde Divisa hasta Las Tablas, Carretera Nacional.<br>\u2022 Av. Sim\u00f3n Bol\u00edvar y carretera Trans\u00edstmica.<br>\u2022 Cinta Costera, av.Balboa y v\u00eda Israel.<br>Esta medida busca garantizar un tr\u00e1nsito m\u00e1s seguro y fluido durante los d\u00edas de Carnaval.<br>Agradecemos su colaboraci\u00f3n y les recomendamos manejar con precauci\u00f3n y responsabilidad.<\/p>\n\n\n\n<p>Panam\u00e1, 25 de febrero de 2025<\/p>\n\n\n\n<p>COMUNICADO<\/p>\n\n\n\n<p>La Autoridad de Tr\u00e1nsito y Transporte Terrestre informa a los conductores de equipo pesado que, por motivo de las fiestas de carnaval, se proh\u00edbe la circulaci\u00f3n de veh\u00edculos de carga sobredimensionados en todo el territorio nacional.<br>Per\u00edodo de restricci\u00f3n:<br>Desde: 12:00 m.d del viernes 28 de febrero de 2025.<br>Hasta: 6:00 a.m del jueves 6 de marzo de 2025.<br>Solo podr\u00e1n circular los veh\u00edculos de carga que NO superen estas medidas:<br>\u2022 Ancho: 2.50 metros<br>\u2022 Largo: 20 metros<br>\u2022 Alto: 4.15 metros<br>Excepciones: Volquetes, cisternas y furgones podr\u00e1n circular de manera regular sin mayores restricciones.<br>Agradecemos su colaboraci\u00f3n para garantizar un tr\u00e1nsito seguro y ordenado durante estas festividades<\/p>\n\n\n\n<figure class=\"wp-block-image size-large\"><a href=\"https:\/\/panamaimage.com\/noticias\/wp-content\/uploads\/2025\/02\/IMG-20250226-WA0162.jpg\"><img loading=\"lazy\" decoding=\"async\" width=\"1024\" height=\"683\" src=\"https:\/\/panamaimage.com\/noticias\/wp-content\/uploads\/2025\/02\/IMG-20250226-WA0162-1024x683.jpg\" alt=\"\" class=\"wp-image-4380\" title=\"\" srcset=\"https:\/\/panamaimage.com\/noticias\/wp-content\/uploads\/2025\/02\/IMG-20250226-WA0162-1024x683.jpg 1024w, https:\/\/panamaimage.com\/noticias\/wp-content\/uploads\/2025\/02\/IMG-20250226-WA0162-300x200.jpg 300w, https:\/\/panamaimage.com\/noticias\/wp-content\/uploads\/2025\/02\/IMG-20250226-WA0162-768x512.jpg 768w, https:\/\/panamaimage.com\/noticias\/wp-content\/uploads\/2025\/02\/IMG-20250226-WA0162-1536x1024.jpg 1536w, https:\/\/panamaimage.com\/noticias\/wp-content\/uploads\/2025\/02\/IMG-20250226-WA0162.jpg 1599w\" sizes=\"auto, (max-width: 1024px) 100vw, 1024px\" \/><\/a><\/figure>\n","protected":false},"excerpt":{"rendered":"<p>Ciudad de Panam\u00e1, 26 de febrero, 2025. La Autoridad de Tr\u00e1nsito y Transporte Terrestre (ATTT) anuncia el despliegue de un operativo a nivel nacional para garantizar la seguridad vial durante las festividades del Carnaval 2025.\u201cLa seguridad de los ciudadanos es nuestra prioridad durante el Carnaval 2025. Hemos dise\u00f1ado un operativo que incluye la inversi\u00f3n de [&hellip;]<\/p>\n","protected":false},"author":3,"featured_media":4381,"comment_status":"open","ping_status":"open","sticky":false,"template":"","format":"standard","meta":{"footnotes":""},"categories":[1],"tags":[],"class_list":["post-4379","post","type-post","status-publish","format-standard","has-post-thumbnail","hentry","category-sin-categoria"],"_links":{"self":[{"href":"https:\/\/panamaimage.com\/noticias\/wp-json\/wp\/v2\/posts\/4379","targetHints":{"allow":["GET"]}}],"collection":[{"href":"https:\/\/panamaimage.com\/noticias\/wp-json\/wp\/v2\/posts"}],"about":[{"href":"https:\/\/panamaimage.com\/noticias\/wp-json\/wp\/v2\/types\/post"}],"author":[{"embeddable":true,"href":"https:\/\/panamaimage.com\/noticias\/wp-json\/wp\/v2\/users\/3"}],"replies":[{"embeddable":true,"href":"https:\/\/panamaimage.com\/noticias\/wp-json\/wp\/v2\/comments?post=4379"}],"version-history":[{"count":1,"href":"https:\/\/panamaimage.com\/noticias\/wp-json\/wp\/v2\/posts\/4379\/revisions"}],"predecessor-version":[{"id":4382,"href":"https:\/\/panamaimage.com\/noticias\/wp-json\/wp\/v2\/posts\/4379\/revisions\/4382"}],"wp:featuredmedia":[{"embeddable":true,"href":"https:\/\/panamaimage.com\/noticias\/wp-json\/wp\/v2\/media\/4381"}],"wp:attachment":[{"href":"https:\/\/panamaimage.com\/noticias\/wp-json\/wp\/v2\/media?parent=4379"}],"wp:term":[{"taxonomy":"category","embeddable":true,"href":"https:\/\/panamaimage.com\/noticias\/wp-json\/wp\/v2\/categories?post=4379"},{"taxonomy":"post_tag","embeddable":true,"href":"https:\/\/panamaimage.com\/noticias\/wp-json\/wp\/v2\/tags?post=4379"}],"curies":[{"name":"wp","href":"https:\/\/api.w.org\/{rel}","templated":true}]}}