{"id":4362,"date":"2025-02-22T01:34:31","date_gmt":"2025-02-22T01:34:31","guid":{"rendered":"https:\/\/panamaimage.com\/noticias\/?p=4362"},"modified":"2025-02-22T01:34:33","modified_gmt":"2025-02-22T01:34:33","slug":"canal-de-panama-recibe-al-hoegh-aurora-el-portavehiculos-mas-grande-del-mundo","status":"publish","type":"post","link":"https:\/\/panamaimage.com\/noticias\/canal-de-panama-recibe-al-hoegh-aurora-el-portavehiculos-mas-grande-del-mundo\/","title":{"rendered":"Canal de Panam\u00e1 recibe al Hoegh Aurora, el portaveh\u00edculos m\u00e1s grande del mundo"},"content":{"rendered":"\n<p><\/p>\n\n\n\n<p>Ciudad de Panam\u00e1, 21 de febrero de 2025 \u2013 El Canal de Panam\u00e1 reafirm\u00f3 su posici\u00f3n como eje clave en el comercio mar\u00edtimo internacional con el tr\u00e1nsito hoy del buque Hoegh Aurora, el portaveh\u00edculos m\u00e1s grande del mundo, de la l\u00ednea naviera H\u00f6egh Autoliners.<\/p>\n\n\n\n<p>Este acontecimiento resalta la capacidad de la v\u00eda interoce\u00e1nica para manejar los buques m\u00e1s grandes y modernos, consolidando su papel en la log\u00edstica y el comercio internacional.<\/p>\n\n\n\n<p>El Hoegh Aurora cuenta con una eslora de 199.9 metros y una manga de 37.5 metros, adem\u00e1s de una capacidad de carga de 9,100 CEU (Car Equivalent Units). Este buque, construido en 2024 y registrado bajo bandera de Noruega, inici\u00f3 su traves\u00eda en Asia, con origen en China, Corea y Jap\u00f3n, y tiene como destino Jamaica, M\u00e9xico y el Golfo de los Estados Unidos.<\/p>\n\n\n\n<p>H\u00f6egh Autoliners desarroll\u00f3 la clase de buques Aurora con los cuales buscan la transici\u00f3n de los combustibles convencionales a alternativas sostenibles.<\/p>\n\n\n\n<p>El tr\u00e1nsito del Hoegh Aurora por el Canal de Panam\u00e1 es testimonio de la eficiencia y confiabilidad de la ruta, atributos que han sido posibles gracias al esfuerzo y compromiso continuo de los trabajadores del Canal. Su dedicaci\u00f3n garantiza la operaci\u00f3n segura y eficiente de la v\u00eda interoce\u00e1nica, facilitando el tr\u00e1nsito de buques de \u00faltima generaci\u00f3n que impulsan el comercio mundial.<\/p>\n\n\n\n<p>El Hoegh Aurora supera en capacidad al portaveh\u00edculos m\u00e1s grande que hab\u00eda transitado la v\u00eda interoce\u00e1nica, el Hoegh Target, con capacidad para 8,500 veh\u00edculos y tuvo su tr\u00e1nsito inaugural en 2016.<\/p>\n\n\n\n<p>El Administrador del Canal de Panam\u00e1, Ricaurte V\u00e1squez Morales, y el vicepresidente de Operaciones, Boris Moreno, entregaron un reconocimiento al buque Hoegh Aurora por su tr\u00e1nsito inaugural por la v\u00eda interoce\u00e1nica.<\/p>\n\n\n\n<p>\u201cEste tr\u00e1nsito reafirma la eficiencia y solidez de la v\u00eda interoce\u00e1nica como una ruta clave para el comercio global, destacando el compromiso y la dedicaci\u00f3n de su fuerza laboral\u201d, se\u00f1al\u00f3 el Administrador del Canal.<\/p>\n\n\n\n<p>El Canal de Panam\u00e1 contin\u00faa evolucionando para atender la demanda del comercio mar\u00edtimo y reafirma su compromiso de ofrecer un servicio seguro, eficiente y seguro para la comunidad mar\u00edtima mundial.<\/p>\n\n\n\n<figure class=\"wp-block-image size-large\"><a href=\"https:\/\/panamaimage.com\/noticias\/wp-content\/uploads\/2025\/02\/IMG-20250221-WA0464.jpg\"><img loading=\"lazy\" decoding=\"async\" width=\"1024\" height=\"683\" src=\"https:\/\/panamaimage.com\/noticias\/wp-content\/uploads\/2025\/02\/IMG-20250221-WA0464-1024x683.jpg\" alt=\"\" class=\"wp-image-4364\" title=\"\" srcset=\"https:\/\/panamaimage.com\/noticias\/wp-content\/uploads\/2025\/02\/IMG-20250221-WA0464-1024x683.jpg 1024w, https:\/\/panamaimage.com\/noticias\/wp-content\/uploads\/2025\/02\/IMG-20250221-WA0464-300x200.jpg 300w, https:\/\/panamaimage.com\/noticias\/wp-content\/uploads\/2025\/02\/IMG-20250221-WA0464-768x512.jpg 768w, https:\/\/panamaimage.com\/noticias\/wp-content\/uploads\/2025\/02\/IMG-20250221-WA0464-1536x1024.jpg 1536w, https:\/\/panamaimage.com\/noticias\/wp-content\/uploads\/2025\/02\/IMG-20250221-WA0464.jpg 1600w\" sizes=\"auto, (max-width: 1024px) 100vw, 1024px\" \/><\/a><\/figure>\n\n\n\n<figure class=\"wp-block-image size-large\"><a href=\"https:\/\/panamaimage.com\/noticias\/wp-content\/uploads\/2025\/02\/IMG-20250221-WA0465.jpg\"><img loading=\"lazy\" decoding=\"async\" width=\"1024\" height=\"683\" src=\"https:\/\/panamaimage.com\/noticias\/wp-content\/uploads\/2025\/02\/IMG-20250221-WA0465-1024x683.jpg\" alt=\"\" class=\"wp-image-4365\" title=\"\" srcset=\"https:\/\/panamaimage.com\/noticias\/wp-content\/uploads\/2025\/02\/IMG-20250221-WA0465-1024x683.jpg 1024w, https:\/\/panamaimage.com\/noticias\/wp-content\/uploads\/2025\/02\/IMG-20250221-WA0465-300x200.jpg 300w, https:\/\/panamaimage.com\/noticias\/wp-content\/uploads\/2025\/02\/IMG-20250221-WA0465-768x512.jpg 768w, https:\/\/panamaimage.com\/noticias\/wp-content\/uploads\/2025\/02\/IMG-20250221-WA0465-1536x1025.jpg 1536w, https:\/\/panamaimage.com\/noticias\/wp-content\/uploads\/2025\/02\/IMG-20250221-WA0465.jpg 1599w\" sizes=\"auto, (max-width: 1024px) 100vw, 1024px\" \/><\/a><\/figure>\n","protected":false},"excerpt":{"rendered":"<p>Ciudad de Panam\u00e1, 21 de febrero de 2025 \u2013 El Canal de Panam\u00e1 reafirm\u00f3 su posici\u00f3n como eje clave en el comercio mar\u00edtimo internacional con el tr\u00e1nsito hoy del buque Hoegh Aurora, el portaveh\u00edculos m\u00e1s grande del mundo, de la l\u00ednea naviera H\u00f6egh Autoliners. Este acontecimiento resalta la capacidad de la v\u00eda interoce\u00e1nica para manejar [&hellip;]<\/p>\n","protected":false},"author":3,"featured_media":4363,"comment_status":"open","ping_status":"open","sticky":false,"template":"","format":"standard","meta":{"footnotes":""},"categories":[2],"tags":[532],"class_list":["post-4362","post","type-post","status-publish","format-standard","has-post-thumbnail","hentry","category-nacionales","tag-canal-de-panama-recibe-al-hoegh-aurora"],"_links":{"self":[{"href":"https:\/\/panamaimage.com\/noticias\/wp-json\/wp\/v2\/posts\/4362","targetHints":{"allow":["GET"]}}],"collection":[{"href":"https:\/\/panamaimage.com\/noticias\/wp-json\/wp\/v2\/posts"}],"about":[{"href":"https:\/\/panamaimage.com\/noticias\/wp-json\/wp\/v2\/types\/post"}],"author":[{"embeddable":true,"href":"https:\/\/panamaimage.com\/noticias\/wp-json\/wp\/v2\/users\/3"}],"replies":[{"embeddable":true,"href":"https:\/\/panamaimage.com\/noticias\/wp-json\/wp\/v2\/comments?post=4362"}],"version-history":[{"count":1,"href":"https:\/\/panamaimage.com\/noticias\/wp-json\/wp\/v2\/posts\/4362\/revisions"}],"predecessor-version":[{"id":4366,"href":"https:\/\/panamaimage.com\/noticias\/wp-json\/wp\/v2\/posts\/4362\/revisions\/4366"}],"wp:featuredmedia":[{"embeddable":true,"href":"https:\/\/panamaimage.com\/noticias\/wp-json\/wp\/v2\/media\/4363"}],"wp:attachment":[{"href":"https:\/\/panamaimage.com\/noticias\/wp-json\/wp\/v2\/media?parent=4362"}],"wp:term":[{"taxonomy":"category","embeddable":true,"href":"https:\/\/panamaimage.com\/noticias\/wp-json\/wp\/v2\/categories?post=4362"},{"taxonomy":"post_tag","embeddable":true,"href":"https:\/\/panamaimage.com\/noticias\/wp-json\/wp\/v2\/tags?post=4362"}],"curies":[{"name":"wp","href":"https:\/\/api.w.org\/{rel}","templated":true}]}}