{"id":4220,"date":"2025-01-10T09:22:00","date_gmt":"2025-01-10T09:22:00","guid":{"rendered":"https:\/\/panamaimage.com\/noticias\/?p=4220"},"modified":"2025-01-15T21:32:17","modified_gmt":"2025-01-15T21:32:17","slug":"banconal-promueve-sus-servicios-en-boquete-y-da-inicio-al-calendario-de-ferias","status":"publish","type":"post","link":"https:\/\/panamaimage.com\/noticias\/banconal-promueve-sus-servicios-en-boquete-y-da-inicio-al-calendario-de-ferias\/","title":{"rendered":"Banconal promueve sus servicios en Boquete y da inicio al calendario de ferias"},"content":{"rendered":"\n<p>Reafirma su compromiso con la regi\u00f3n occidental<\/p>\n\n\n\n<p><em>Banconal promueve sus servicios en Boquete y da inicio al calendario de ferias<\/em><\/p>\n\n\n\n<ul class=\"wp-block-list\">\n<li>La entidad tiene presupuestado desembolsos por un monto de B\/.145.8 millones para apoyar, durante el 2025, los sectores econ\u00f3micos de Chiriqu\u00ed y Bocas del Toro.<\/li>\n<\/ul>\n\n\n\n<p><em>Chiriqu\u00ed, 8 de enero de 2025.<\/em> Con gran expectativa, Banco Nacional de Panam\u00e1 (Banconal) reafirma su compromiso con Chiriqu\u00ed, con su participaci\u00f3n en la versi\u00f3n N\u00b0 52 de la Feria Internacional de las Flores y del Caf\u00e9 de Boquete, evento que da inicio a la temporada ferial en el territorio paname\u00f1o. Durante la inauguraci\u00f3n, la entidad bancaria dio a conocer las cifras que evidencian el apoyo financiero inyectado en los diversos sectores productivos de la provincia chiricana con la finalidad de mantener su aporte activo como brazo ejecutor del Estado y propulsor de la actividad econ\u00f3mica del pa\u00eds.<\/p>\n\n\n\n<p>El gerente general de Banco Nacional de Panam\u00e1, Javier Carrizo Esquivel, manifest\u00f3 que la entidad tiene presupuestado desembolsos por un monto de B\/.145.8 millones para apoyar, durante el 2025, los diversos sectores econ\u00f3micos de la regi\u00f3n occidental de la Rep\u00fablica, que incluye las provincias de Chiriqu\u00ed y Bocas del Toro.<\/p>\n\n\n\n<p>De este total, B\/.80.5 millones est\u00e1n destinados a los clientes agropecuarios, B\/.56.9 millones a los de la Banca de Consumo (hipotecario, personal y tarjetas de cr\u00e9dito) y B\/.8.4 millones a los peque\u00f1os y medianos comerciantes.<\/p>\n\n\n\n<p>Seg\u00fan informes preliminares, al cierre de 2024 el saldo de la cartera de cr\u00e9dito en la regi\u00f3n occidental lleg\u00f3 a la suma de B\/. 926.5 millones, distribuidos de la siguiente manera: Banca Comercial B\/.29.2 millones, Agropecuaria B\/.259.3 millones, Personal B\/.259.8 millones y la Hipotecaria B\/.379.2 millones.<\/p>\n\n\n\n<p>\u201cNuestras cifras demuestran el s\u00f3lido y constante compromiso de Banco Nacional de Panam\u00e1 con el crecimiento de la provincia de Chiriqu\u00ed, considerada una de las principales garantes de la seguridad alimentaria y el desarrollo econ\u00f3mico del pa\u00eds\u201d, indic\u00f3 Carrizo Esquivel.<\/p>\n\n\n\n<p>\u201cLa presencia del Banco en la concurrida Feria Internacional de las Flores y del Caf\u00e9 de Boquete, reafirma nuestro compromiso con nuestros clientes, ofreci\u00e9ndoles productos y servicios bancarios alineados con las \u00faltimas tendencias tecnol\u00f3gicas como lo es BEN, nuestra Billetera Electr\u00f3nica Nacional. Adicionalmente contamos con las tasas m\u00e1s competitivas y estables del mercado en pr\u00e9stamos agropecuaria, hipotecarios, personales o comerciales, por lo que les invitamos a visitarnos y solicitar asesor\u00eda con nuestros oficiales de cr\u00e9dito\u201d, se\u00f1al\u00f3 el gerente general de la primera entidad bancaria del pa\u00eds, durante la inauguraci\u00f3n del stand.<\/p>\n\n\n\n<figure class=\"wp-block-image size-large\"><a href=\"https:\/\/panamaimage.com\/noticias\/wp-content\/uploads\/2025\/01\/IMG-20250108-WA0199.jpg\"><img loading=\"lazy\" decoding=\"async\" width=\"1024\" height=\"684\" src=\"https:\/\/panamaimage.com\/noticias\/wp-content\/uploads\/2025\/01\/IMG-20250108-WA0199-1024x684.jpg\" alt=\"\" class=\"wp-image-4222\" title=\"\" srcset=\"https:\/\/panamaimage.com\/noticias\/wp-content\/uploads\/2025\/01\/IMG-20250108-WA0199-1024x684.jpg 1024w, https:\/\/panamaimage.com\/noticias\/wp-content\/uploads\/2025\/01\/IMG-20250108-WA0199-300x200.jpg 300w, https:\/\/panamaimage.com\/noticias\/wp-content\/uploads\/2025\/01\/IMG-20250108-WA0199-768x513.jpg 768w, https:\/\/panamaimage.com\/noticias\/wp-content\/uploads\/2025\/01\/IMG-20250108-WA0199.jpg 1280w\" sizes=\"auto, (max-width: 1024px) 100vw, 1024px\" \/><\/a><\/figure>\n\n\n\n<figure class=\"wp-block-image size-large\"><a href=\"https:\/\/panamaimage.com\/noticias\/wp-content\/uploads\/2025\/01\/IMG-20250108-WA0200.jpg\"><img loading=\"lazy\" decoding=\"async\" width=\"1024\" height=\"684\" src=\"https:\/\/panamaimage.com\/noticias\/wp-content\/uploads\/2025\/01\/IMG-20250108-WA0200-1024x684.jpg\" alt=\"\" class=\"wp-image-4221\" title=\"\" srcset=\"https:\/\/panamaimage.com\/noticias\/wp-content\/uploads\/2025\/01\/IMG-20250108-WA0200-1024x684.jpg 1024w, https:\/\/panamaimage.com\/noticias\/wp-content\/uploads\/2025\/01\/IMG-20250108-WA0200-300x200.jpg 300w, https:\/\/panamaimage.com\/noticias\/wp-content\/uploads\/2025\/01\/IMG-20250108-WA0200-768x513.jpg 768w, https:\/\/panamaimage.com\/noticias\/wp-content\/uploads\/2025\/01\/IMG-20250108-WA0200.jpg 1280w\" sizes=\"auto, (max-width: 1024px) 100vw, 1024px\" \/><\/a><\/figure>\n","protected":false},"excerpt":{"rendered":"<p>Reafirma su compromiso con la regi\u00f3n occidental Banconal promueve sus servicios en Boquete y da inicio al calendario de ferias Chiriqu\u00ed, 8 de enero de 2025. Con gran expectativa, Banco Nacional de Panam\u00e1 (Banconal) reafirma su compromiso con Chiriqu\u00ed, con su participaci\u00f3n en la versi\u00f3n N\u00b0 52 de la Feria Internacional de las Flores y [&hellip;]<\/p>\n","protected":false},"author":3,"featured_media":4223,"comment_status":"open","ping_status":"open","sticky":false,"template":"","format":"standard","meta":{"footnotes":""},"categories":[2],"tags":[],"class_list":["post-4220","post","type-post","status-publish","format-standard","has-post-thumbnail","hentry","category-nacionales"],"_links":{"self":[{"href":"https:\/\/panamaimage.com\/noticias\/wp-json\/wp\/v2\/posts\/4220","targetHints":{"allow":["GET"]}}],"collection":[{"href":"https:\/\/panamaimage.com\/noticias\/wp-json\/wp\/v2\/posts"}],"about":[{"href":"https:\/\/panamaimage.com\/noticias\/wp-json\/wp\/v2\/types\/post"}],"author":[{"embeddable":true,"href":"https:\/\/panamaimage.com\/noticias\/wp-json\/wp\/v2\/users\/3"}],"replies":[{"embeddable":true,"href":"https:\/\/panamaimage.com\/noticias\/wp-json\/wp\/v2\/comments?post=4220"}],"version-history":[{"count":1,"href":"https:\/\/panamaimage.com\/noticias\/wp-json\/wp\/v2\/posts\/4220\/revisions"}],"predecessor-version":[{"id":4224,"href":"https:\/\/panamaimage.com\/noticias\/wp-json\/wp\/v2\/posts\/4220\/revisions\/4224"}],"wp:featuredmedia":[{"embeddable":true,"href":"https:\/\/panamaimage.com\/noticias\/wp-json\/wp\/v2\/media\/4223"}],"wp:attachment":[{"href":"https:\/\/panamaimage.com\/noticias\/wp-json\/wp\/v2\/media?parent=4220"}],"wp:term":[{"taxonomy":"category","embeddable":true,"href":"https:\/\/panamaimage.com\/noticias\/wp-json\/wp\/v2\/categories?post=4220"},{"taxonomy":"post_tag","embeddable":true,"href":"https:\/\/panamaimage.com\/noticias\/wp-json\/wp\/v2\/tags?post=4220"}],"curies":[{"name":"wp","href":"https:\/\/api.w.org\/{rel}","templated":true}]}}