{"id":4195,"date":"2025-01-11T03:54:32","date_gmt":"2025-01-11T03:54:32","guid":{"rendered":"https:\/\/panamaimage.com\/noticias\/?p=4195"},"modified":"2025-01-11T03:54:34","modified_gmt":"2025-01-11T03:54:34","slug":"mas-de-20-mil-personas-se-beneficiaran-con-el-centro-materno-infantil-de-tambo","status":"publish","type":"post","link":"https:\/\/panamaimage.com\/noticias\/mas-de-20-mil-personas-se-beneficiaran-con-el-centro-materno-infantil-de-tambo\/","title":{"rendered":"M\u00c1S DE 20 MIL PERSONAS SE BENEFICIAR\u00c1N CON EL CENTRO MATERNO INFANTIL DE TAMBO"},"content":{"rendered":"\n<p><\/p>\n\n\n\n<p>Unas 20 mil personas de comunidades de los corregimientos de Toabr\u00e9, R\u00edo Indio, Tul\u00fa, Victoriano Lorenzo, Pajonal, Chiguir\u00ed Arriba, \u00e1rea norte del distrito de Penonom\u00e9; as\u00ed como, comunidades del distrito de Donoso en Col\u00f3n, se beneficiar\u00e1n con el amplio, equipado y moderno Centro Materno Infantil de Tambo.<\/p>\n\n\n\n<p>La obra, paralizada por m\u00e1s de 15 a\u00f1os y que esta administraci\u00f3n hoy hace realidad para miles de residentes de este distrito, fue inaugurada este viernes 10 de enero por el vice ministro Manuel Zambrano y el ministro de la presidencia Juan Carlos Orillac, en representaci\u00f3n del Presidente Jos\u00e9 Ra\u00fal Mulino.<\/p>\n\n\n\n<p>En el acto inaugural estuvieron presentes, Dana Casta\u00f1eda, presidenta de la Asamblea Nacional; Irving Gonz\u00e1lez, Gobernador de Cocl\u00e9; diputados, alcaldes y representantes de corregimiento de la Provincia; miembros del comit\u00e9 de salud, y moradores de las comunidades.<\/p>\n\n\n\n<p>Este centro brindar\u00e1 atenci\u00f3n de urgencias 24 horas, los 7 d\u00edas de la semana, con una cartera de servicios de medicina general, odontolog\u00eda, farmacia, enfermer\u00eda, registros m\u00e9dicos, peso, talla, trabajo social, laboratorio, \u00e1rea para toma de sangre, partos, gineco-obstetricia, \u00e1rea de fototerapia, trauma, choque, pediatr\u00eda, inyectables y todos los servicios b\u00e1sicos de apoyo.<\/p>\n\n\n\n<p>Tambi\u00e9n contar\u00e1 con incubadoras para observaci\u00f3n de reci\u00e9n nacidos, sala de observaci\u00f3n de hombres, mujeres, \u00e1rea para estimulaci\u00f3n precoz, autoclave, dep\u00f3sito de cremas, para material qu\u00edmico, cuarto de material contaminado, \u00e1rea para lavado y esterilizaci\u00f3n, dep\u00f3sito de insumos, cocina, lavander\u00eda, taller, comedor, dormitorios para el personal, \u00e1rea para material est\u00e9ril, entre otros.<\/p>\n\n\n\n<p>El proyecto, que tuvo una inversi\u00f3n de B\/.9,008,159.18, representa un avance para la poblaci\u00f3n rural y de dif\u00edcil acceso en este distrito, y por ende de la provincia.<br>Con estas infraestructuras, el Gobierno Nacional reafirma su compromiso, una vez m\u00e1s, de continuar mejorando los servicios y atenci\u00f3n de salud que se ofrecen en esta provincia.<\/p>\n\n\n\n<figure class=\"wp-block-gallery has-nested-images columns-default is-cropped wp-block-gallery-1 is-layout-flex wp-block-gallery-is-layout-flex\">\n<figure class=\"wp-block-image size-large\"><a href=\"https:\/\/panamaimage.com\/noticias\/wp-content\/uploads\/2025\/01\/IMG-20250110-WA0199-scaled.jpg\"><img loading=\"lazy\" decoding=\"async\" width=\"1024\" height=\"683\" data-id=\"4203\" src=\"https:\/\/panamaimage.com\/noticias\/wp-content\/uploads\/2025\/01\/IMG-20250110-WA0199-1024x683.jpg\" alt=\"\" class=\"wp-image-4203\" title=\"\" srcset=\"https:\/\/panamaimage.com\/noticias\/wp-content\/uploads\/2025\/01\/IMG-20250110-WA0199-1024x683.jpg 1024w, https:\/\/panamaimage.com\/noticias\/wp-content\/uploads\/2025\/01\/IMG-20250110-WA0199-300x200.jpg 300w, https:\/\/panamaimage.com\/noticias\/wp-content\/uploads\/2025\/01\/IMG-20250110-WA0199-768x512.jpg 768w, https:\/\/panamaimage.com\/noticias\/wp-content\/uploads\/2025\/01\/IMG-20250110-WA0199-1536x1024.jpg 1536w, https:\/\/panamaimage.com\/noticias\/wp-content\/uploads\/2025\/01\/IMG-20250110-WA0199-2048x1365.jpg 2048w\" sizes=\"auto, (max-width: 1024px) 100vw, 1024px\" \/><\/a><\/figure>\n\n\n\n<figure class=\"wp-block-image size-large\"><a href=\"https:\/\/panamaimage.com\/noticias\/wp-content\/uploads\/2025\/01\/IMG-20250110-WA0201-scaled.jpg\"><img loading=\"lazy\" decoding=\"async\" width=\"1024\" height=\"683\" data-id=\"4202\" src=\"https:\/\/panamaimage.com\/noticias\/wp-content\/uploads\/2025\/01\/IMG-20250110-WA0201-1024x683.jpg\" alt=\"\" class=\"wp-image-4202\" title=\"\" srcset=\"https:\/\/panamaimage.com\/noticias\/wp-content\/uploads\/2025\/01\/IMG-20250110-WA0201-1024x683.jpg 1024w, https:\/\/panamaimage.com\/noticias\/wp-content\/uploads\/2025\/01\/IMG-20250110-WA0201-300x200.jpg 300w, https:\/\/panamaimage.com\/noticias\/wp-content\/uploads\/2025\/01\/IMG-20250110-WA0201-768x512.jpg 768w, https:\/\/panamaimage.com\/noticias\/wp-content\/uploads\/2025\/01\/IMG-20250110-WA0201-1536x1024.jpg 1536w, https:\/\/panamaimage.com\/noticias\/wp-content\/uploads\/2025\/01\/IMG-20250110-WA0201-2048x1365.jpg 2048w\" sizes=\"auto, (max-width: 1024px) 100vw, 1024px\" \/><\/a><\/figure>\n\n\n\n<figure class=\"wp-block-image size-large\"><a href=\"https:\/\/panamaimage.com\/noticias\/wp-content\/uploads\/2025\/01\/IMG-20250110-WA0203-scaled.jpg\"><img loading=\"lazy\" decoding=\"async\" width=\"1024\" height=\"683\" data-id=\"4201\" src=\"https:\/\/panamaimage.com\/noticias\/wp-content\/uploads\/2025\/01\/IMG-20250110-WA0203-1024x683.jpg\" alt=\"\" class=\"wp-image-4201\" title=\"\" srcset=\"https:\/\/panamaimage.com\/noticias\/wp-content\/uploads\/2025\/01\/IMG-20250110-WA0203-1024x683.jpg 1024w, https:\/\/panamaimage.com\/noticias\/wp-content\/uploads\/2025\/01\/IMG-20250110-WA0203-300x200.jpg 300w, https:\/\/panamaimage.com\/noticias\/wp-content\/uploads\/2025\/01\/IMG-20250110-WA0203-768x512.jpg 768w, https:\/\/panamaimage.com\/noticias\/wp-content\/uploads\/2025\/01\/IMG-20250110-WA0203-1536x1024.jpg 1536w, https:\/\/panamaimage.com\/noticias\/wp-content\/uploads\/2025\/01\/IMG-20250110-WA0203-2048x1365.jpg 2048w\" sizes=\"auto, (max-width: 1024px) 100vw, 1024px\" \/><\/a><\/figure>\n\n\n\n<figure class=\"wp-block-image size-large\"><a href=\"https:\/\/panamaimage.com\/noticias\/wp-content\/uploads\/2025\/01\/IMG-20250110-WA0195.jpg\"><img loading=\"lazy\" decoding=\"async\" width=\"1024\" height=\"768\" data-id=\"4200\" src=\"https:\/\/panamaimage.com\/noticias\/wp-content\/uploads\/2025\/01\/IMG-20250110-WA0195-1024x768.jpg\" alt=\"\" class=\"wp-image-4200\" title=\"\" srcset=\"https:\/\/panamaimage.com\/noticias\/wp-content\/uploads\/2025\/01\/IMG-20250110-WA0195-1024x768.jpg 1024w, https:\/\/panamaimage.com\/noticias\/wp-content\/uploads\/2025\/01\/IMG-20250110-WA0195-300x225.jpg 300w, https:\/\/panamaimage.com\/noticias\/wp-content\/uploads\/2025\/01\/IMG-20250110-WA0195-768x576.jpg 768w, https:\/\/panamaimage.com\/noticias\/wp-content\/uploads\/2025\/01\/IMG-20250110-WA0195-1536x1152.jpg 1536w, https:\/\/panamaimage.com\/noticias\/wp-content\/uploads\/2025\/01\/IMG-20250110-WA0195.jpg 1600w\" sizes=\"auto, (max-width: 1024px) 100vw, 1024px\" \/><\/a><\/figure>\n\n\n\n<figure class=\"wp-block-image size-large\"><a href=\"https:\/\/panamaimage.com\/noticias\/wp-content\/uploads\/2025\/01\/IMG-20250110-WA0190-scaled.jpg\"><img loading=\"lazy\" decoding=\"async\" width=\"1024\" height=\"683\" data-id=\"4199\" src=\"https:\/\/panamaimage.com\/noticias\/wp-content\/uploads\/2025\/01\/IMG-20250110-WA0190-1024x683.jpg\" alt=\"\" class=\"wp-image-4199\" title=\"\" srcset=\"https:\/\/panamaimage.com\/noticias\/wp-content\/uploads\/2025\/01\/IMG-20250110-WA0190-1024x683.jpg 1024w, https:\/\/panamaimage.com\/noticias\/wp-content\/uploads\/2025\/01\/IMG-20250110-WA0190-300x200.jpg 300w, https:\/\/panamaimage.com\/noticias\/wp-content\/uploads\/2025\/01\/IMG-20250110-WA0190-768x512.jpg 768w, https:\/\/panamaimage.com\/noticias\/wp-content\/uploads\/2025\/01\/IMG-20250110-WA0190-1536x1024.jpg 1536w, https:\/\/panamaimage.com\/noticias\/wp-content\/uploads\/2025\/01\/IMG-20250110-WA0190-2048x1365.jpg 2048w\" sizes=\"auto, (max-width: 1024px) 100vw, 1024px\" \/><\/a><\/figure>\n\n\n\n<figure class=\"wp-block-image size-large\"><a href=\"https:\/\/panamaimage.com\/noticias\/wp-content\/uploads\/2025\/01\/IMG-20250110-WA0192-scaled.jpg\"><img loading=\"lazy\" decoding=\"async\" width=\"1024\" height=\"683\" data-id=\"4198\" src=\"https:\/\/panamaimage.com\/noticias\/wp-content\/uploads\/2025\/01\/IMG-20250110-WA0192-1024x683.jpg\" alt=\"\" class=\"wp-image-4198\" title=\"\" srcset=\"https:\/\/panamaimage.com\/noticias\/wp-content\/uploads\/2025\/01\/IMG-20250110-WA0192-1024x683.jpg 1024w, https:\/\/panamaimage.com\/noticias\/wp-content\/uploads\/2025\/01\/IMG-20250110-WA0192-300x200.jpg 300w, https:\/\/panamaimage.com\/noticias\/wp-content\/uploads\/2025\/01\/IMG-20250110-WA0192-768x512.jpg 768w, https:\/\/panamaimage.com\/noticias\/wp-content\/uploads\/2025\/01\/IMG-20250110-WA0192-1536x1024.jpg 1536w, https:\/\/panamaimage.com\/noticias\/wp-content\/uploads\/2025\/01\/IMG-20250110-WA0192-2048x1365.jpg 2048w\" sizes=\"auto, (max-width: 1024px) 100vw, 1024px\" \/><\/a><\/figure>\n\n\n\n<figure class=\"wp-block-image size-large\"><a href=\"https:\/\/panamaimage.com\/noticias\/wp-content\/uploads\/2025\/01\/IMG-20250110-WA0194-scaled.jpg\"><img loading=\"lazy\" decoding=\"async\" width=\"1024\" height=\"683\" data-id=\"4197\" src=\"https:\/\/panamaimage.com\/noticias\/wp-content\/uploads\/2025\/01\/IMG-20250110-WA0194-1024x683.jpg\" alt=\"\" class=\"wp-image-4197\" title=\"\" srcset=\"https:\/\/panamaimage.com\/noticias\/wp-content\/uploads\/2025\/01\/IMG-20250110-WA0194-1024x683.jpg 1024w, https:\/\/panamaimage.com\/noticias\/wp-content\/uploads\/2025\/01\/IMG-20250110-WA0194-300x200.jpg 300w, https:\/\/panamaimage.com\/noticias\/wp-content\/uploads\/2025\/01\/IMG-20250110-WA0194-768x512.jpg 768w, https:\/\/panamaimage.com\/noticias\/wp-content\/uploads\/2025\/01\/IMG-20250110-WA0194-1536x1024.jpg 1536w, https:\/\/panamaimage.com\/noticias\/wp-content\/uploads\/2025\/01\/IMG-20250110-WA0194-2048x1365.jpg 2048w\" sizes=\"auto, (max-width: 1024px) 100vw, 1024px\" \/><\/a><\/figure>\n<\/figure>\n","protected":false},"excerpt":{"rendered":"<p>Unas 20 mil personas de comunidades de los corregimientos de Toabr\u00e9, R\u00edo Indio, Tul\u00fa, Victoriano Lorenzo, Pajonal, Chiguir\u00ed Arriba, \u00e1rea norte del distrito de Penonom\u00e9; as\u00ed como, comunidades del distrito de Donoso en Col\u00f3n, se beneficiar\u00e1n con el amplio, equipado y moderno Centro Materno Infantil de Tambo. La obra, paralizada por m\u00e1s de 15 a\u00f1os [&hellip;]<\/p>\n","protected":false},"author":3,"featured_media":4196,"comment_status":"open","ping_status":"open","sticky":false,"template":"","format":"standard","meta":{"footnotes":""},"categories":[2],"tags":[],"class_list":["post-4195","post","type-post","status-publish","format-standard","has-post-thumbnail","hentry","category-nacionales"],"_links":{"self":[{"href":"https:\/\/panamaimage.com\/noticias\/wp-json\/wp\/v2\/posts\/4195","targetHints":{"allow":["GET"]}}],"collection":[{"href":"https:\/\/panamaimage.com\/noticias\/wp-json\/wp\/v2\/posts"}],"about":[{"href":"https:\/\/panamaimage.com\/noticias\/wp-json\/wp\/v2\/types\/post"}],"author":[{"embeddable":true,"href":"https:\/\/panamaimage.com\/noticias\/wp-json\/wp\/v2\/users\/3"}],"replies":[{"embeddable":true,"href":"https:\/\/panamaimage.com\/noticias\/wp-json\/wp\/v2\/comments?post=4195"}],"version-history":[{"count":1,"href":"https:\/\/panamaimage.com\/noticias\/wp-json\/wp\/v2\/posts\/4195\/revisions"}],"predecessor-version":[{"id":4204,"href":"https:\/\/panamaimage.com\/noticias\/wp-json\/wp\/v2\/posts\/4195\/revisions\/4204"}],"wp:featuredmedia":[{"embeddable":true,"href":"https:\/\/panamaimage.com\/noticias\/wp-json\/wp\/v2\/media\/4196"}],"wp:attachment":[{"href":"https:\/\/panamaimage.com\/noticias\/wp-json\/wp\/v2\/media?parent=4195"}],"wp:term":[{"taxonomy":"category","embeddable":true,"href":"https:\/\/panamaimage.com\/noticias\/wp-json\/wp\/v2\/categories?post=4195"},{"taxonomy":"post_tag","embeddable":true,"href":"https:\/\/panamaimage.com\/noticias\/wp-json\/wp\/v2\/tags?post=4195"}],"curies":[{"name":"wp","href":"https:\/\/api.w.org\/{rel}","templated":true}]}}