{"id":4171,"date":"2024-12-15T15:50:00","date_gmt":"2024-12-15T15:50:00","guid":{"rendered":"https:\/\/panamaimage.com\/noticias\/?p=4171"},"modified":"2025-01-04T15:52:55","modified_gmt":"2025-01-04T15:52:55","slug":"naturgy-trabaja-para-ofrecer-un-suministro-de-calidad-en-veraguas","status":"publish","type":"post","link":"https:\/\/panamaimage.com\/noticias\/naturgy-trabaja-para-ofrecer-un-suministro-de-calidad-en-veraguas\/","title":{"rendered":"NATURGY TRABAJA PARA OFRECER UN SUMINISTRO DE CALIDAD EN VERAGUAS."},"content":{"rendered":"\n<p><\/p>\n\n\n\n<p>Con el proyecto que se ha realizado en la provincia de Veraguas, se da un importante paso hacia un suministro el\u00e9ctrico m\u00e1s confiable para los distritos de La Mesa, Ca\u00f1aza y sus alrededores. La ingeniera Deisy Guti\u00e9rrez, Gestora de programaci\u00f3n de la Gerencia de Cocl\u00e9 y Veraguas, destac\u00f3 que este proyecto representa una mejora significativa en la infraestructura el\u00e9ctrica de la regi\u00f3n.<\/p>\n\n\n\n<p>Este proyecto incluye la instalaci\u00f3n de 22 kil\u00f3metros de nueva l\u00ednea de distribuci\u00f3n utilizando tecnolog\u00eda de cable forrado ecol\u00f3gico, dise\u00f1ado para resistir tormentas, fuertes vientos y la fauna local, logrando menos interrupciones y m\u00e1s tranquilidad para los residentes, con un servicio el\u00e9ctrico confiable que impulsa el bienestar de las familias que ya est\u00e1n disfrutando de los beneficios que este proyecto aporta y marcando una diferencia notable en su calidad de vida.<\/p>\n\n\n\n<p>Naturgy: Tu Energ\u00eda es Nuestra Prioridad.<\/p>\n\n\n\n<figure class=\"wp-block-image size-large\"><a href=\"https:\/\/panamaimage.com\/noticias\/wp-content\/uploads\/2025\/01\/IMG-20250104-WA0072.jpg\"><img loading=\"lazy\" decoding=\"async\" width=\"1024\" height=\"682\" src=\"https:\/\/panamaimage.com\/noticias\/wp-content\/uploads\/2025\/01\/IMG-20250104-WA0072-1024x682.jpg\" alt=\"\" class=\"wp-image-4172\" title=\"\" srcset=\"https:\/\/panamaimage.com\/noticias\/wp-content\/uploads\/2025\/01\/IMG-20250104-WA0072-1024x682.jpg 1024w, https:\/\/panamaimage.com\/noticias\/wp-content\/uploads\/2025\/01\/IMG-20250104-WA0072-300x200.jpg 300w, https:\/\/panamaimage.com\/noticias\/wp-content\/uploads\/2025\/01\/IMG-20250104-WA0072-768x512.jpg 768w, https:\/\/panamaimage.com\/noticias\/wp-content\/uploads\/2025\/01\/IMG-20250104-WA0072-1536x1023.jpg 1536w, https:\/\/panamaimage.com\/noticias\/wp-content\/uploads\/2025\/01\/IMG-20250104-WA0072.jpg 1600w\" sizes=\"auto, (max-width: 1024px) 100vw, 1024px\" \/><\/a><\/figure>\n","protected":false},"excerpt":{"rendered":"<p>Con el proyecto que se ha realizado en la provincia de Veraguas, se da un importante paso hacia un suministro el\u00e9ctrico m\u00e1s confiable para los distritos de La Mesa, Ca\u00f1aza y sus alrededores. La ingeniera Deisy Guti\u00e9rrez, Gestora de programaci\u00f3n de la Gerencia de Cocl\u00e9 y Veraguas, destac\u00f3 que este proyecto representa una mejora significativa [&hellip;]<\/p>\n","protected":false},"author":3,"featured_media":4173,"comment_status":"open","ping_status":"open","sticky":false,"template":"","format":"standard","meta":{"footnotes":""},"categories":[2],"tags":[],"class_list":["post-4171","post","type-post","status-publish","format-standard","has-post-thumbnail","hentry","category-nacionales"],"_links":{"self":[{"href":"https:\/\/panamaimage.com\/noticias\/wp-json\/wp\/v2\/posts\/4171","targetHints":{"allow":["GET"]}}],"collection":[{"href":"https:\/\/panamaimage.com\/noticias\/wp-json\/wp\/v2\/posts"}],"about":[{"href":"https:\/\/panamaimage.com\/noticias\/wp-json\/wp\/v2\/types\/post"}],"author":[{"embeddable":true,"href":"https:\/\/panamaimage.com\/noticias\/wp-json\/wp\/v2\/users\/3"}],"replies":[{"embeddable":true,"href":"https:\/\/panamaimage.com\/noticias\/wp-json\/wp\/v2\/comments?post=4171"}],"version-history":[{"count":1,"href":"https:\/\/panamaimage.com\/noticias\/wp-json\/wp\/v2\/posts\/4171\/revisions"}],"predecessor-version":[{"id":4174,"href":"https:\/\/panamaimage.com\/noticias\/wp-json\/wp\/v2\/posts\/4171\/revisions\/4174"}],"wp:featuredmedia":[{"embeddable":true,"href":"https:\/\/panamaimage.com\/noticias\/wp-json\/wp\/v2\/media\/4173"}],"wp:attachment":[{"href":"https:\/\/panamaimage.com\/noticias\/wp-json\/wp\/v2\/media?parent=4171"}],"wp:term":[{"taxonomy":"category","embeddable":true,"href":"https:\/\/panamaimage.com\/noticias\/wp-json\/wp\/v2\/categories?post=4171"},{"taxonomy":"post_tag","embeddable":true,"href":"https:\/\/panamaimage.com\/noticias\/wp-json\/wp\/v2\/tags?post=4171"}],"curies":[{"name":"wp","href":"https:\/\/api.w.org\/{rel}","templated":true}]}}