{"id":4152,"date":"2024-12-31T02:50:11","date_gmt":"2024-12-31T02:50:11","guid":{"rendered":"https:\/\/panamaimage.com\/noticias\/?p=4152"},"modified":"2024-12-31T02:50:13","modified_gmt":"2024-12-31T02:50:13","slug":"wtw-panama-inaugura-nuevas-oficinas-reafirmando-su-liderazgo-y-compromiso-con-la-region","status":"publish","type":"post","link":"https:\/\/panamaimage.com\/noticias\/wtw-panama-inaugura-nuevas-oficinas-reafirmando-su-liderazgo-y-compromiso-con-la-region\/","title":{"rendered":"WTW Panam\u00e1 inaugura nuevas oficinas, reafirmando su liderazgo y compromiso con la regi\u00f3n"},"content":{"rendered":"\n<p>En una celebraci\u00f3n especial la noche del mi\u00e9rcoles, WTW<br>Panam\u00e1, l\u00edder global en corretaje de seguros y soluciones organizacionales, realiz\u00f3 la<br>inauguraci\u00f3n de sus nuevas oficinas ubicadas en el PH Plaza del Este, en Costa del Este,<br>Ciudad de Panam\u00e1. Este evento no solo marca su expansi\u00f3n y crecimiento, sino tambi\u00e9n<br>consolida a WTW como actor clave en la industria de seguros de nuestro pa\u00eds.<\/p>\n\n\n\n<p>Con una visi\u00f3n estrat\u00e9gica, WTW ha apostado por Panam\u00e1 como su hub para Am\u00e9rica<br>Latina, consolidando a\u00fan m\u00e1s su presencia en la regi\u00f3n y reafirmando su compromiso de<br>seguir ofreciendo soluciones que se ajusten a las necesidades espec\u00edficas de cada pa\u00eds.<\/p>\n\n\n\n<p>Eusebio Lee, CEO para Panam\u00e1 y Centroam\u00e9rica, destac\u00f3 la trayectoria de WTW en la<br>regi\u00f3n, subrayando su crecimiento constante y su proyecci\u00f3n global, que hoy los<br>posiciona como un referente en el sector.<\/p>\n\n\n\n<p>H\u00e9ctor Mart\u00ednez, CEO regional de WTW LatAm, resalt\u00f3 el compromiso de la empresa<br>con sus socios estrat\u00e9gicos, clientes y aliados. \u201cCreemos en Panam\u00e1 y en Centroam\u00e9rica<br>por ser un \u00e1rea de mucho crecimiento; estamos invirtiendo y contratando mucho talento<br>para ofrecer el mejor servicio a nuestros clientes\u201d, expres\u00f3 Mart\u00ednez.<\/p>\n\n\n\n<p>El evento tambi\u00e9n fue la ocasi\u00f3n para rendir homenaje a Louis \u201cTito\u201d Ducruet y su<br>familia, quienes, como visionarios del grupo Unity, jugaron un papel fundamental en la<br>expansi\u00f3n regional de WTW. Ducruet record\u00f3 que hace diez a\u00f1os se inici\u00f3 el proceso de<br>internacionalizaci\u00f3n del grupo, lo que permiti\u00f3 a WTW enfocarse en Panam\u00e1, una<br>oportunidad que surgi\u00f3 gracias a la visi\u00f3n y esfuerzo de un grupo de empresarios en<br>Centroam\u00e9rica.<\/p>\n\n\n\n<p>El evento cont\u00f3 con la presencia del Embajador de Su Majestad Brit\u00e1nica en Panam\u00e1<br>S.E. James Dauris, quien ofreci\u00f3 un discurso destacando la importancia de la<br>cooperaci\u00f3n internacional y el compromiso con la innovaci\u00f3n. El Embajador inst\u00f3 a seguir<br>impulsando la excelencia en los negocios y a mantener una visi\u00f3n global para enfrentar<br>los desaf\u00edos del futuro.<\/p>\n\n\n\n<figure class=\"wp-block-image size-large\"><a href=\"https:\/\/panamaimage.com\/noticias\/wp-content\/uploads\/2024\/12\/IMG-20241217-WA03352.jpg\"><img loading=\"lazy\" decoding=\"async\" width=\"1024\" height=\"682\" src=\"https:\/\/panamaimage.com\/noticias\/wp-content\/uploads\/2024\/12\/IMG-20241217-WA03352-1024x682.jpg\" alt=\"\" class=\"wp-image-4158\" title=\"\" srcset=\"https:\/\/panamaimage.com\/noticias\/wp-content\/uploads\/2024\/12\/IMG-20241217-WA03352-1024x682.jpg 1024w, https:\/\/panamaimage.com\/noticias\/wp-content\/uploads\/2024\/12\/IMG-20241217-WA03352-300x200.jpg 300w, https:\/\/panamaimage.com\/noticias\/wp-content\/uploads\/2024\/12\/IMG-20241217-WA03352-768x512.jpg 768w, https:\/\/panamaimage.com\/noticias\/wp-content\/uploads\/2024\/12\/IMG-20241217-WA03352-1536x1023.jpg 1536w, https:\/\/panamaimage.com\/noticias\/wp-content\/uploads\/2024\/12\/IMG-20241217-WA03352.jpg 1600w\" sizes=\"auto, (max-width: 1024px) 100vw, 1024px\" \/><\/a><\/figure>\n\n\n\n<figure class=\"wp-block-image size-large\"><a href=\"https:\/\/panamaimage.com\/noticias\/wp-content\/uploads\/2024\/12\/IMG-20241217-WA03362.jpg\"><img loading=\"lazy\" decoding=\"async\" width=\"1024\" height=\"682\" src=\"https:\/\/panamaimage.com\/noticias\/wp-content\/uploads\/2024\/12\/IMG-20241217-WA03362-1024x682.jpg\" alt=\"\" class=\"wp-image-4157\" title=\"\" srcset=\"https:\/\/panamaimage.com\/noticias\/wp-content\/uploads\/2024\/12\/IMG-20241217-WA03362-1024x682.jpg 1024w, https:\/\/panamaimage.com\/noticias\/wp-content\/uploads\/2024\/12\/IMG-20241217-WA03362-300x200.jpg 300w, https:\/\/panamaimage.com\/noticias\/wp-content\/uploads\/2024\/12\/IMG-20241217-WA03362-768x512.jpg 768w, https:\/\/panamaimage.com\/noticias\/wp-content\/uploads\/2024\/12\/IMG-20241217-WA03362-1536x1023.jpg 1536w, https:\/\/panamaimage.com\/noticias\/wp-content\/uploads\/2024\/12\/IMG-20241217-WA03362.jpg 1600w\" sizes=\"auto, (max-width: 1024px) 100vw, 1024px\" \/><\/a><\/figure>\n\n\n\n<figure class=\"wp-block-image size-large\"><a href=\"https:\/\/panamaimage.com\/noticias\/wp-content\/uploads\/2024\/12\/IMG-20241217-WA03382.jpg\"><img loading=\"lazy\" decoding=\"async\" width=\"1024\" height=\"682\" src=\"https:\/\/panamaimage.com\/noticias\/wp-content\/uploads\/2024\/12\/IMG-20241217-WA03382-1024x682.jpg\" alt=\"\" class=\"wp-image-4156\" title=\"\" srcset=\"https:\/\/panamaimage.com\/noticias\/wp-content\/uploads\/2024\/12\/IMG-20241217-WA03382-1024x682.jpg 1024w, https:\/\/panamaimage.com\/noticias\/wp-content\/uploads\/2024\/12\/IMG-20241217-WA03382-300x200.jpg 300w, https:\/\/panamaimage.com\/noticias\/wp-content\/uploads\/2024\/12\/IMG-20241217-WA03382-768x512.jpg 768w, https:\/\/panamaimage.com\/noticias\/wp-content\/uploads\/2024\/12\/IMG-20241217-WA03382-1536x1023.jpg 1536w, https:\/\/panamaimage.com\/noticias\/wp-content\/uploads\/2024\/12\/IMG-20241217-WA03382.jpg 1600w\" sizes=\"auto, (max-width: 1024px) 100vw, 1024px\" \/><\/a><\/figure>\n\n\n\n<figure class=\"wp-block-image size-large\"><a href=\"https:\/\/panamaimage.com\/noticias\/wp-content\/uploads\/2024\/12\/IMG-20241217-WA03402.jpg\"><img loading=\"lazy\" decoding=\"async\" width=\"1024\" height=\"682\" src=\"https:\/\/panamaimage.com\/noticias\/wp-content\/uploads\/2024\/12\/IMG-20241217-WA03402-1024x682.jpg\" alt=\"\" class=\"wp-image-4154\" title=\"\" srcset=\"https:\/\/panamaimage.com\/noticias\/wp-content\/uploads\/2024\/12\/IMG-20241217-WA03402-1024x682.jpg 1024w, https:\/\/panamaimage.com\/noticias\/wp-content\/uploads\/2024\/12\/IMG-20241217-WA03402-300x200.jpg 300w, https:\/\/panamaimage.com\/noticias\/wp-content\/uploads\/2024\/12\/IMG-20241217-WA03402-768x512.jpg 768w, https:\/\/panamaimage.com\/noticias\/wp-content\/uploads\/2024\/12\/IMG-20241217-WA03402-1536x1023.jpg 1536w, https:\/\/panamaimage.com\/noticias\/wp-content\/uploads\/2024\/12\/IMG-20241217-WA03402.jpg 1600w\" sizes=\"auto, (max-width: 1024px) 100vw, 1024px\" \/><\/a><\/figure>\n\n\n\n<figure class=\"wp-block-image size-large\"><a href=\"https:\/\/panamaimage.com\/noticias\/wp-content\/uploads\/2024\/12\/IMG-20241217-WA03372.jpg\"><img loading=\"lazy\" decoding=\"async\" width=\"1024\" height=\"682\" src=\"https:\/\/panamaimage.com\/noticias\/wp-content\/uploads\/2024\/12\/IMG-20241217-WA03372-1024x682.jpg\" alt=\"\" class=\"wp-image-4155\" title=\"\" srcset=\"https:\/\/panamaimage.com\/noticias\/wp-content\/uploads\/2024\/12\/IMG-20241217-WA03372-1024x682.jpg 1024w, https:\/\/panamaimage.com\/noticias\/wp-content\/uploads\/2024\/12\/IMG-20241217-WA03372-300x200.jpg 300w, https:\/\/panamaimage.com\/noticias\/wp-content\/uploads\/2024\/12\/IMG-20241217-WA03372-768x512.jpg 768w, https:\/\/panamaimage.com\/noticias\/wp-content\/uploads\/2024\/12\/IMG-20241217-WA03372-1536x1023.jpg 1536w, https:\/\/panamaimage.com\/noticias\/wp-content\/uploads\/2024\/12\/IMG-20241217-WA03372.jpg 1600w\" sizes=\"auto, (max-width: 1024px) 100vw, 1024px\" \/><\/a><\/figure>\n\n\n\n<figure class=\"wp-block-image size-large\"><a href=\"https:\/\/panamaimage.com\/noticias\/wp-content\/uploads\/2024\/12\/IMG-20241217-WA03392.jpg\"><img loading=\"lazy\" decoding=\"async\" width=\"1024\" height=\"682\" src=\"https:\/\/panamaimage.com\/noticias\/wp-content\/uploads\/2024\/12\/IMG-20241217-WA03392-1024x682.jpg\" alt=\"\" class=\"wp-image-4153\" title=\"\" srcset=\"https:\/\/panamaimage.com\/noticias\/wp-content\/uploads\/2024\/12\/IMG-20241217-WA03392-1024x682.jpg 1024w, https:\/\/panamaimage.com\/noticias\/wp-content\/uploads\/2024\/12\/IMG-20241217-WA03392-300x200.jpg 300w, https:\/\/panamaimage.com\/noticias\/wp-content\/uploads\/2024\/12\/IMG-20241217-WA03392-768x512.jpg 768w, https:\/\/panamaimage.com\/noticias\/wp-content\/uploads\/2024\/12\/IMG-20241217-WA03392-1536x1023.jpg 1536w, https:\/\/panamaimage.com\/noticias\/wp-content\/uploads\/2024\/12\/IMG-20241217-WA03392.jpg 1600w\" sizes=\"auto, (max-width: 1024px) 100vw, 1024px\" \/><\/a><\/figure>\n\n\n\n\n\n\n\n\n","protected":false},"excerpt":{"rendered":"<p>En una celebraci\u00f3n especial la noche del mi\u00e9rcoles, WTWPanam\u00e1, l\u00edder global en corretaje de seguros y soluciones organizacionales, realiz\u00f3 lainauguraci\u00f3n de sus nuevas oficinas ubicadas en el PH Plaza del Este, en Costa del Este,Ciudad de Panam\u00e1. Este evento no solo marca su expansi\u00f3n y crecimiento, sino tambi\u00e9nconsolida a WTW como actor clave en la [&hellip;]<\/p>\n","protected":false},"author":3,"featured_media":4154,"comment_status":"open","ping_status":"open","sticky":false,"template":"","format":"standard","meta":{"footnotes":""},"categories":[2],"tags":[524],"class_list":["post-4152","post","type-post","status-publish","format-standard","has-post-thumbnail","hentry","category-nacionales","tag-wtw-panama-inaugura-nuevas-oficinas"],"_links":{"self":[{"href":"https:\/\/panamaimage.com\/noticias\/wp-json\/wp\/v2\/posts\/4152","targetHints":{"allow":["GET"]}}],"collection":[{"href":"https:\/\/panamaimage.com\/noticias\/wp-json\/wp\/v2\/posts"}],"about":[{"href":"https:\/\/panamaimage.com\/noticias\/wp-json\/wp\/v2\/types\/post"}],"author":[{"embeddable":true,"href":"https:\/\/panamaimage.com\/noticias\/wp-json\/wp\/v2\/users\/3"}],"replies":[{"embeddable":true,"href":"https:\/\/panamaimage.com\/noticias\/wp-json\/wp\/v2\/comments?post=4152"}],"version-history":[{"count":1,"href":"https:\/\/panamaimage.com\/noticias\/wp-json\/wp\/v2\/posts\/4152\/revisions"}],"predecessor-version":[{"id":4159,"href":"https:\/\/panamaimage.com\/noticias\/wp-json\/wp\/v2\/posts\/4152\/revisions\/4159"}],"wp:featuredmedia":[{"embeddable":true,"href":"https:\/\/panamaimage.com\/noticias\/wp-json\/wp\/v2\/media\/4154"}],"wp:attachment":[{"href":"https:\/\/panamaimage.com\/noticias\/wp-json\/wp\/v2\/media?parent=4152"}],"wp:term":[{"taxonomy":"category","embeddable":true,"href":"https:\/\/panamaimage.com\/noticias\/wp-json\/wp\/v2\/categories?post=4152"},{"taxonomy":"post_tag","embeddable":true,"href":"https:\/\/panamaimage.com\/noticias\/wp-json\/wp\/v2\/tags?post=4152"}],"curies":[{"name":"wp","href":"https:\/\/api.w.org\/{rel}","templated":true}]}}