{"id":4137,"date":"2024-12-13T10:42:00","date_gmt":"2024-12-13T10:42:00","guid":{"rendered":"https:\/\/panamaimage.com\/noticias\/?p=4137"},"modified":"2024-12-16T18:05:54","modified_gmt":"2024-12-16T18:05:54","slug":"javier-carrizo-esquivel-reconociido-como-uno-de-los-lideres-con-mejor-reputacion","status":"publish","type":"post","link":"https:\/\/panamaimage.com\/noticias\/javier-carrizo-esquivel-reconociido-como-uno-de-los-lideres-con-mejor-reputacion\/","title":{"rendered":"Javier Carrizo Esquivel reconoc\u00ecido como uno de los l\u00edderes con mejor reputaci\u00f3n"},"content":{"rendered":"\n<p><\/p>\n\n\n\n<p><em>Panam\u00e1, 13 de diciembre de 2024.<\/em> Merco L\u00edderes Panam\u00e1, ranking del prestigioso Monitor Empresarial de Reputaci\u00f3n Corporativa (Merco), dio a conocer los resultados de los l\u00edderes con mejor reputaci\u00f3n en Panam\u00e1 en 2024, quedando Javier Carrizo Esquivel, gerente general de Banco Nacional de Panam\u00e1 (Banconal), en el selecto Top 10 del ranking, con la posici\u00f3n n\u00famero 9.<\/p>\n\n\n\n<p>Este prestigioso monitor, uno de los m\u00e1s importantes para Iberoam\u00e9rica, hace una selecci\u00f3n por sector, siendo Carrizo Esquivel la posici\u00f3n n\u00famero 3 para este 2024, de l\u00edderes con mejor reputaci\u00f3n en el Sector Financiero y Bancario.<\/p>\n\n\n\n<p>Cabe resaltar que el monitor de reputaci\u00f3n Merco, ha contado en esta s\u00e9ptima edici\u00f3n de Merco L\u00edderes Panam\u00e1 con 5 fuentes de informaci\u00f3n y 538 encuestas a 362 directivos de grandes empresas, 41 directores de medios de comunicaci\u00f3n y l\u00edderes de opini\u00f3n, 45 periodistas de informaci\u00f3n econ\u00f3mica, 45 analistas financieros y 45 catedr\u00e1ticos de econom\u00eda y empresa.<\/p>\n\n\n\n<figure class=\"wp-block-image size-large\"><a href=\"https:\/\/panamaimage.com\/noticias\/wp-content\/uploads\/2024\/12\/IMG-20241212-WA01711-scaled.jpg\"><img loading=\"lazy\" decoding=\"async\" width=\"576\" height=\"1024\" src=\"https:\/\/panamaimage.com\/noticias\/wp-content\/uploads\/2024\/12\/IMG-20241212-WA01711-576x1024.jpg\" alt=\"\" class=\"wp-image-4138\" title=\"\" srcset=\"https:\/\/panamaimage.com\/noticias\/wp-content\/uploads\/2024\/12\/IMG-20241212-WA01711-576x1024.jpg 576w, https:\/\/panamaimage.com\/noticias\/wp-content\/uploads\/2024\/12\/IMG-20241212-WA01711-169x300.jpg 169w, https:\/\/panamaimage.com\/noticias\/wp-content\/uploads\/2024\/12\/IMG-20241212-WA01711-768x1365.jpg 768w, https:\/\/panamaimage.com\/noticias\/wp-content\/uploads\/2024\/12\/IMG-20241212-WA01711-864x1536.jpg 864w, https:\/\/panamaimage.com\/noticias\/wp-content\/uploads\/2024\/12\/IMG-20241212-WA01711-1152x2048.jpg 1152w, https:\/\/panamaimage.com\/noticias\/wp-content\/uploads\/2024\/12\/IMG-20241212-WA01711-scaled.jpg 1440w\" sizes=\"auto, (max-width: 576px) 100vw, 576px\" \/><\/a><\/figure>\n","protected":false},"excerpt":{"rendered":"<p>Panam\u00e1, 13 de diciembre de 2024. Merco L\u00edderes Panam\u00e1, ranking del prestigioso Monitor Empresarial de Reputaci\u00f3n Corporativa (Merco), dio a conocer los resultados de los l\u00edderes con mejor reputaci\u00f3n en Panam\u00e1 en 2024, quedando Javier Carrizo Esquivel, gerente general de Banco Nacional de Panam\u00e1 (Banconal), en el selecto Top 10 del ranking, con la posici\u00f3n [&hellip;]<\/p>\n","protected":false},"author":3,"featured_media":4139,"comment_status":"open","ping_status":"open","sticky":false,"template":"","format":"standard","meta":{"footnotes":""},"categories":[2],"tags":[],"class_list":["post-4137","post","type-post","status-publish","format-standard","has-post-thumbnail","hentry","category-nacionales"],"_links":{"self":[{"href":"https:\/\/panamaimage.com\/noticias\/wp-json\/wp\/v2\/posts\/4137","targetHints":{"allow":["GET"]}}],"collection":[{"href":"https:\/\/panamaimage.com\/noticias\/wp-json\/wp\/v2\/posts"}],"about":[{"href":"https:\/\/panamaimage.com\/noticias\/wp-json\/wp\/v2\/types\/post"}],"author":[{"embeddable":true,"href":"https:\/\/panamaimage.com\/noticias\/wp-json\/wp\/v2\/users\/3"}],"replies":[{"embeddable":true,"href":"https:\/\/panamaimage.com\/noticias\/wp-json\/wp\/v2\/comments?post=4137"}],"version-history":[{"count":1,"href":"https:\/\/panamaimage.com\/noticias\/wp-json\/wp\/v2\/posts\/4137\/revisions"}],"predecessor-version":[{"id":4140,"href":"https:\/\/panamaimage.com\/noticias\/wp-json\/wp\/v2\/posts\/4137\/revisions\/4140"}],"wp:featuredmedia":[{"embeddable":true,"href":"https:\/\/panamaimage.com\/noticias\/wp-json\/wp\/v2\/media\/4139"}],"wp:attachment":[{"href":"https:\/\/panamaimage.com\/noticias\/wp-json\/wp\/v2\/media?parent=4137"}],"wp:term":[{"taxonomy":"category","embeddable":true,"href":"https:\/\/panamaimage.com\/noticias\/wp-json\/wp\/v2\/categories?post=4137"},{"taxonomy":"post_tag","embeddable":true,"href":"https:\/\/panamaimage.com\/noticias\/wp-json\/wp\/v2\/tags?post=4137"}],"curies":[{"name":"wp","href":"https:\/\/api.w.org\/{rel}","templated":true}]}}