{"id":3922,"date":"2024-11-02T14:49:52","date_gmt":"2024-11-02T14:49:52","guid":{"rendered":"https:\/\/panamaimage.com\/noticias\/?p=3922"},"modified":"2024-11-02T14:49:56","modified_gmt":"2024-11-02T14:49:56","slug":"presidente-mulino-llama-a-cuerpo-diplomatico-a-cerrar-filas-contra-las-listas-discriminatorias","status":"publish","type":"post","link":"https:\/\/panamaimage.com\/noticias\/presidente-mulino-llama-a-cuerpo-diplomatico-a-cerrar-filas-contra-las-listas-discriminatorias\/","title":{"rendered":"Presidente Mulino llama a Cuerpo Diplom\u00e1tico a cerrar filas contra las listas discriminatorias"},"content":{"rendered":"\n<p><\/p>\n\n\n\n<p>El presidente Jos\u00e9 Ra\u00fal Mulino recibi\u00f3 a los miembros del Cuerpo Diplom\u00e1tico acreditado en Panam\u00e1 como parte del inicio de fiestas patrias, saludo protocolar donde solicit\u00f3 a los representantes de cada naci\u00f3n llevar a sus gobiernos el mensaje paname\u00f1o de inconformidad al tratamiento internacional recibido con la inclusi\u00f3n en listas discriminatorias, ante una naci\u00f3n que siempre ha estado al servicio del mundo de manera leg\u00edtima y pac\u00edfica.<\/p>\n\n\n\n<p>Panam\u00e1, este mes de noviembre, cumple 121 a\u00f1os de soberan\u00eda total, momento propicio \u2013dijo Mulino para que, \u201ccon el mayor respeto transmitan este mensaje: no nos sentimos c\u00f3modos y es en una ocasi\u00f3n importante como el mes de nuestra patria salir en defensa de nuestros intereses nacionales como corresponde rechazando semejante injusticia\u201d.<\/p>\n\n\n\n<p>Ante los embajadores y representantes de unas 50 naciones, el gobernante destac\u00f3 que Panam\u00e1 pone al servicio del mundo un canal interoce\u00e1nico, un hub log\u00edstico y uno de los mejores centros financieros, por lo que aspira que esta naci\u00f3n sea tratada con las mismas reglas en los distintos pa\u00edses, y que no se nos juzgue bajo par\u00e1metros de su pol\u00edtica interna en contra de nuestra decisi\u00f3n soberana.<\/p>\n\n\n\n<p>\u201cSoy el Presidente para defender los intereses de los paname\u00f1os\u2026 No importan las distancias o los mares que nos dividan, estamos aqu\u00ed como un socio confiable, somos un pa\u00eds que abre sus brazos a estrechar nuestras relaciones internacionales y la reciprocidad en el mundo\u201d, sostuvo Mulino.<\/p>\n\n\n\n<p>El presidente Mulino, quien estuvo acompa\u00f1ado de su esposa Maricel Cohen de Mulino, adem\u00e1s de ministros de Estado, tambi\u00e9n abog\u00f3 por el cese de hostilidades en el mundo, destacando la democracia para que los pueblos vivan en paz.<\/p>\n\n\n\n<p>\u201cEn un momento crucial donde somos amigos, el mundo necesita cerrar filas, aquellos pa\u00edses que creemos en la paz\u2026 Panam\u00e1 se une a las voces que claman por un encuentro amistoso y el cese de hostilidades como corresponde en abierto respeto a los principios de soberan\u00eda de los m\u00e1s altos intereses de la comunidad internacional como es natural\u201d, destac\u00f3.<\/p>\n\n\n\n<p>El mandatario Mulino concluy\u00f3 agradeciendo a los diplom\u00e1ticos por su presencia en Panam\u00e1 y expres\u00f3 los mejores deseos a cada pa\u00eds que representan; igualmente, pidi\u00f3 lleven a sus pueblos el c\u00e1lido abrazo de esta naci\u00f3n que siempre ha mantenido una alianza bilateral con cada uno de los gobiernos y que festejen las fiestas patrias paname\u00f1as.<\/p>\n\n\n\n<p>Entre tanto, el Nuncio Apost\u00f3lico de Su Santidad, Dagoberto Campos, como Decano del Cuerpo Diplom\u00e1tico, augur\u00f3 al gobierno y al pueblo paname\u00f1o que Dios ilumine los caminos para que en cada decisi\u00f3n y en cada acto de servicio p\u00fablico sean guiados por su infinita sabidur\u00eda.<\/p>\n\n\n\n<p>\u201cLa patria no es s\u00f3lo un territorio, ni una sangre o un idioma, la patria describe la identidad de una naci\u00f3n y constituye una misi\u00f3n que se van transmitiendo de generaci\u00f3n en generaci\u00f3n\u2026 A trav\u00e9s de nuestras relaciones bilaterales y multilaterales deseamos continuar fortaleciendo los lazos de amistad y cooperaci\u00f3n y seguir contribuyendo a los esfuerzos que buscan el bienestar de todos los paname\u00f1os\u201d, manifest\u00f3.<\/p>\n\n\n\n<p><\/p>\n\n\n\n<figure class=\"wp-block-image size-large\"><a href=\"https:\/\/panamaimage.com\/noticias\/wp-content\/uploads\/2024\/11\/IMG-20241102-WA0152.jpg\"><img loading=\"lazy\" decoding=\"async\" width=\"1024\" height=\"682\" src=\"https:\/\/panamaimage.com\/noticias\/wp-content\/uploads\/2024\/11\/IMG-20241102-WA0152-1024x682.jpg\" alt=\"\" class=\"wp-image-3928\" title=\"\" srcset=\"https:\/\/panamaimage.com\/noticias\/wp-content\/uploads\/2024\/11\/IMG-20241102-WA0152-1024x682.jpg 1024w, https:\/\/panamaimage.com\/noticias\/wp-content\/uploads\/2024\/11\/IMG-20241102-WA0152-300x200.jpg 300w, https:\/\/panamaimage.com\/noticias\/wp-content\/uploads\/2024\/11\/IMG-20241102-WA0152-768x512.jpg 768w, https:\/\/panamaimage.com\/noticias\/wp-content\/uploads\/2024\/11\/IMG-20241102-WA0152.jpg 1280w\" sizes=\"auto, (max-width: 1024px) 100vw, 1024px\" \/><\/a><\/figure>\n\n\n\n<figure class=\"wp-block-image size-large\"><a href=\"https:\/\/panamaimage.com\/noticias\/wp-content\/uploads\/2024\/11\/IMG-20241102-WA0158.jpg\"><img loading=\"lazy\" decoding=\"async\" width=\"682\" height=\"1024\" src=\"https:\/\/panamaimage.com\/noticias\/wp-content\/uploads\/2024\/11\/IMG-20241102-WA0158-682x1024.jpg\" alt=\"\" class=\"wp-image-3926\" title=\"\" srcset=\"https:\/\/panamaimage.com\/noticias\/wp-content\/uploads\/2024\/11\/IMG-20241102-WA0158-682x1024.jpg 682w, https:\/\/panamaimage.com\/noticias\/wp-content\/uploads\/2024\/11\/IMG-20241102-WA0158-200x300.jpg 200w, https:\/\/panamaimage.com\/noticias\/wp-content\/uploads\/2024\/11\/IMG-20241102-WA0158-768x1152.jpg 768w, https:\/\/panamaimage.com\/noticias\/wp-content\/uploads\/2024\/11\/IMG-20241102-WA0158.jpg 853w\" sizes=\"auto, (max-width: 682px) 100vw, 682px\" \/><\/a><\/figure>\n\n\n\n<figure class=\"wp-block-image size-large\"><a href=\"https:\/\/panamaimage.com\/noticias\/wp-content\/uploads\/2024\/11\/IMG-20241102-WA0086-scaled.jpg\"><img loading=\"lazy\" decoding=\"async\" width=\"1024\" height=\"683\" src=\"https:\/\/panamaimage.com\/noticias\/wp-content\/uploads\/2024\/11\/IMG-20241102-WA0086-1024x683.jpg\" alt=\"\" class=\"wp-image-3925\" title=\"\" srcset=\"https:\/\/panamaimage.com\/noticias\/wp-content\/uploads\/2024\/11\/IMG-20241102-WA0086-1024x683.jpg 1024w, https:\/\/panamaimage.com\/noticias\/wp-content\/uploads\/2024\/11\/IMG-20241102-WA0086-300x200.jpg 300w, https:\/\/panamaimage.com\/noticias\/wp-content\/uploads\/2024\/11\/IMG-20241102-WA0086-768x512.jpg 768w, https:\/\/panamaimage.com\/noticias\/wp-content\/uploads\/2024\/11\/IMG-20241102-WA0086-1536x1024.jpg 1536w, https:\/\/panamaimage.com\/noticias\/wp-content\/uploads\/2024\/11\/IMG-20241102-WA0086-2048x1366.jpg 2048w\" sizes=\"auto, (max-width: 1024px) 100vw, 1024px\" \/><\/a><\/figure>\n\n\n\n<figure class=\"wp-block-image size-large\"><a href=\"https:\/\/panamaimage.com\/noticias\/wp-content\/uploads\/2024\/11\/IMG-20241102-WA0090-scaled.jpg\"><img loading=\"lazy\" decoding=\"async\" width=\"1024\" height=\"683\" src=\"https:\/\/panamaimage.com\/noticias\/wp-content\/uploads\/2024\/11\/IMG-20241102-WA0090-1024x683.jpg\" alt=\"\" class=\"wp-image-3924\" title=\"\" srcset=\"https:\/\/panamaimage.com\/noticias\/wp-content\/uploads\/2024\/11\/IMG-20241102-WA0090-1024x683.jpg 1024w, https:\/\/panamaimage.com\/noticias\/wp-content\/uploads\/2024\/11\/IMG-20241102-WA0090-300x200.jpg 300w, https:\/\/panamaimage.com\/noticias\/wp-content\/uploads\/2024\/11\/IMG-20241102-WA0090-768x512.jpg 768w, https:\/\/panamaimage.com\/noticias\/wp-content\/uploads\/2024\/11\/IMG-20241102-WA0090-1536x1024.jpg 1536w, https:\/\/panamaimage.com\/noticias\/wp-content\/uploads\/2024\/11\/IMG-20241102-WA0090-2048x1366.jpg 2048w\" sizes=\"auto, (max-width: 1024px) 100vw, 1024px\" \/><\/a><\/figure>\n\n\n\n<figure class=\"wp-block-image size-large\"><a href=\"https:\/\/panamaimage.com\/noticias\/wp-content\/uploads\/2024\/11\/IMG-20241102-WA0094-scaled.jpg\"><img loading=\"lazy\" decoding=\"async\" width=\"1024\" height=\"683\" src=\"https:\/\/panamaimage.com\/noticias\/wp-content\/uploads\/2024\/11\/IMG-20241102-WA0094-1024x683.jpg\" alt=\"\" class=\"wp-image-3923\" title=\"\" srcset=\"https:\/\/panamaimage.com\/noticias\/wp-content\/uploads\/2024\/11\/IMG-20241102-WA0094-1024x683.jpg 1024w, https:\/\/panamaimage.com\/noticias\/wp-content\/uploads\/2024\/11\/IMG-20241102-WA0094-300x200.jpg 300w, https:\/\/panamaimage.com\/noticias\/wp-content\/uploads\/2024\/11\/IMG-20241102-WA0094-768x512.jpg 768w, https:\/\/panamaimage.com\/noticias\/wp-content\/uploads\/2024\/11\/IMG-20241102-WA0094-1536x1024.jpg 1536w, https:\/\/panamaimage.com\/noticias\/wp-content\/uploads\/2024\/11\/IMG-20241102-WA0094-2048x1366.jpg 2048w\" sizes=\"auto, (max-width: 1024px) 100vw, 1024px\" \/><\/a><\/figure>\n\n\n","protected":false},"excerpt":{"rendered":"<p>El presidente Jos\u00e9 Ra\u00fal Mulino recibi\u00f3 a los miembros del Cuerpo Diplom\u00e1tico acreditado en Panam\u00e1 como parte del inicio de fiestas patrias, saludo protocolar donde solicit\u00f3 a los representantes de cada naci\u00f3n llevar a sus gobiernos el mensaje paname\u00f1o de inconformidad al tratamiento internacional recibido con la inclusi\u00f3n en listas discriminatorias, ante una naci\u00f3n que [&hellip;]<\/p>\n","protected":false},"author":3,"featured_media":3927,"comment_status":"open","ping_status":"open","sticky":false,"template":"","format":"standard","meta":{"footnotes":""},"categories":[2],"tags":[],"class_list":["post-3922","post","type-post","status-publish","format-standard","has-post-thumbnail","hentry","category-nacionales"],"_links":{"self":[{"href":"https:\/\/panamaimage.com\/noticias\/wp-json\/wp\/v2\/posts\/3922","targetHints":{"allow":["GET"]}}],"collection":[{"href":"https:\/\/panamaimage.com\/noticias\/wp-json\/wp\/v2\/posts"}],"about":[{"href":"https:\/\/panamaimage.com\/noticias\/wp-json\/wp\/v2\/types\/post"}],"author":[{"embeddable":true,"href":"https:\/\/panamaimage.com\/noticias\/wp-json\/wp\/v2\/users\/3"}],"replies":[{"embeddable":true,"href":"https:\/\/panamaimage.com\/noticias\/wp-json\/wp\/v2\/comments?post=3922"}],"version-history":[{"count":1,"href":"https:\/\/panamaimage.com\/noticias\/wp-json\/wp\/v2\/posts\/3922\/revisions"}],"predecessor-version":[{"id":3929,"href":"https:\/\/panamaimage.com\/noticias\/wp-json\/wp\/v2\/posts\/3922\/revisions\/3929"}],"wp:featuredmedia":[{"embeddable":true,"href":"https:\/\/panamaimage.com\/noticias\/wp-json\/wp\/v2\/media\/3927"}],"wp:attachment":[{"href":"https:\/\/panamaimage.com\/noticias\/wp-json\/wp\/v2\/media?parent=3922"}],"wp:term":[{"taxonomy":"category","embeddable":true,"href":"https:\/\/panamaimage.com\/noticias\/wp-json\/wp\/v2\/categories?post=3922"},{"taxonomy":"post_tag","embeddable":true,"href":"https:\/\/panamaimage.com\/noticias\/wp-json\/wp\/v2\/tags?post=3922"}],"curies":[{"name":"wp","href":"https:\/\/api.w.org\/{rel}","templated":true}]}}