{"id":3919,"date":"2024-10-31T17:41:00","date_gmt":"2024-10-31T17:41:00","guid":{"rendered":"https:\/\/panamaimage.com\/noticias\/?p=3919"},"modified":"2024-11-01T22:43:44","modified_gmt":"2024-11-01T22:43:44","slug":"presupuesto-del-estado-por-b-30111-millones-pasa-al-ejecutivo","status":"publish","type":"post","link":"https:\/\/panamaimage.com\/noticias\/presupuesto-del-estado-por-b-30111-millones-pasa-al-ejecutivo\/","title":{"rendered":"PRESUPUESTO DEL ESTADO POR B\/30,111 MILLONES PASA AL EJECUTIVO"},"content":{"rendered":"\n<p>-Se inicia la era de gesti\u00f3n de las finanzas p\u00fablicas del nuevo gobierno-<\/p>\n\n\n\n<p>Los diputados cumplieron su papel institucional de aprobar, en tercer debate, el Presupuesto General del Estado del a\u00f1o 2025. Constituye el documento fiscal en el cual se sustenta el primer plan de inversiones y de funcionamiento de la administraci\u00f3n gubernamental que tom\u00f3 posesi\u00f3n el 1 de julio<br>Con 43 votos a favor y 26 en contra, la nueva Asamblea aprob\u00f3 el instrumento legal cumpliendo con lo establecido en la Constituci\u00f3n de la Rep\u00fablica de Panam\u00e1.<\/p>\n\n\n\n<p>A su salida del Hemiciclo, el ministro de Econom\u00eda y Finanzas, Felipe Chapman, indic\u00f3 que la tarea de este presupuesto es ejecutarlo en su m\u00e1xima expresi\u00f3n. Dijo estar optimista que el a\u00f1o que viene ser\u00e1 mejor.<\/p>\n\n\n\n<p>Chapman sostuvo de que se trata de un presupuesto enfocado en las necesidades de los ciudadanos, concentrado en educaci\u00f3n, en salud, en seguridad, en agua y otros objetivos banderas del gobierno.<\/p>\n\n\n\n<p>Asegur\u00f3 que estar\u00e1 al frente con la responsabilidad que le asign\u00f3 el Ejecutivo, como gestor de la administraci\u00f3n de los recursos de todos los paname\u00f1os.<\/p>\n\n\n\n<p>El Proyecto de Ley 143 fue el tema central de la discusi\u00f3n de conveniencia o inconveniencia, que llev\u00f3 m\u00e1s de 4 horas de debate, en el hemiciclo legislativo, y como parte de las posiciones finales en el marco de la clausura de la primera legislatura del primer periodo de sesiones ordinarias plenarias.<\/p>\n\n\n\n<p>Un punto sostenido en las intervenciones se patentiz\u00f3 en el art\u00edculo 273, el cual dispone que, si la Asamblea Nacional rechaza el presupuesto, se considerar\u00e1 autom\u00e1ticamente prorrogado el presupuesto del ejercicio anterior hasta que se apruebe el nuevo.<\/p>\n","protected":false},"excerpt":{"rendered":"<p>-Se inicia la era de gesti\u00f3n de las finanzas p\u00fablicas del nuevo gobierno- Los diputados cumplieron su papel institucional de aprobar, en tercer debate, el Presupuesto General del Estado del a\u00f1o 2025. Constituye el documento fiscal en el cual se sustenta el primer plan de inversiones y de funcionamiento de la administraci\u00f3n gubernamental que tom\u00f3 [&hellip;]<\/p>\n","protected":false},"author":3,"featured_media":3920,"comment_status":"open","ping_status":"open","sticky":false,"template":"","format":"standard","meta":{"footnotes":""},"categories":[2],"tags":[522],"class_list":["post-3919","post","type-post","status-publish","format-standard","has-post-thumbnail","hentry","category-nacionales","tag-presupuesto-del-estado-por-b-30"],"_links":{"self":[{"href":"https:\/\/panamaimage.com\/noticias\/wp-json\/wp\/v2\/posts\/3919","targetHints":{"allow":["GET"]}}],"collection":[{"href":"https:\/\/panamaimage.com\/noticias\/wp-json\/wp\/v2\/posts"}],"about":[{"href":"https:\/\/panamaimage.com\/noticias\/wp-json\/wp\/v2\/types\/post"}],"author":[{"embeddable":true,"href":"https:\/\/panamaimage.com\/noticias\/wp-json\/wp\/v2\/users\/3"}],"replies":[{"embeddable":true,"href":"https:\/\/panamaimage.com\/noticias\/wp-json\/wp\/v2\/comments?post=3919"}],"version-history":[{"count":1,"href":"https:\/\/panamaimage.com\/noticias\/wp-json\/wp\/v2\/posts\/3919\/revisions"}],"predecessor-version":[{"id":3921,"href":"https:\/\/panamaimage.com\/noticias\/wp-json\/wp\/v2\/posts\/3919\/revisions\/3921"}],"wp:featuredmedia":[{"embeddable":true,"href":"https:\/\/panamaimage.com\/noticias\/wp-json\/wp\/v2\/media\/3920"}],"wp:attachment":[{"href":"https:\/\/panamaimage.com\/noticias\/wp-json\/wp\/v2\/media?parent=3919"}],"wp:term":[{"taxonomy":"category","embeddable":true,"href":"https:\/\/panamaimage.com\/noticias\/wp-json\/wp\/v2\/categories?post=3919"},{"taxonomy":"post_tag","embeddable":true,"href":"https:\/\/panamaimage.com\/noticias\/wp-json\/wp\/v2\/tags?post=3919"}],"curies":[{"name":"wp","href":"https:\/\/api.w.org\/{rel}","templated":true}]}}