{"id":3913,"date":"2024-11-01T21:50:50","date_gmt":"2024-11-01T21:50:50","guid":{"rendered":"https:\/\/panamaimage.com\/noticias\/?p=3913"},"modified":"2024-11-01T21:50:52","modified_gmt":"2024-11-01T21:50:52","slug":"celebran-inicio-del-mes-de-la-patria-en-la-alcaldia-de-panama","status":"publish","type":"post","link":"https:\/\/panamaimage.com\/noticias\/celebran-inicio-del-mes-de-la-patria-en-la-alcaldia-de-panama\/","title":{"rendered":"Celebran inicio del Mes de la Patria en la Alcald\u00eda de Panam\u00e1"},"content":{"rendered":"\n<p><\/p>\n\n\n\n<p>Panam\u00e1, 1 de noviembre de 2024. &#8211; En conmemoraci\u00f3n del &#8216;Mes de la Patria&#8217;, la Alcald\u00eda de Panam\u00e1 lanz\u00f3 por primera vez un programa de actividades culturales y patri\u00f3ticas en noviembre, reuniendo a colaboradores y ciudadanos en un ambiente de orgullo nacional y celebraci\u00f3n.<\/p>\n\n\n\n<p>El evento destac\u00f3 con danzas interpretadas por el Ballet Folkl\u00f3rico Municipal, un emotivo saludo a la bandera acompa\u00f1ado por la tradicional Marcha Panam\u00e1 y la presentaci\u00f3n especial de la Banda de M\u00fasica \u2018Ventura Delgado\u2019 del Instituto Am\u00e9rica.<\/p>\n\n\n\n<p>El alcalde Mayer Mizrachi expres\u00f3 el compromiso de la ciudadan\u00eda con los valores patrios, se\u00f1alando: \u201cLas Fiestas Patrias se celebran en noviembre, pero somos paname\u00f1os todos los d\u00edas del a\u00f1o con nuestro actuar, con nuestro ejemplo, haciendo lo correcto aunque nadie m\u00e1s lo est\u00e9 haciendo\u201d.<\/p>\n\n\n\n<p>Liberaci\u00f3n de carpas y embellecimiento de espacios<\/p>\n\n\n\n<p>Como parte de las actividades, se liberaron 65 peces carpa y se colocaron plantas acu\u00e1ticas en la fuente del edificio Hatillo, sede de la Alcald\u00eda. Esta acci\u00f3n, realizada en colaboraci\u00f3n con la Autoridad de Recursos Acu\u00e1ticos de Panam\u00e1 y la dise\u00f1adora paisajista Denise Bennett de Gesti\u00f3n Ambiental, embellece las instalaciones con el apoyo de Jacinto de Agua y Lilis Acu\u00e1ticas.<\/p>\n\n\n\n<p>Siembra de Banderas<\/p>\n\n\n\n<p>La jornada culmin\u00f3 con la siembra de banderas en los predios de la Alcald\u00eda por parte de los servidores municipales, integrando esta decoraci\u00f3n tricolor a las festividades de la instituci\u00f3n. Adem\u00e1s, se repartieron banderas a los asistentes en los alrededores del municipio. El evento fue amenizado por la Orquesta Municipal \u2018Son Cultura\u2019 y la Banda Independiente Centenario, quienes brindaron un cierre vibrante y festivo a la celebraci\u00f3n.<\/p>\n\n\n\n<p>Con estas actividades, la Alcald\u00eda de Panam\u00e1 reafirma su compromiso de promover y preservar el orgullo patrio y de acercar a la comunidad a la cultura y tradiciones de nuestro pa\u00eds.<\/p>\n\n\n\n<figure class=\"wp-block-gallery has-nested-images columns-default is-cropped wp-block-gallery-1 is-layout-flex wp-block-gallery-is-layout-flex\">\n<figure class=\"wp-block-image size-large\"><a href=\"https:\/\/panamaimage.com\/noticias\/wp-content\/uploads\/2024\/11\/IMG-20241101-WA0441.jpg\"><img loading=\"lazy\" decoding=\"async\" width=\"1024\" height=\"682\" data-id=\"3916\" src=\"https:\/\/panamaimage.com\/noticias\/wp-content\/uploads\/2024\/11\/IMG-20241101-WA0441-1024x682.jpg\" alt=\"\" class=\"wp-image-3916\" title=\"\" srcset=\"https:\/\/panamaimage.com\/noticias\/wp-content\/uploads\/2024\/11\/IMG-20241101-WA0441-1024x682.jpg 1024w, https:\/\/panamaimage.com\/noticias\/wp-content\/uploads\/2024\/11\/IMG-20241101-WA0441-300x200.jpg 300w, https:\/\/panamaimage.com\/noticias\/wp-content\/uploads\/2024\/11\/IMG-20241101-WA0441-768x512.jpg 768w, https:\/\/panamaimage.com\/noticias\/wp-content\/uploads\/2024\/11\/IMG-20241101-WA0441.jpg 1280w\" sizes=\"auto, (max-width: 1024px) 100vw, 1024px\" \/><\/a><\/figure>\n\n\n\n<figure class=\"wp-block-image size-large\"><a href=\"https:\/\/panamaimage.com\/noticias\/wp-content\/uploads\/2024\/11\/IMG-20241101-WA0442.jpg\"><img loading=\"lazy\" decoding=\"async\" width=\"1024\" height=\"682\" data-id=\"3915\" src=\"https:\/\/panamaimage.com\/noticias\/wp-content\/uploads\/2024\/11\/IMG-20241101-WA0442-1024x682.jpg\" alt=\"\" class=\"wp-image-3915\" title=\"\" srcset=\"https:\/\/panamaimage.com\/noticias\/wp-content\/uploads\/2024\/11\/IMG-20241101-WA0442-1024x682.jpg 1024w, https:\/\/panamaimage.com\/noticias\/wp-content\/uploads\/2024\/11\/IMG-20241101-WA0442-300x200.jpg 300w, https:\/\/panamaimage.com\/noticias\/wp-content\/uploads\/2024\/11\/IMG-20241101-WA0442-768x512.jpg 768w, https:\/\/panamaimage.com\/noticias\/wp-content\/uploads\/2024\/11\/IMG-20241101-WA0442.jpg 1280w\" sizes=\"auto, (max-width: 1024px) 100vw, 1024px\" \/><\/a><\/figure>\n\n\n\n<figure class=\"wp-block-image size-large\"><a href=\"https:\/\/panamaimage.com\/noticias\/wp-content\/uploads\/2024\/11\/IMG-20241101-WA0444.jpg\"><img loading=\"lazy\" decoding=\"async\" width=\"1024\" height=\"682\" data-id=\"3914\" src=\"https:\/\/panamaimage.com\/noticias\/wp-content\/uploads\/2024\/11\/IMG-20241101-WA0444-1024x682.jpg\" alt=\"\" class=\"wp-image-3914\" title=\"\" srcset=\"https:\/\/panamaimage.com\/noticias\/wp-content\/uploads\/2024\/11\/IMG-20241101-WA0444-1024x682.jpg 1024w, https:\/\/panamaimage.com\/noticias\/wp-content\/uploads\/2024\/11\/IMG-20241101-WA0444-300x200.jpg 300w, https:\/\/panamaimage.com\/noticias\/wp-content\/uploads\/2024\/11\/IMG-20241101-WA0444-768x512.jpg 768w, https:\/\/panamaimage.com\/noticias\/wp-content\/uploads\/2024\/11\/IMG-20241101-WA0444.jpg 1280w\" sizes=\"auto, (max-width: 1024px) 100vw, 1024px\" \/><\/a><\/figure>\n<\/figure>\n","protected":false},"excerpt":{"rendered":"<p>Panam\u00e1, 1 de noviembre de 2024. &#8211; En conmemoraci\u00f3n del &#8216;Mes de la Patria&#8217;, la Alcald\u00eda de Panam\u00e1 lanz\u00f3 por primera vez un programa de actividades culturales y patri\u00f3ticas en noviembre, reuniendo a colaboradores y ciudadanos en un ambiente de orgullo nacional y celebraci\u00f3n. El evento destac\u00f3 con danzas interpretadas por el Ballet Folkl\u00f3rico Municipal, [&hellip;]<\/p>\n","protected":false},"author":3,"featured_media":3917,"comment_status":"open","ping_status":"open","sticky":false,"template":"","format":"standard","meta":{"footnotes":""},"categories":[2],"tags":[],"class_list":["post-3913","post","type-post","status-publish","format-standard","has-post-thumbnail","hentry","category-nacionales"],"_links":{"self":[{"href":"https:\/\/panamaimage.com\/noticias\/wp-json\/wp\/v2\/posts\/3913","targetHints":{"allow":["GET"]}}],"collection":[{"href":"https:\/\/panamaimage.com\/noticias\/wp-json\/wp\/v2\/posts"}],"about":[{"href":"https:\/\/panamaimage.com\/noticias\/wp-json\/wp\/v2\/types\/post"}],"author":[{"embeddable":true,"href":"https:\/\/panamaimage.com\/noticias\/wp-json\/wp\/v2\/users\/3"}],"replies":[{"embeddable":true,"href":"https:\/\/panamaimage.com\/noticias\/wp-json\/wp\/v2\/comments?post=3913"}],"version-history":[{"count":1,"href":"https:\/\/panamaimage.com\/noticias\/wp-json\/wp\/v2\/posts\/3913\/revisions"}],"predecessor-version":[{"id":3918,"href":"https:\/\/panamaimage.com\/noticias\/wp-json\/wp\/v2\/posts\/3913\/revisions\/3918"}],"wp:featuredmedia":[{"embeddable":true,"href":"https:\/\/panamaimage.com\/noticias\/wp-json\/wp\/v2\/media\/3917"}],"wp:attachment":[{"href":"https:\/\/panamaimage.com\/noticias\/wp-json\/wp\/v2\/media?parent=3913"}],"wp:term":[{"taxonomy":"category","embeddable":true,"href":"https:\/\/panamaimage.com\/noticias\/wp-json\/wp\/v2\/categories?post=3913"},{"taxonomy":"post_tag","embeddable":true,"href":"https:\/\/panamaimage.com\/noticias\/wp-json\/wp\/v2\/tags?post=3913"}],"curies":[{"name":"wp","href":"https:\/\/api.w.org\/{rel}","templated":true}]}}