{"id":3906,"date":"2024-11-01T21:15:45","date_gmt":"2024-11-01T21:15:45","guid":{"rendered":"https:\/\/panamaimage.com\/noticias\/?p=3906"},"modified":"2024-11-01T21:15:47","modified_gmt":"2024-11-01T21:15:47","slug":"minsa-celebro-un-acto-civico-conmerarndo-el-mes-de-la-patria","status":"publish","type":"post","link":"https:\/\/panamaimage.com\/noticias\/minsa-celebro-un-acto-civico-conmerarndo-el-mes-de-la-patria\/","title":{"rendered":"Minsa celebr\u00f3 un acto civ\u00edco conmerarndo el mes de la Patria"},"content":{"rendered":"\n<p><\/p>\n\n\n\n<p>Panam\u00e1, 1 de noviembre de 2024. El ministro de Salud, Fernando Boyd Galindo y el viceministro de Salud, Manuel Zambrano encabezaron el acto c\u00edvico en la sede de Anc\u00f3n, que da inici\u00f3 a la celebraci\u00f3n del mes de la Patria con el lema \u201cPaname\u00f1a ilustre en la historia de nuestra Naci\u00f3n\u201d.<\/p>\n\n\n\n<p>\u201cDebemos sentirnos orgullosos de pertenecer a una gran familia de paname\u00f1os, que nos han dejado un gran legado, a trav\u00e9s de su lucha para conseguir nuestra independencia como Naci\u00f3n\u201d, dijo Boyd Galindo.<\/p>\n\n\n\n<p>Boyd Galindo, indic\u00f3 que desde el Ministerio de Salud se est\u00e1 trabajando para mejorar la atenci\u00f3n a los pacientes e invito a cada uno a poner su grano de arena, para lograr este objetivo. Adem\u00e1s, ya se dio inici\u00f3 al programa de telemedicina y la meta es eliminar el c\u00e1ncer cervicouterino y el c\u00e1ncer bucal en nuestro pa\u00eds.<\/p>\n\n\n\n<p>Le correspondi\u00f3 a la gimnasta paname\u00f1a Hillary Heron, el juramento a la Bandera, seguido de bailes t\u00edpicos y la entonaci\u00f3n del Himno Nacional por la banda de m\u00fasica del Instituto Am\u00e9rica.<\/p>\n\n\n\n<p>Participaron del acto c\u00edvico: directores del Ministerio de Salud, jefes de departamentos y colaboradores de la instituci\u00f3n.<\/p>\n\n\n\n<p><\/p>\n\n\n\n<figure class=\"wp-block-image size-large\"><a href=\"https:\/\/panamaimage.com\/noticias\/wp-content\/uploads\/2024\/11\/IMG-20241101-WA0356.jpg\"><img loading=\"lazy\" decoding=\"async\" width=\"683\" height=\"1024\" src=\"https:\/\/panamaimage.com\/noticias\/wp-content\/uploads\/2024\/11\/IMG-20241101-WA0356-683x1024.jpg\" alt=\"\" class=\"wp-image-3910\" title=\"\" srcset=\"https:\/\/panamaimage.com\/noticias\/wp-content\/uploads\/2024\/11\/IMG-20241101-WA0356-683x1024.jpg 683w, https:\/\/panamaimage.com\/noticias\/wp-content\/uploads\/2024\/11\/IMG-20241101-WA0356-200x300.jpg 200w, https:\/\/panamaimage.com\/noticias\/wp-content\/uploads\/2024\/11\/IMG-20241101-WA0356-768x1152.jpg 768w, https:\/\/panamaimage.com\/noticias\/wp-content\/uploads\/2024\/11\/IMG-20241101-WA0356.jpg 864w\" sizes=\"auto, (max-width: 683px) 100vw, 683px\" \/><\/a><\/figure>\n\n\n\n<figure class=\"wp-block-image size-large\"><a href=\"https:\/\/panamaimage.com\/noticias\/wp-content\/uploads\/2024\/11\/IMG-20241101-WA0359.jpg\"><img loading=\"lazy\" decoding=\"async\" width=\"683\" height=\"1024\" src=\"https:\/\/panamaimage.com\/noticias\/wp-content\/uploads\/2024\/11\/IMG-20241101-WA0359-683x1024.jpg\" alt=\"\" class=\"wp-image-3908\" title=\"\" srcset=\"https:\/\/panamaimage.com\/noticias\/wp-content\/uploads\/2024\/11\/IMG-20241101-WA0359-683x1024.jpg 683w, https:\/\/panamaimage.com\/noticias\/wp-content\/uploads\/2024\/11\/IMG-20241101-WA0359-200x300.jpg 200w, https:\/\/panamaimage.com\/noticias\/wp-content\/uploads\/2024\/11\/IMG-20241101-WA0359-768x1152.jpg 768w, https:\/\/panamaimage.com\/noticias\/wp-content\/uploads\/2024\/11\/IMG-20241101-WA0359.jpg 864w\" sizes=\"auto, (max-width: 683px) 100vw, 683px\" \/><\/a><\/figure>\n\n\n\n<p><\/p>\n\n\n\n<figure class=\"wp-block-image size-large\"><a href=\"https:\/\/panamaimage.com\/noticias\/wp-content\/uploads\/2024\/11\/IMG-20241101-WA0361.jpg\"><img loading=\"lazy\" decoding=\"async\" width=\"1024\" height=\"683\" src=\"https:\/\/panamaimage.com\/noticias\/wp-content\/uploads\/2024\/11\/IMG-20241101-WA0361-1024x683.jpg\" alt=\"\" class=\"wp-image-3907\" title=\"\" srcset=\"https:\/\/panamaimage.com\/noticias\/wp-content\/uploads\/2024\/11\/IMG-20241101-WA0361-1024x683.jpg 1024w, https:\/\/panamaimage.com\/noticias\/wp-content\/uploads\/2024\/11\/IMG-20241101-WA0361-300x200.jpg 300w, https:\/\/panamaimage.com\/noticias\/wp-content\/uploads\/2024\/11\/IMG-20241101-WA0361-768x512.jpg 768w, https:\/\/panamaimage.com\/noticias\/wp-content\/uploads\/2024\/11\/IMG-20241101-WA0361.jpg 1296w\" sizes=\"auto, (max-width: 1024px) 100vw, 1024px\" \/><\/a><\/figure>\n","protected":false},"excerpt":{"rendered":"<p>Panam\u00e1, 1 de noviembre de 2024. El ministro de Salud, Fernando Boyd Galindo y el viceministro de Salud, Manuel Zambrano encabezaron el acto c\u00edvico en la sede de Anc\u00f3n, que da inici\u00f3 a la celebraci\u00f3n del mes de la Patria con el lema \u201cPaname\u00f1a ilustre en la historia de nuestra Naci\u00f3n\u201d. \u201cDebemos sentirnos orgullosos de [&hellip;]<\/p>\n","protected":false},"author":3,"featured_media":3909,"comment_status":"open","ping_status":"open","sticky":false,"template":"","format":"standard","meta":{"footnotes":""},"categories":[2],"tags":[],"class_list":["post-3906","post","type-post","status-publish","format-standard","has-post-thumbnail","hentry","category-nacionales"],"_links":{"self":[{"href":"https:\/\/panamaimage.com\/noticias\/wp-json\/wp\/v2\/posts\/3906","targetHints":{"allow":["GET"]}}],"collection":[{"href":"https:\/\/panamaimage.com\/noticias\/wp-json\/wp\/v2\/posts"}],"about":[{"href":"https:\/\/panamaimage.com\/noticias\/wp-json\/wp\/v2\/types\/post"}],"author":[{"embeddable":true,"href":"https:\/\/panamaimage.com\/noticias\/wp-json\/wp\/v2\/users\/3"}],"replies":[{"embeddable":true,"href":"https:\/\/panamaimage.com\/noticias\/wp-json\/wp\/v2\/comments?post=3906"}],"version-history":[{"count":1,"href":"https:\/\/panamaimage.com\/noticias\/wp-json\/wp\/v2\/posts\/3906\/revisions"}],"predecessor-version":[{"id":3911,"href":"https:\/\/panamaimage.com\/noticias\/wp-json\/wp\/v2\/posts\/3906\/revisions\/3911"}],"wp:featuredmedia":[{"embeddable":true,"href":"https:\/\/panamaimage.com\/noticias\/wp-json\/wp\/v2\/media\/3909"}],"wp:attachment":[{"href":"https:\/\/panamaimage.com\/noticias\/wp-json\/wp\/v2\/media?parent=3906"}],"wp:term":[{"taxonomy":"category","embeddable":true,"href":"https:\/\/panamaimage.com\/noticias\/wp-json\/wp\/v2\/categories?post=3906"},{"taxonomy":"post_tag","embeddable":true,"href":"https:\/\/panamaimage.com\/noticias\/wp-json\/wp\/v2\/tags?post=3906"}],"curies":[{"name":"wp","href":"https:\/\/api.w.org\/{rel}","templated":true}]}}