{"id":3882,"date":"2024-10-30T16:32:22","date_gmt":"2024-10-30T16:32:22","guid":{"rendered":"https:\/\/panamaimage.com\/noticias\/?p=3882"},"modified":"2024-10-30T16:32:24","modified_gmt":"2024-10-30T16:32:24","slug":"presidente-mulino-proyecto-de-nueva-css-contempla-que-no-sera-privatizada","status":"publish","type":"post","link":"https:\/\/panamaimage.com\/noticias\/presidente-mulino-proyecto-de-nueva-css-contempla-que-no-sera-privatizada\/","title":{"rendered":"Presidente Mulino: proyecto de nueva CSS contempla que no ser\u00e1 privatizada"},"content":{"rendered":"\n<p><\/p>\n\n\n\n<p>En un pronunciamiento ante los representantes de los 11 gremios que participaron en las consultas sobre el futuro de la Caja de Seguro Social (CSS), el presidente de la Rep\u00fablica, Jos\u00e9 Ra\u00fal Mulino, dej\u00f3 en claro que el proyecto de ley que presentar\u00e1 ante la Asamblea Nacional contempla, expresamente, una Caja aut\u00f3noma que no podr\u00e1 ser privatizada.<br>Esta propuesta \u2014explic\u00f3\u2014 tambi\u00e9n implica que el Estado tiene que hacer un esfuerzo bastante mayor al actual para garantizar la sostenibilidad de la Seguridad Social, y que ese esfuerzo financiero igualmente deben hacerlo los patronos en el sistema.<br>\u00abEl enfoque de la ley debe centrarse en el paciente y el jubilado\u00bb, aclar\u00f3 Mulino.<br>En la \u00faltima semana, un equipo t\u00e9cnico del \u00d3rgano Ejecutivo ha estado redactando un proyecto de ley de reforma a la Seguridad Social, a partir de las propuestas de cada uno de los gremios que fueron consultados en los meses de septiembre y octubre. El an\u00e1lisis de estas propuestas ha mostrado que hay m\u00e1s coincidencias que diferencias entre los gremios.<br>\u00abCoincidimos en que el sistema debe ser \u00fanico\u00bb, indic\u00f3 el presidente, \u00abque debe garantizar un ingreso digno a quien aport\u00f3 todo el tiempo correspondiente, pero tambi\u00e9n debe ser solidario, por ejemplo, con quien no logr\u00f3, por diversas causas, aportar el m\u00ednimo indispensable. No es justo que a un trabajador se le devuelvan migajas y que deba enfrentar sin recursos su vejez\u00bb, a\u00f1adi\u00f3.<br>Por el lado financiero, el presidente Mulino recalc\u00f3 que la CSS debe generar mejores rendimientos para sus asegurados. \u00abLa CSS no ser\u00e1 privatizada, pero puede tener rendimientos similares a los del sector privado\u00bb, destac\u00f3.<br>\u00abCoincidimos en que el sistema de Seguridad Social sea m\u00e1s justo, todos queremos que se facilite a los independientes el acceso a la CSS para que puedan cotizar y contar con una pensi\u00f3n\u00bb, a\u00f1adi\u00f3.<br>\u00abPara lograr m\u00e1s eficiencia, hay que establecer un mejor gobierno, una mejor administraci\u00f3n, mayor gesti\u00f3n para cobrar a los morosos y mayores sanciones a quien se quede con el dinero que le pertenece al trabajador. No se puede jugar con el futuro de las personas y de su familia\u00bb, enfatiz\u00f3 el mandatario.<br>Otro aspecto que destac\u00f3 Mulino fue la necesidad de mejorar la atenci\u00f3n a los pacientes, acortar los tiempos de los turnos y de la mora quir\u00fargica, as\u00ed como contar con un eficiente sistema de compra, distribuci\u00f3n, almacenaje y entrega de medicinas. El sistema de compras debe ser cada vez menos burocr\u00e1tico, m\u00e1s abierto, r\u00e1pido y transparente.<br>El texto del proyecto de reforma ser\u00e1 terminado en los pr\u00f3ximos d\u00edas. Este 6 de noviembre, el ministro de Salud, Fernando Boyd Galindo, lo enviar\u00e1 a la Asamblea Nacional, para que sea debatido en sesiones extraordinarias hasta finales de diciembre.<br>Previo a la presentaci\u00f3n del proyecto, el Gobierno Nacional har\u00e1 una explicaci\u00f3n amplia al pa\u00eds sobre su contenido, sus prop\u00f3sitos y alcances. Esto implica conversaciones finales con los gremios, as\u00ed como con los presidentes de los partidos pol\u00edticos y representantes de la prensa nacional.<br>Tambi\u00e9n habr\u00e1 una reuni\u00f3n del mandatario con la presidenta de la Asamblea Nacional, Dana Casta\u00f1eda.<br>El presidente de la Rep\u00fablica agradeci\u00f3 los aportes, tiempo y esfuerzos de todos los gremios que participaron en las dos mesas de consulta, sobre el programa de IVM y sobre los servicios de salud, al tiempo que les asegur\u00f3 que el proyecto de ley ser\u00e1 positivo \u201cy no le va a pasar por encima a nadie\u00bb.<br>Durante su pronunciamiento, el presidente estuvo acompa\u00f1ado de los ministros de la Presidencia, Juan Carlos Orillac; y Salud, Fernando Boyd Galindo; y el director de la CSS, Dino Mon.<\/p>\n\n\n\n<p><\/p>\n\n\n\n<figure class=\"wp-block-image size-large\"><a href=\"https:\/\/panamaimage.com\/noticias\/wp-content\/uploads\/2024\/10\/IMG-20241030-WA0246.jpg\"><img loading=\"lazy\" decoding=\"async\" width=\"1024\" height=\"682\" src=\"https:\/\/panamaimage.com\/noticias\/wp-content\/uploads\/2024\/10\/IMG-20241030-WA0246-1024x682.jpg\" alt=\"\" class=\"wp-image-3887\" title=\"\" srcset=\"https:\/\/panamaimage.com\/noticias\/wp-content\/uploads\/2024\/10\/IMG-20241030-WA0246-1024x682.jpg 1024w, https:\/\/panamaimage.com\/noticias\/wp-content\/uploads\/2024\/10\/IMG-20241030-WA0246-300x200.jpg 300w, https:\/\/panamaimage.com\/noticias\/wp-content\/uploads\/2024\/10\/IMG-20241030-WA0246-768x512.jpg 768w, https:\/\/panamaimage.com\/noticias\/wp-content\/uploads\/2024\/10\/IMG-20241030-WA0246.jpg 1280w\" sizes=\"auto, (max-width: 1024px) 100vw, 1024px\" \/><\/a><\/figure>\n\n\n\n<figure class=\"wp-block-image size-large\"><a href=\"https:\/\/panamaimage.com\/noticias\/wp-content\/uploads\/2024\/10\/IMG-20241030-WA0248.jpg\"><img loading=\"lazy\" decoding=\"async\" width=\"1024\" height=\"682\" src=\"https:\/\/panamaimage.com\/noticias\/wp-content\/uploads\/2024\/10\/IMG-20241030-WA0248-1024x682.jpg\" alt=\"\" class=\"wp-image-3885\" title=\"\" srcset=\"https:\/\/panamaimage.com\/noticias\/wp-content\/uploads\/2024\/10\/IMG-20241030-WA0248-1024x682.jpg 1024w, https:\/\/panamaimage.com\/noticias\/wp-content\/uploads\/2024\/10\/IMG-20241030-WA0248-300x200.jpg 300w, https:\/\/panamaimage.com\/noticias\/wp-content\/uploads\/2024\/10\/IMG-20241030-WA0248-768x512.jpg 768w, https:\/\/panamaimage.com\/noticias\/wp-content\/uploads\/2024\/10\/IMG-20241030-WA0248.jpg 1280w\" sizes=\"auto, (max-width: 1024px) 100vw, 1024px\" \/><\/a><\/figure>\n\n\n\n<figure class=\"wp-block-image size-large\"><a href=\"https:\/\/panamaimage.com\/noticias\/wp-content\/uploads\/2024\/10\/IMG-20241030-WA0249.jpg\"><img loading=\"lazy\" decoding=\"async\" width=\"1024\" height=\"682\" src=\"https:\/\/panamaimage.com\/noticias\/wp-content\/uploads\/2024\/10\/IMG-20241030-WA0249-1024x682.jpg\" alt=\"\" class=\"wp-image-3884\" title=\"\" srcset=\"https:\/\/panamaimage.com\/noticias\/wp-content\/uploads\/2024\/10\/IMG-20241030-WA0249-1024x682.jpg 1024w, https:\/\/panamaimage.com\/noticias\/wp-content\/uploads\/2024\/10\/IMG-20241030-WA0249-300x200.jpg 300w, https:\/\/panamaimage.com\/noticias\/wp-content\/uploads\/2024\/10\/IMG-20241030-WA0249-768x512.jpg 768w, https:\/\/panamaimage.com\/noticias\/wp-content\/uploads\/2024\/10\/IMG-20241030-WA0249.jpg 1280w\" sizes=\"auto, (max-width: 1024px) 100vw, 1024px\" \/><\/a><\/figure>\n\n\n\n<figure class=\"wp-block-image size-large\"><a href=\"https:\/\/panamaimage.com\/noticias\/wp-content\/uploads\/2024\/10\/IMG-20241030-WA0250.jpg\"><img loading=\"lazy\" decoding=\"async\" width=\"1024\" height=\"682\" src=\"https:\/\/panamaimage.com\/noticias\/wp-content\/uploads\/2024\/10\/IMG-20241030-WA0250-1024x682.jpg\" alt=\"\" class=\"wp-image-3883\" title=\"\" srcset=\"https:\/\/panamaimage.com\/noticias\/wp-content\/uploads\/2024\/10\/IMG-20241030-WA0250-1024x682.jpg 1024w, https:\/\/panamaimage.com\/noticias\/wp-content\/uploads\/2024\/10\/IMG-20241030-WA0250-300x200.jpg 300w, https:\/\/panamaimage.com\/noticias\/wp-content\/uploads\/2024\/10\/IMG-20241030-WA0250-768x512.jpg 768w, https:\/\/panamaimage.com\/noticias\/wp-content\/uploads\/2024\/10\/IMG-20241030-WA0250.jpg 1280w\" sizes=\"auto, (max-width: 1024px) 100vw, 1024px\" \/><\/a><\/figure>\n","protected":false},"excerpt":{"rendered":"<p>En un pronunciamiento ante los representantes de los 11 gremios que participaron en las consultas sobre el futuro de la Caja de Seguro Social (CSS), el presidente de la Rep\u00fablica, Jos\u00e9 Ra\u00fal Mulino, dej\u00f3 en claro que el proyecto de ley que presentar\u00e1 ante la Asamblea Nacional contempla, expresamente, una Caja aut\u00f3noma que no podr\u00e1 [&hellip;]<\/p>\n","protected":false},"author":3,"featured_media":3886,"comment_status":"open","ping_status":"open","sticky":false,"template":"","format":"standard","meta":{"footnotes":""},"categories":[2],"tags":[],"class_list":["post-3882","post","type-post","status-publish","format-standard","has-post-thumbnail","hentry","category-nacionales"],"_links":{"self":[{"href":"https:\/\/panamaimage.com\/noticias\/wp-json\/wp\/v2\/posts\/3882","targetHints":{"allow":["GET"]}}],"collection":[{"href":"https:\/\/panamaimage.com\/noticias\/wp-json\/wp\/v2\/posts"}],"about":[{"href":"https:\/\/panamaimage.com\/noticias\/wp-json\/wp\/v2\/types\/post"}],"author":[{"embeddable":true,"href":"https:\/\/panamaimage.com\/noticias\/wp-json\/wp\/v2\/users\/3"}],"replies":[{"embeddable":true,"href":"https:\/\/panamaimage.com\/noticias\/wp-json\/wp\/v2\/comments?post=3882"}],"version-history":[{"count":1,"href":"https:\/\/panamaimage.com\/noticias\/wp-json\/wp\/v2\/posts\/3882\/revisions"}],"predecessor-version":[{"id":3888,"href":"https:\/\/panamaimage.com\/noticias\/wp-json\/wp\/v2\/posts\/3882\/revisions\/3888"}],"wp:featuredmedia":[{"embeddable":true,"href":"https:\/\/panamaimage.com\/noticias\/wp-json\/wp\/v2\/media\/3886"}],"wp:attachment":[{"href":"https:\/\/panamaimage.com\/noticias\/wp-json\/wp\/v2\/media?parent=3882"}],"wp:term":[{"taxonomy":"category","embeddable":true,"href":"https:\/\/panamaimage.com\/noticias\/wp-json\/wp\/v2\/categories?post=3882"},{"taxonomy":"post_tag","embeddable":true,"href":"https:\/\/panamaimage.com\/noticias\/wp-json\/wp\/v2\/tags?post=3882"}],"curies":[{"name":"wp","href":"https:\/\/api.w.org\/{rel}","templated":true}]}}