{"id":3874,"date":"2024-10-27T19:05:00","date_gmt":"2024-10-27T19:05:00","guid":{"rendered":"https:\/\/panamaimage.com\/noticias\/?p=3874"},"modified":"2024-10-30T02:09:12","modified_gmt":"2024-10-30T02:09:12","slug":"la-pintada-celebra-el-xii-festival-del-sombrero-pintao-un-homenaje-a-su-legado-artesanal-y-cultural","status":"publish","type":"post","link":"https:\/\/panamaimage.com\/noticias\/la-pintada-celebra-el-xii-festival-del-sombrero-pintao-un-homenaje-a-su-legado-artesanal-y-cultural\/","title":{"rendered":"La Pintada celebra el XII Festival del Sombrero Pinta\u2019o, un homenaje a su legado artesanal y cultural"},"content":{"rendered":"\n<p><br>La Pintada, 27 de octubre de 2024. La comunidad de La Pintada vibr\u00f3 con la celebraci\u00f3n de la duod\u00e9cima edici\u00f3n del Festival del Sombrero Pinta\u2019o, un evento que reuni\u00f3 a 20 mil visitantes para rendir homenaje a esta emblem\u00e1tica pieza artesanal, reconocida como Patrimonio Inmaterial de la Humanidad por la UNESCO. Durante la festividad, se exhibieron miles sombreros pinta\u2019o, confeccionados por h\u00e1biles manos de artesanos locales, quienes compartieron su talento y dedicaci\u00f3n con nacionales y extranjeros.<br>El festival no solo fue una vitrina para exponer la belleza y tradici\u00f3n del sombrero pinta\u2019o, sino tambi\u00e9n una oportunidad para la econom\u00eda local. Las ventas generadas alrededor de esta joya cultural alcanzaron aproximadamente los 300 mil d\u00f3lares aproximadamente, beneficiando directamente a los artesanos de La Pintada y promoviendo el desarrollo econ\u00f3mico de la comunidad. Los visitantes pudieron adquirir estos sombreros, contribuyendo as\u00ed al sustento y progreso de los artesanos y sus familias.<br>La comunidad de La Pintada se mostr\u00f3 satisfecha con el \u00e9xito del festival, que no solo impulsa el crecimiento del pueblo, sino que refuerza la identidad cultural de Panam\u00e1. Con el apoyo de iniciativas como esta, La Pintada sigue demostrando que el crecimiento y el desarrollo nacen de las manos trabajadoras y comprometidas de su gente.<br>El XII Festival del Sombrero Pinta\u2019o se consolida como un s\u00edmbolo de orgullo nacional y un espacio donde la tradici\u00f3n, la cultura y la econom\u00eda se entrelazan para fortalecer el futuro de La Pintada y sus habitantes crecen con el trabajo de la mano de su gente !\u2026<br>Este Festival Cultural reuni\u00f3 a familias, artistas y emprendedores en un ambiente lleno de tradici\u00f3n, alegr\u00eda y cultura. Durante el evento, los asistentes disfrutaron de presentaciones folcl\u00f3ricas, ferias artesanales y actividades recreativas que resaltaron las costumbres y el talento local, promoviendo un espacio de unidad y desarrollo comunitario.<br>En esta gran celebraci\u00f3n estuvieron presentes el presidente de la Rep\u00fablica, Jos\u00e9 Ra\u00fal Mulino Quintero; la primera dama, Maricela Cohen de Mulino; la ministra de Cultura, Maruja Herrera; la ministra de Trabajo, Jackeline Mu\u00f1oz de Cede\u00f1o; otros ministros de Estado, directores de entidades y diputados de todas las bancadas de la Asamblea Nacional, la gobernaci\u00f3n y Juntas t\u00e9cnicas, quienes compartieron y apoyaron el compromiso de preservar y enriquecer la identidad cultural del pa\u00eds.<br>Este evento fue organizado por la Alcaldia de La Pintada, su alcaldesa y presidenta del patronato H.A. Ina Rodr\u00edguez , por la diputada del circuito 2-3, Dana Casta\u00f1eda, presidenta de la Asamblea Nacional, junto a toda la comunidad, quienes trabajaron juntos para garantizar el \u00e9xito de esta festividad que promueve el crecimiento de la regi\u00f3n.<br>La Pintada, una comunidad que crece con las manos de su gente.<\/p>\n\n\n\n<p><\/p>\n\n\n\n<figure class=\"wp-block-image size-large\"><a href=\"https:\/\/panamaimage.com\/noticias\/wp-content\/uploads\/2024\/10\/IMG-20241027-WA0048.jpg\"><img loading=\"lazy\" decoding=\"async\" width=\"1024\" height=\"682\" src=\"https:\/\/panamaimage.com\/noticias\/wp-content\/uploads\/2024\/10\/IMG-20241027-WA0048-1024x682.jpg\" alt=\"\" class=\"wp-image-3880\" title=\"\" srcset=\"https:\/\/panamaimage.com\/noticias\/wp-content\/uploads\/2024\/10\/IMG-20241027-WA0048-1024x682.jpg 1024w, https:\/\/panamaimage.com\/noticias\/wp-content\/uploads\/2024\/10\/IMG-20241027-WA0048-300x200.jpg 300w, https:\/\/panamaimage.com\/noticias\/wp-content\/uploads\/2024\/10\/IMG-20241027-WA0048-768x512.jpg 768w, https:\/\/panamaimage.com\/noticias\/wp-content\/uploads\/2024\/10\/IMG-20241027-WA0048.jpg 1280w\" sizes=\"auto, (max-width: 1024px) 100vw, 1024px\" \/><\/a><\/figure>\n\n\n\n<figure class=\"wp-block-image size-large\"><a href=\"https:\/\/panamaimage.com\/noticias\/wp-content\/uploads\/2024\/10\/IMG-20241029-WA0157.jpg\"><img loading=\"lazy\" decoding=\"async\" width=\"1024\" height=\"666\" src=\"https:\/\/panamaimage.com\/noticias\/wp-content\/uploads\/2024\/10\/IMG-20241029-WA0157-1024x666.jpg\" alt=\"\" class=\"wp-image-3877\" title=\"\" srcset=\"https:\/\/panamaimage.com\/noticias\/wp-content\/uploads\/2024\/10\/IMG-20241029-WA0157-1024x666.jpg 1024w, https:\/\/panamaimage.com\/noticias\/wp-content\/uploads\/2024\/10\/IMG-20241029-WA0157-300x195.jpg 300w, https:\/\/panamaimage.com\/noticias\/wp-content\/uploads\/2024\/10\/IMG-20241029-WA0157-768x500.jpg 768w, https:\/\/panamaimage.com\/noticias\/wp-content\/uploads\/2024\/10\/IMG-20241029-WA0157-1536x999.jpg 1536w, https:\/\/panamaimage.com\/noticias\/wp-content\/uploads\/2024\/10\/IMG-20241029-WA0157.jpg 1600w\" sizes=\"auto, (max-width: 1024px) 100vw, 1024px\" \/><\/a><\/figure>\n\n\n\n<figure class=\"wp-block-image size-large\"><a href=\"https:\/\/panamaimage.com\/noticias\/wp-content\/uploads\/2024\/10\/IMG-20241027-WA0045.jpg\"><img loading=\"lazy\" decoding=\"async\" width=\"1024\" height=\"682\" src=\"https:\/\/panamaimage.com\/noticias\/wp-content\/uploads\/2024\/10\/IMG-20241027-WA0045-1024x682.jpg\" alt=\"\" class=\"wp-image-3879\" title=\"\" srcset=\"https:\/\/panamaimage.com\/noticias\/wp-content\/uploads\/2024\/10\/IMG-20241027-WA0045-1024x682.jpg 1024w, https:\/\/panamaimage.com\/noticias\/wp-content\/uploads\/2024\/10\/IMG-20241027-WA0045-300x200.jpg 300w, https:\/\/panamaimage.com\/noticias\/wp-content\/uploads\/2024\/10\/IMG-20241027-WA0045-768x512.jpg 768w, https:\/\/panamaimage.com\/noticias\/wp-content\/uploads\/2024\/10\/IMG-20241027-WA0045.jpg 1280w\" sizes=\"auto, (max-width: 1024px) 100vw, 1024px\" \/><\/a><\/figure>\n\n\n\n<figure class=\"wp-block-image size-large\"><a href=\"https:\/\/panamaimage.com\/noticias\/wp-content\/uploads\/2024\/10\/IMG-20241029-WA0158.jpg\"><img loading=\"lazy\" decoding=\"async\" width=\"1024\" height=\"668\" src=\"https:\/\/panamaimage.com\/noticias\/wp-content\/uploads\/2024\/10\/IMG-20241029-WA0158-1024x668.jpg\" alt=\"\" class=\"wp-image-3876\" title=\"\" srcset=\"https:\/\/panamaimage.com\/noticias\/wp-content\/uploads\/2024\/10\/IMG-20241029-WA0158-1024x668.jpg 1024w, https:\/\/panamaimage.com\/noticias\/wp-content\/uploads\/2024\/10\/IMG-20241029-WA0158-300x196.jpg 300w, https:\/\/panamaimage.com\/noticias\/wp-content\/uploads\/2024\/10\/IMG-20241029-WA0158-768x501.jpg 768w, https:\/\/panamaimage.com\/noticias\/wp-content\/uploads\/2024\/10\/IMG-20241029-WA0158-1536x1002.jpg 1536w, https:\/\/panamaimage.com\/noticias\/wp-content\/uploads\/2024\/10\/IMG-20241029-WA0158.jpg 1600w\" sizes=\"auto, (max-width: 1024px) 100vw, 1024px\" \/><\/a><\/figure>\n\n\n\n<figure class=\"wp-block-image size-large\"><a href=\"https:\/\/panamaimage.com\/noticias\/wp-content\/uploads\/2024\/10\/IMG-20241029-WA0159.jpg\"><img loading=\"lazy\" decoding=\"async\" width=\"1024\" height=\"667\" src=\"https:\/\/panamaimage.com\/noticias\/wp-content\/uploads\/2024\/10\/IMG-20241029-WA0159-1024x667.jpg\" alt=\"\" class=\"wp-image-3875\" title=\"\" srcset=\"https:\/\/panamaimage.com\/noticias\/wp-content\/uploads\/2024\/10\/IMG-20241029-WA0159-1024x667.jpg 1024w, https:\/\/panamaimage.com\/noticias\/wp-content\/uploads\/2024\/10\/IMG-20241029-WA0159-300x195.jpg 300w, https:\/\/panamaimage.com\/noticias\/wp-content\/uploads\/2024\/10\/IMG-20241029-WA0159-768x500.jpg 768w, https:\/\/panamaimage.com\/noticias\/wp-content\/uploads\/2024\/10\/IMG-20241029-WA0159-1536x1000.jpg 1536w, https:\/\/panamaimage.com\/noticias\/wp-content\/uploads\/2024\/10\/IMG-20241029-WA0159.jpg 1600w\" sizes=\"auto, (max-width: 1024px) 100vw, 1024px\" \/><\/a><\/figure>\n","protected":false},"excerpt":{"rendered":"<p>La Pintada, 27 de octubre de 2024. La comunidad de La Pintada vibr\u00f3 con la celebraci\u00f3n de la duod\u00e9cima edici\u00f3n del Festival del Sombrero Pinta\u2019o, un evento que reuni\u00f3 a 20 mil visitantes para rendir homenaje a esta emblem\u00e1tica pieza artesanal, reconocida como Patrimonio Inmaterial de la Humanidad por la UNESCO. Durante la festividad, se [&hellip;]<\/p>\n","protected":false},"author":3,"featured_media":3878,"comment_status":"open","ping_status":"open","sticky":false,"template":"","format":"standard","meta":{"footnotes":""},"categories":[2],"tags":[520],"class_list":["post-3874","post","type-post","status-publish","format-standard","has-post-thumbnail","hentry","category-nacionales","tag-la-pintada-celebra-el-xii-festival-del-sombrero-pintao"],"_links":{"self":[{"href":"https:\/\/panamaimage.com\/noticias\/wp-json\/wp\/v2\/posts\/3874","targetHints":{"allow":["GET"]}}],"collection":[{"href":"https:\/\/panamaimage.com\/noticias\/wp-json\/wp\/v2\/posts"}],"about":[{"href":"https:\/\/panamaimage.com\/noticias\/wp-json\/wp\/v2\/types\/post"}],"author":[{"embeddable":true,"href":"https:\/\/panamaimage.com\/noticias\/wp-json\/wp\/v2\/users\/3"}],"replies":[{"embeddable":true,"href":"https:\/\/panamaimage.com\/noticias\/wp-json\/wp\/v2\/comments?post=3874"}],"version-history":[{"count":1,"href":"https:\/\/panamaimage.com\/noticias\/wp-json\/wp\/v2\/posts\/3874\/revisions"}],"predecessor-version":[{"id":3881,"href":"https:\/\/panamaimage.com\/noticias\/wp-json\/wp\/v2\/posts\/3874\/revisions\/3881"}],"wp:featuredmedia":[{"embeddable":true,"href":"https:\/\/panamaimage.com\/noticias\/wp-json\/wp\/v2\/media\/3878"}],"wp:attachment":[{"href":"https:\/\/panamaimage.com\/noticias\/wp-json\/wp\/v2\/media?parent=3874"}],"wp:term":[{"taxonomy":"category","embeddable":true,"href":"https:\/\/panamaimage.com\/noticias\/wp-json\/wp\/v2\/categories?post=3874"},{"taxonomy":"post_tag","embeddable":true,"href":"https:\/\/panamaimage.com\/noticias\/wp-json\/wp\/v2\/tags?post=3874"}],"curies":[{"name":"wp","href":"https:\/\/api.w.org\/{rel}","templated":true}]}}