{"id":3856,"date":"2024-10-30T01:53:23","date_gmt":"2024-10-30T01:53:23","guid":{"rendered":"https:\/\/panamaimage.com\/noticias\/?p=3856"},"modified":"2024-10-30T01:53:25","modified_gmt":"2024-10-30T01:53:25","slug":"despacho-de-la-primera-dama-reconoce-legado-de-la-ministra-de-cultura","status":"publish","type":"post","link":"https:\/\/panamaimage.com\/noticias\/despacho-de-la-primera-dama-reconoce-legado-de-la-ministra-de-cultura\/","title":{"rendered":"Despacho de la Primera Dama reconoce legado de la Ministra de Cultura"},"content":{"rendered":"\n<p><\/p>\n\n\n\n<p>Por su valiosa participaci\u00f3n en el ballet cl\u00e1sico de \u00abGiselle\u00bb, obra ben\u00e9fica para la recaudaci\u00f3n de fondos en favor de pacientes en tratamiento contra el c\u00e1ncer, la ministra de Cultura, Maruja Herrera recibi\u00f3 un reconocimiento de parte del Despacho de la Primera Dama, en un acto especial donde se destac\u00f3 su talento para inspirar a otras mujeres.<\/p>\n\n\n\n<p>Durante la reuni\u00f3n semanal del Gabinete se hizo un espacio para que la primera Dama, Maricel Cohen de Mulino entregara a la titular de Micultura una Mariposa Dorada, s\u00edmbolo de fortaleza y persistencia. Reconocimiento al trabajo y al legado de Herrera, que inspira con su arte y entrega, cuyo talento ilumina causas que tocan el coraz\u00f3n de muchas personas.<\/p>\n\n\n\n<p>La ministra Herrera retorn\u00f3 a los escenarios la semana pasada donando su talento con su actuaci\u00f3n \u2013como primera bailarina del Ballet Nacional de Panam\u00e1- interpretando el cl\u00e1sico Giselle, obra puesta en escena por la Asociaci\u00f3n Pro Obras de Beneficencia (APROB), presidida por la Primera Dama, Maricel Cohen de Mulino, cuyos fondos recaudados son utilizados para la compra de equipos t\u00e9cnicos para el Instituto Oncol\u00f3gico.<\/p>\n\n\n\n<p>\u201cQueremos expresar nuestra gratitud profunda por tu generosa donaci\u00f3n y tu valiosa participaci\u00f3n en el ballet Giselle, un proyecto que nos llena de esperanza y que suma luz a la lucha contra el c\u00e1ncer y que, como tu dedicaci\u00f3n, enriquece y eleva nuestro pa\u00eds\u201d, se destac\u00f3 en la reuni\u00f3n de ministros.<\/p>\n\n\n\n<p>Este especial reconocimiento se desarrolla durante el mes de octubre, enfatizando la prevenci\u00f3n del c\u00e1ncer en mujeres y hombres, donde este desprendimiento de la ministra Herrera, recuerda que a trav\u00e9s del arte y la cultura tambi\u00e9n se puede llevar amor y esperanza a este grupo de personas con este tipo de padecimientos y que cada vida tocada por este esfuerzo es una semilla de cambio.<\/p>\n\n\n\n<p>El color dorado que lleva la mariposa simboliza algo eterno, un brillo que no se apaga.<\/p>\n\n\n\n<p><\/p>\n\n\n\n<figure class=\"wp-block-image size-large\"><a href=\"https:\/\/panamaimage.com\/noticias\/wp-content\/uploads\/2024\/10\/IMG-20241029-WA0148.jpg\"><img loading=\"lazy\" decoding=\"async\" width=\"1024\" height=\"684\" src=\"https:\/\/panamaimage.com\/noticias\/wp-content\/uploads\/2024\/10\/IMG-20241029-WA0148-1024x684.jpg\" alt=\"\" class=\"wp-image-3858\" title=\"\" srcset=\"https:\/\/panamaimage.com\/noticias\/wp-content\/uploads\/2024\/10\/IMG-20241029-WA0148-1024x684.jpg 1024w, https:\/\/panamaimage.com\/noticias\/wp-content\/uploads\/2024\/10\/IMG-20241029-WA0148-300x200.jpg 300w, https:\/\/panamaimage.com\/noticias\/wp-content\/uploads\/2024\/10\/IMG-20241029-WA0148-768x513.jpg 768w, https:\/\/panamaimage.com\/noticias\/wp-content\/uploads\/2024\/10\/IMG-20241029-WA0148-1536x1025.jpg 1536w, https:\/\/panamaimage.com\/noticias\/wp-content\/uploads\/2024\/10\/IMG-20241029-WA0148.jpg 1600w\" sizes=\"auto, (max-width: 1024px) 100vw, 1024px\" \/><\/a><\/figure>\n\n\n\n<figure class=\"wp-block-image size-large\"><a href=\"https:\/\/panamaimage.com\/noticias\/wp-content\/uploads\/2024\/10\/IMG-20241029-WA0146.jpg\"><img loading=\"lazy\" decoding=\"async\" width=\"1024\" height=\"684\" src=\"https:\/\/panamaimage.com\/noticias\/wp-content\/uploads\/2024\/10\/IMG-20241029-WA0146-1024x684.jpg\" alt=\"\" class=\"wp-image-3857\" title=\"\" srcset=\"https:\/\/panamaimage.com\/noticias\/wp-content\/uploads\/2024\/10\/IMG-20241029-WA0146-1024x684.jpg 1024w, https:\/\/panamaimage.com\/noticias\/wp-content\/uploads\/2024\/10\/IMG-20241029-WA0146-300x200.jpg 300w, https:\/\/panamaimage.com\/noticias\/wp-content\/uploads\/2024\/10\/IMG-20241029-WA0146-768x513.jpg 768w, https:\/\/panamaimage.com\/noticias\/wp-content\/uploads\/2024\/10\/IMG-20241029-WA0146-1536x1025.jpg 1536w, https:\/\/panamaimage.com\/noticias\/wp-content\/uploads\/2024\/10\/IMG-20241029-WA0146.jpg 1600w\" sizes=\"auto, (max-width: 1024px) 100vw, 1024px\" \/><\/a><\/figure>\n","protected":false},"excerpt":{"rendered":"<p>Por su valiosa participaci\u00f3n en el ballet cl\u00e1sico de \u00abGiselle\u00bb, obra ben\u00e9fica para la recaudaci\u00f3n de fondos en favor de pacientes en tratamiento contra el c\u00e1ncer, la ministra de Cultura, Maruja Herrera recibi\u00f3 un reconocimiento de parte del Despacho de la Primera Dama, en un acto especial donde se destac\u00f3 su talento para inspirar a [&hellip;]<\/p>\n","protected":false},"author":3,"featured_media":3859,"comment_status":"open","ping_status":"open","sticky":false,"template":"","format":"standard","meta":{"footnotes":""},"categories":[2],"tags":[],"class_list":["post-3856","post","type-post","status-publish","format-standard","has-post-thumbnail","hentry","category-nacionales"],"_links":{"self":[{"href":"https:\/\/panamaimage.com\/noticias\/wp-json\/wp\/v2\/posts\/3856","targetHints":{"allow":["GET"]}}],"collection":[{"href":"https:\/\/panamaimage.com\/noticias\/wp-json\/wp\/v2\/posts"}],"about":[{"href":"https:\/\/panamaimage.com\/noticias\/wp-json\/wp\/v2\/types\/post"}],"author":[{"embeddable":true,"href":"https:\/\/panamaimage.com\/noticias\/wp-json\/wp\/v2\/users\/3"}],"replies":[{"embeddable":true,"href":"https:\/\/panamaimage.com\/noticias\/wp-json\/wp\/v2\/comments?post=3856"}],"version-history":[{"count":1,"href":"https:\/\/panamaimage.com\/noticias\/wp-json\/wp\/v2\/posts\/3856\/revisions"}],"predecessor-version":[{"id":3860,"href":"https:\/\/panamaimage.com\/noticias\/wp-json\/wp\/v2\/posts\/3856\/revisions\/3860"}],"wp:featuredmedia":[{"embeddable":true,"href":"https:\/\/panamaimage.com\/noticias\/wp-json\/wp\/v2\/media\/3859"}],"wp:attachment":[{"href":"https:\/\/panamaimage.com\/noticias\/wp-json\/wp\/v2\/media?parent=3856"}],"wp:term":[{"taxonomy":"category","embeddable":true,"href":"https:\/\/panamaimage.com\/noticias\/wp-json\/wp\/v2\/categories?post=3856"},{"taxonomy":"post_tag","embeddable":true,"href":"https:\/\/panamaimage.com\/noticias\/wp-json\/wp\/v2\/tags?post=3856"}],"curies":[{"name":"wp","href":"https:\/\/api.w.org\/{rel}","templated":true}]}}