{"id":3852,"date":"2024-10-30T01:49:26","date_gmt":"2024-10-30T01:49:26","guid":{"rendered":"https:\/\/panamaimage.com\/noticias\/?p=3852"},"modified":"2024-10-30T01:49:28","modified_gmt":"2024-10-30T01:49:28","slug":"la-asamblea-nacional-entrega-canastas-y-sillas-de-ruedas-al-instituto-oncologico-nacional","status":"publish","type":"post","link":"https:\/\/panamaimage.com\/noticias\/la-asamblea-nacional-entrega-canastas-y-sillas-de-ruedas-al-instituto-oncologico-nacional\/","title":{"rendered":"LA ASAMBLEA NACIONAL ENTREGA CANASTAS Y SILLAS DE RUEDAS AL INSTITUTO ONCOLOGICO NACIONAL"},"content":{"rendered":"\n<p><\/p>\n\n\n\n<p>El \u00d3rgano Legislativo dijo presente en el Instituto Oncol\u00f3gico Nacional (ION), para hacer formal entrega de canastas con enseres de aseo personal, sillas de ruedas, entre otros productos de uso hospitalario, como parte de las actividades realizadas por la instituci\u00f3n en conmemoraci\u00f3n del mes de la Campa\u00f1a de la Cinta Rosada y Celeste, que este a\u00f1o tuvo como lema: \u201ccon paso firme en la lucha contra el c\u00e1ncer\u201d.<br>La comitiva estuvo conformada por la presidenta de la Asamblea Nacional, diputada Dana Casta\u00f1eda, en compa\u00f1\u00eda de los parlamentarios, Eduardo V\u00e1squez, Ronald De Gracia, Yusaida Mar\u00edn; la subsecretaria de la instituci\u00f3n, F\u00e1tima Agrazal; la Directora de Recursos Humanos, Zaida Gonz\u00e1lez y colaboradores legislativos.<br>Para el subdirector del ION, Julio Santamar\u00eda, dijo que la donaci\u00f3n por parte de los diputados y colaboradores de la Asamblea es de gran valor, tras reconocer el esfuerzo realizado por el Legislativo en aumentar el presupuesto de funcionamiento del Instituto Oncol\u00f3gico, con el fin de poder trabajar con m\u00e1s solvencia, lo que redundar\u00e1 en beneficio de los miles de pacientes que llegan a diario a este hospital.<br>La presidenta de la Asamblea Nacional, Dana Casta\u00f1eda, resalt\u00f3 el esfuerzo y colaboraci\u00f3n de los funcionarios y el apoyo de los 71 diputados, quienes hicieron posible la entrega de decenas de canastas que servir\u00e1n a los pacientes del Instituto Oncol\u00f3gico.<br>Casta\u00f1eda reafirm\u00f3 su compromiso de apoyar al ION desde la Asamblea Nacional, con el fin de conseguir mayores recursos que le permitan operar de mejor manera en beneficio de los pacientes de c\u00e1ncer.<br>En el mes de octubre se conmemora la Campa\u00f1a de la Cinta Rosada y Celeste, dedicada a la sensibilizaci\u00f3n y prevenci\u00f3n del c\u00e1ncer de mama y pr\u00f3stata.<br>La Campa\u00f1a de la Cinta Rosada y Celeste es promovida por la Organizaci\u00f3n Mundial de la Salud y establece el 19 de octubre como el D\u00eda Internacional de la Lucha contra el C\u00e1ncer de Mama.<\/p>\n\n\n\n<p><\/p>\n\n\n\n<figure class=\"wp-block-image size-large\"><a href=\"https:\/\/panamaimage.com\/noticias\/wp-content\/uploads\/2024\/10\/IMG-20241029-WA0156.jpg\"><img loading=\"lazy\" decoding=\"async\" width=\"1024\" height=\"570\" src=\"https:\/\/panamaimage.com\/noticias\/wp-content\/uploads\/2024\/10\/IMG-20241029-WA0156-1024x570.jpg\" alt=\"\" class=\"wp-image-3853\" title=\"\" srcset=\"https:\/\/panamaimage.com\/noticias\/wp-content\/uploads\/2024\/10\/IMG-20241029-WA0156-1024x570.jpg 1024w, https:\/\/panamaimage.com\/noticias\/wp-content\/uploads\/2024\/10\/IMG-20241029-WA0156-300x167.jpg 300w, https:\/\/panamaimage.com\/noticias\/wp-content\/uploads\/2024\/10\/IMG-20241029-WA0156-768x427.jpg 768w, https:\/\/panamaimage.com\/noticias\/wp-content\/uploads\/2024\/10\/IMG-20241029-WA0156-1536x854.jpg 1536w, https:\/\/panamaimage.com\/noticias\/wp-content\/uploads\/2024\/10\/IMG-20241029-WA0156.jpg 1600w\" sizes=\"auto, (max-width: 1024px) 100vw, 1024px\" \/><\/a><\/figure>\n","protected":false},"excerpt":{"rendered":"<p>El \u00d3rgano Legislativo dijo presente en el Instituto Oncol\u00f3gico Nacional (ION), para hacer formal entrega de canastas con enseres de aseo personal, sillas de ruedas, entre otros productos de uso hospitalario, como parte de las actividades realizadas por la instituci\u00f3n en conmemoraci\u00f3n del mes de la Campa\u00f1a de la Cinta Rosada y Celeste, que este [&hellip;]<\/p>\n","protected":false},"author":3,"featured_media":3854,"comment_status":"open","ping_status":"open","sticky":false,"template":"","format":"standard","meta":{"footnotes":""},"categories":[2],"tags":[],"class_list":["post-3852","post","type-post","status-publish","format-standard","has-post-thumbnail","hentry","category-nacionales"],"_links":{"self":[{"href":"https:\/\/panamaimage.com\/noticias\/wp-json\/wp\/v2\/posts\/3852","targetHints":{"allow":["GET"]}}],"collection":[{"href":"https:\/\/panamaimage.com\/noticias\/wp-json\/wp\/v2\/posts"}],"about":[{"href":"https:\/\/panamaimage.com\/noticias\/wp-json\/wp\/v2\/types\/post"}],"author":[{"embeddable":true,"href":"https:\/\/panamaimage.com\/noticias\/wp-json\/wp\/v2\/users\/3"}],"replies":[{"embeddable":true,"href":"https:\/\/panamaimage.com\/noticias\/wp-json\/wp\/v2\/comments?post=3852"}],"version-history":[{"count":1,"href":"https:\/\/panamaimage.com\/noticias\/wp-json\/wp\/v2\/posts\/3852\/revisions"}],"predecessor-version":[{"id":3855,"href":"https:\/\/panamaimage.com\/noticias\/wp-json\/wp\/v2\/posts\/3852\/revisions\/3855"}],"wp:featuredmedia":[{"embeddable":true,"href":"https:\/\/panamaimage.com\/noticias\/wp-json\/wp\/v2\/media\/3854"}],"wp:attachment":[{"href":"https:\/\/panamaimage.com\/noticias\/wp-json\/wp\/v2\/media?parent=3852"}],"wp:term":[{"taxonomy":"category","embeddable":true,"href":"https:\/\/panamaimage.com\/noticias\/wp-json\/wp\/v2\/categories?post=3852"},{"taxonomy":"post_tag","embeddable":true,"href":"https:\/\/panamaimage.com\/noticias\/wp-json\/wp\/v2\/tags?post=3852"}],"curies":[{"name":"wp","href":"https:\/\/api.w.org\/{rel}","templated":true}]}}