{"id":3847,"date":"2024-10-25T00:11:34","date_gmt":"2024-10-25T00:11:34","guid":{"rendered":"https:\/\/panamaimage.com\/noticias\/?p=3847"},"modified":"2024-10-25T00:11:36","modified_gmt":"2024-10-25T00:11:36","slug":"ministro-orillac-recibe-a-embajadora-y-al-subsecretario-adjunto-para-centroamerica-de-ee-uu","status":"publish","type":"post","link":"https:\/\/panamaimage.com\/noticias\/ministro-orillac-recibe-a-embajadora-y-al-subsecretario-adjunto-para-centroamerica-de-ee-uu\/","title":{"rendered":"Ministro Orillac recibe a Embajadora y al Subsecretario Adjunto para Centroam\u00e9rica de EE. UU."},"content":{"rendered":"\n<p><\/p>\n\n\n\n<p>El ministro de la Presidencia, Juan Carlos Orillac recibi\u00f3 en la tarde de este mi\u00e9rcoles la visita de la embajadora de Estados Unidos (EE. UU.), Mari Carmen Aponte, y del Subsecretario Adjunto para Am\u00e9rica Central de la Oficina de Asuntos del Hemisferio Occidental de dicho pa\u00eds, Eric Jacobstein, con quienes abordaron diversos temas, entre ellos, el fortalecimiento de las relaciones bilaterales y en materia de cooperaci\u00f3n.<\/p>\n\n\n\n<p>En el encuentro, que se dio en el Palacio de Las Garzas, tambi\u00e9n se abordaron los diversos esfuerzos que ha realizado el Gobierno Nacional, liderado por el presidente Jos\u00e9 Ra\u00fal Mulino, en temas como la migraci\u00f3n de miles de extranjeros que atraviesan el Tap\u00f3n del Dari\u00e9n, en la frontera con Colombia, con las consecuentes situaciones humanitarias y de seguridad tanto para Panam\u00e1 como para la regi\u00f3n.<\/p>\n\n\n\n<p>El encuentro con los funcionarios estadounidenses busca estrechar los lazos de amistad entre ambos pa\u00edses, y reafirmar el inter\u00e9s que tiene EE. UU de apoyar a Panam\u00e1 en la situaci\u00f3n que existe con el flujo irregular de migrantes en la frontera con Colombia. Estados Unidos brinda apoyo a Panam\u00e1 con la devoluci\u00f3n de personas a sus pa\u00edses de origen de forma voluntaria en algunos casos, y en otros, por requerimientos de los respectivos pa\u00edses por temas legales, explic\u00f3 el ministro Orillac.<\/p>\n\n\n\n<p>En este sentido, la embajadora Aponte record\u00f3 el drama humano que se vive con los migrantes que llegan a Panam\u00e1 -y que ha podido ver-, luego de cruzar la dif\u00edcil selva darienita, y cuyas historias, tras sobrevivir, \u201cnos llegan al alma\u201d.<\/p>\n\n\n\n<p>Por su parte, entre otras cosas, Jacobstein ponder\u00f3 las buenas relaciones diplom\u00e1ticas que existe entre ambos pa\u00edses, as\u00ed como el liderazgo de Panam\u00e1 en la regi\u00f3n. En esa l\u00ednea, felicit\u00f3 al pa\u00eds centroamericano por su puesto no permanente en el Consejo de Seguridad de las Naciones Unidas, a partir del enero de 2025, y espera seguir \u201ctrabajando conjuntamente y continuar hablando sobre los pa\u00edses de la regi\u00f3n\u201d.<\/p>\n\n\n\n<p>El Subsecretario Adjunto para Am\u00e9rica Central tambi\u00e9n destac\u00f3 la reciente reuni\u00f3n que ha sostenido el mandatario Mulino con su hom\u00f3logo franc\u00e9s Emmanuel Macron, dentro de los esfuerzos del presidente paname\u00f1o para sacar al pa\u00eds de las listas discriminatorias. Al mismo tiempo, el funcionario estadounidense ofreci\u00f3 el apoyo de EE. UU., a trav\u00e9s del Tesoro Nacional y la experiencia de sus expertos, para \u201ctrabajar con Panam\u00e1 sobre cualquier preocupaci\u00f3n que tenga\u201d, en torno a las citadas listas.<\/p>\n\n\n\n<p>Por otra parte, en cuanto a cooperaci\u00f3n, el ministro Orillac resalt\u00f3, adem\u00e1s, el apoyo de EE. UU. sobre cirug\u00edas de cataratas que se han comprometido en realizar para el mes de abril de 2025, un total 250 operaciones y, luego en el mes de junio 2025, se prev\u00e9 la visita de uno de los barcos hospitales para atender cirug\u00edas m\u00e1s complejas.<\/p>\n\n\n\n<p><\/p>\n\n\n\n<figure class=\"wp-block-image size-large\"><a href=\"https:\/\/panamaimage.com\/noticias\/wp-content\/uploads\/2024\/10\/IMG-20241023-WA0587.jpg\"><img loading=\"lazy\" decoding=\"async\" width=\"1024\" height=\"682\" src=\"https:\/\/panamaimage.com\/noticias\/wp-content\/uploads\/2024\/10\/IMG-20241023-WA0587-1024x682.jpg\" alt=\"\" class=\"wp-image-3848\" title=\"\" srcset=\"https:\/\/panamaimage.com\/noticias\/wp-content\/uploads\/2024\/10\/IMG-20241023-WA0587-1024x682.jpg 1024w, https:\/\/panamaimage.com\/noticias\/wp-content\/uploads\/2024\/10\/IMG-20241023-WA0587-300x200.jpg 300w, https:\/\/panamaimage.com\/noticias\/wp-content\/uploads\/2024\/10\/IMG-20241023-WA0587-768x512.jpg 768w, https:\/\/panamaimage.com\/noticias\/wp-content\/uploads\/2024\/10\/IMG-20241023-WA0587-1536x1023.jpg 1536w, https:\/\/panamaimage.com\/noticias\/wp-content\/uploads\/2024\/10\/IMG-20241023-WA0587.jpg 1600w\" sizes=\"auto, (max-width: 1024px) 100vw, 1024px\" \/><\/a><\/figure>\n","protected":false},"excerpt":{"rendered":"<p>El ministro de la Presidencia, Juan Carlos Orillac recibi\u00f3 en la tarde de este mi\u00e9rcoles la visita de la embajadora de Estados Unidos (EE. UU.), Mari Carmen Aponte, y del Subsecretario Adjunto para Am\u00e9rica Central de la Oficina de Asuntos del Hemisferio Occidental de dicho pa\u00eds, Eric Jacobstein, con quienes abordaron diversos temas, entre ellos, [&hellip;]<\/p>\n","protected":false},"author":3,"featured_media":3849,"comment_status":"open","ping_status":"open","sticky":false,"template":"","format":"standard","meta":{"footnotes":""},"categories":[2],"tags":[],"class_list":["post-3847","post","type-post","status-publish","format-standard","has-post-thumbnail","hentry","category-nacionales"],"_links":{"self":[{"href":"https:\/\/panamaimage.com\/noticias\/wp-json\/wp\/v2\/posts\/3847","targetHints":{"allow":["GET"]}}],"collection":[{"href":"https:\/\/panamaimage.com\/noticias\/wp-json\/wp\/v2\/posts"}],"about":[{"href":"https:\/\/panamaimage.com\/noticias\/wp-json\/wp\/v2\/types\/post"}],"author":[{"embeddable":true,"href":"https:\/\/panamaimage.com\/noticias\/wp-json\/wp\/v2\/users\/3"}],"replies":[{"embeddable":true,"href":"https:\/\/panamaimage.com\/noticias\/wp-json\/wp\/v2\/comments?post=3847"}],"version-history":[{"count":1,"href":"https:\/\/panamaimage.com\/noticias\/wp-json\/wp\/v2\/posts\/3847\/revisions"}],"predecessor-version":[{"id":3850,"href":"https:\/\/panamaimage.com\/noticias\/wp-json\/wp\/v2\/posts\/3847\/revisions\/3850"}],"wp:featuredmedia":[{"embeddable":true,"href":"https:\/\/panamaimage.com\/noticias\/wp-json\/wp\/v2\/media\/3849"}],"wp:attachment":[{"href":"https:\/\/panamaimage.com\/noticias\/wp-json\/wp\/v2\/media?parent=3847"}],"wp:term":[{"taxonomy":"category","embeddable":true,"href":"https:\/\/panamaimage.com\/noticias\/wp-json\/wp\/v2\/categories?post=3847"},{"taxonomy":"post_tag","embeddable":true,"href":"https:\/\/panamaimage.com\/noticias\/wp-json\/wp\/v2\/tags?post=3847"}],"curies":[{"name":"wp","href":"https:\/\/api.w.org\/{rel}","templated":true}]}}