{"id":3809,"date":"2024-10-21T22:46:45","date_gmt":"2024-10-21T22:46:45","guid":{"rendered":"https:\/\/panamaimage.com\/noticias\/?p=3809"},"modified":"2024-10-21T22:46:50","modified_gmt":"2024-10-21T22:46:50","slug":"encuentro-macron-mulino-francia-desea-que-panama-sea-retirada-de-las-listas-fiscales","status":"publish","type":"post","link":"https:\/\/panamaimage.com\/noticias\/encuentro-macron-mulino-francia-desea-que-panama-sea-retirada-de-las-listas-fiscales\/","title":{"rendered":"Encuentro Macron-Mulino: Francia desea que Panam\u00e1 sea retirada de las listas fiscales\u00a0"},"content":{"rendered":"\n<p>La reuni\u00f3n entre el presidente paname\u00f1o, Jos\u00e9 Ra\u00fal Mulino, y su hom\u00f3logo franc\u00e9s, Emmanuel Macron, gener\u00f3 resultados muy positivos para Panam\u00e1 en su lucha por dejar de ser discriminada por listas fiscales.<\/p>\n\n\n\n<p>Macron fue directo en se\u00f1alar que conoce de los esfuerzos v\u00e1lidos que ha dado Panam\u00e1 para cumplir con los requerimientos internacionales en temas fiscales, por lo que prometi\u00f3 colaborar para que este pa\u00eds deje de ser parte de estas listas de la Uni\u00f3n Europea.<\/p>\n\n\n\n<p>\u201cFrancia desea que Panam\u00e1 sea retirada de esta lista fiscal\u201d, afirm\u00f3 Macron durante su encuentro con Mulino y la delegaci\u00f3n paname\u00f1a.<\/p>\n\n\n\n<p>El presidente Mulino agradeci\u00f3 a Macron su apoyo para que Panam\u00e1 logre el objetivo de salir de las listas fiscales y lo invit\u00f3 a visitar Panam\u00e1 para seguir estrechando los lazos de amistad entre ambas naciones.<\/p>\n\n\n\n<p>Macron acept\u00f3 la invitaci\u00f3n de Mulino para visitar Panam\u00e1 en el segundo semestre del a\u00f1o 2025, una visita que marcar\u00eda la relaci\u00f3n hist\u00f3rica entre ambos pa\u00edses.<\/p>\n\n\n\n<p>Ambos presidentes tambi\u00e9n manifestaron su compromiso en favor de la biodiversidad. Dentro de este \u00e1mbito, Macron tambi\u00e9n le propuso a Mulino ser ponente en la tercera conferencia sobre los Oc\u00e9anos, que se desarrollar\u00e1 en Niza, en 2025.<\/p>\n\n\n\n<p>Adem\u00e1s, el mandatario franc\u00e9s agradeci\u00f3 a Panam\u00e1 por su posici\u00f3n frente al conflicto de Ucrania y su colaboraci\u00f3n en la lucha contra el narcotr\u00e1fico.<\/p>\n\n\n\n<p>Mulino y Macron tambi\u00e9n coincidieron en su posici\u00f3n en contra del r\u00e9gimen de Nicol\u00e1s Maduro en Venezuela y la nula transparencia en las \u00faltimas elecciones.<\/p>\n\n\n\n<p>Por parte del Gobierno de Panam\u00e1, participaron del encuentro presidencial, el director general de Ingresos, Camilo Vald\u00e9s; el superintendente de Bancos, Milton Ay\u00f3n; el ministro de Relaciones Exteriores, Javier Mart\u00ednez-Acha; el embajador designado en Francia, Miguel Antonio Bernal; y el presidente del Grupo de Acci\u00f3n para la Igualdad Financiera Internacional (GAFIPI), Carlos Ra\u00fal Moreno.<\/p>\n\n\n\n<p>Por parte de la delegaci\u00f3n del Gobierno de Francia, asistieron Aude de Amorim, embajadora de Francia en Panam\u00e1; Emmanuel Bonne, consejero diplom\u00e1tico; Walid Fouque, asesor para Am\u00e9rica, Asia y Ocean\u00eda; Anastasia Colosimo, asesora de Comunicaci\u00f3n; Am\u00e9lie Verdier, directora general de las finanzas p\u00fablicas; y J\u00e9rome Audin, subdirector de Am\u00e9rica Latina y el Caribe del Ministerio de Europa y Asuntos Exteriores.<\/p>\n\n\n\n<figure class=\"wp-block-gallery has-nested-images columns-default is-cropped wp-block-gallery-1 is-layout-flex wp-block-gallery-is-layout-flex\">\n<figure class=\"wp-block-image size-large\"><a href=\"https:\/\/panamaimage.com\/noticias\/wp-content\/uploads\/2024\/10\/MULINO-MACRON-2.jpeg\"><img loading=\"lazy\" decoding=\"async\" width=\"1024\" height=\"682\" data-id=\"3812\" src=\"https:\/\/panamaimage.com\/noticias\/wp-content\/uploads\/2024\/10\/MULINO-MACRON-2-1024x682.jpeg\" alt=\"\" class=\"wp-image-3812\" title=\"\" srcset=\"https:\/\/panamaimage.com\/noticias\/wp-content\/uploads\/2024\/10\/MULINO-MACRON-2-1024x682.jpeg 1024w, https:\/\/panamaimage.com\/noticias\/wp-content\/uploads\/2024\/10\/MULINO-MACRON-2-300x200.jpeg 300w, https:\/\/panamaimage.com\/noticias\/wp-content\/uploads\/2024\/10\/MULINO-MACRON-2-768x512.jpeg 768w, https:\/\/panamaimage.com\/noticias\/wp-content\/uploads\/2024\/10\/MULINO-MACRON-2-1536x1023.jpeg 1536w, https:\/\/panamaimage.com\/noticias\/wp-content\/uploads\/2024\/10\/MULINO-MACRON-2.jpeg 1600w\" sizes=\"auto, (max-width: 1024px) 100vw, 1024px\" \/><\/a><\/figure>\n\n\n\n<figure class=\"wp-block-image size-large\"><a href=\"https:\/\/panamaimage.com\/noticias\/wp-content\/uploads\/2024\/10\/MULINO-MACRON-1.jpeg\"><img loading=\"lazy\" decoding=\"async\" width=\"682\" height=\"1024\" data-id=\"3813\" src=\"https:\/\/panamaimage.com\/noticias\/wp-content\/uploads\/2024\/10\/MULINO-MACRON-1-682x1024.jpeg\" alt=\"\" class=\"wp-image-3813\" title=\"\" srcset=\"https:\/\/panamaimage.com\/noticias\/wp-content\/uploads\/2024\/10\/MULINO-MACRON-1-682x1024.jpeg 682w, https:\/\/panamaimage.com\/noticias\/wp-content\/uploads\/2024\/10\/MULINO-MACRON-1-200x300.jpeg 200w, https:\/\/panamaimage.com\/noticias\/wp-content\/uploads\/2024\/10\/MULINO-MACRON-1-768x1153.jpeg 768w, https:\/\/panamaimage.com\/noticias\/wp-content\/uploads\/2024\/10\/MULINO-MACRON-1-1023x1536.jpeg 1023w, https:\/\/panamaimage.com\/noticias\/wp-content\/uploads\/2024\/10\/MULINO-MACRON-1.jpeg 1066w\" sizes=\"auto, (max-width: 682px) 100vw, 682px\" \/><\/a><\/figure>\n\n\n\n<figure class=\"wp-block-image size-large\"><a href=\"https:\/\/panamaimage.com\/noticias\/wp-content\/uploads\/2024\/10\/MULINO-MACRON-3.jpeg\"><img loading=\"lazy\" decoding=\"async\" width=\"1024\" height=\"682\" data-id=\"3811\" src=\"https:\/\/panamaimage.com\/noticias\/wp-content\/uploads\/2024\/10\/MULINO-MACRON-3-1024x682.jpeg\" alt=\"\" class=\"wp-image-3811\" title=\"\" srcset=\"https:\/\/panamaimage.com\/noticias\/wp-content\/uploads\/2024\/10\/MULINO-MACRON-3-1024x682.jpeg 1024w, https:\/\/panamaimage.com\/noticias\/wp-content\/uploads\/2024\/10\/MULINO-MACRON-3-300x200.jpeg 300w, https:\/\/panamaimage.com\/noticias\/wp-content\/uploads\/2024\/10\/MULINO-MACRON-3-768x512.jpeg 768w, https:\/\/panamaimage.com\/noticias\/wp-content\/uploads\/2024\/10\/MULINO-MACRON-3-1536x1023.jpeg 1536w, https:\/\/panamaimage.com\/noticias\/wp-content\/uploads\/2024\/10\/MULINO-MACRON-3.jpeg 1600w\" sizes=\"auto, (max-width: 1024px) 100vw, 1024px\" \/><\/a><\/figure>\n<\/figure>\n","protected":false},"excerpt":{"rendered":"<p>La reuni\u00f3n entre el presidente paname\u00f1o, Jos\u00e9 Ra\u00fal Mulino, y su hom\u00f3logo franc\u00e9s, Emmanuel Macron, gener\u00f3 resultados muy positivos para Panam\u00e1 en su lucha por dejar de ser discriminada por listas fiscales. Macron fue directo en se\u00f1alar que conoce de los esfuerzos v\u00e1lidos que ha dado Panam\u00e1 para cumplir con los requerimientos internacionales en temas [&hellip;]<\/p>\n","protected":false},"author":3,"featured_media":3810,"comment_status":"open","ping_status":"open","sticky":false,"template":"","format":"standard","meta":{"footnotes":""},"categories":[2],"tags":[],"class_list":["post-3809","post","type-post","status-publish","format-standard","has-post-thumbnail","hentry","category-nacionales"],"_links":{"self":[{"href":"https:\/\/panamaimage.com\/noticias\/wp-json\/wp\/v2\/posts\/3809","targetHints":{"allow":["GET"]}}],"collection":[{"href":"https:\/\/panamaimage.com\/noticias\/wp-json\/wp\/v2\/posts"}],"about":[{"href":"https:\/\/panamaimage.com\/noticias\/wp-json\/wp\/v2\/types\/post"}],"author":[{"embeddable":true,"href":"https:\/\/panamaimage.com\/noticias\/wp-json\/wp\/v2\/users\/3"}],"replies":[{"embeddable":true,"href":"https:\/\/panamaimage.com\/noticias\/wp-json\/wp\/v2\/comments?post=3809"}],"version-history":[{"count":1,"href":"https:\/\/panamaimage.com\/noticias\/wp-json\/wp\/v2\/posts\/3809\/revisions"}],"predecessor-version":[{"id":3814,"href":"https:\/\/panamaimage.com\/noticias\/wp-json\/wp\/v2\/posts\/3809\/revisions\/3814"}],"wp:featuredmedia":[{"embeddable":true,"href":"https:\/\/panamaimage.com\/noticias\/wp-json\/wp\/v2\/media\/3810"}],"wp:attachment":[{"href":"https:\/\/panamaimage.com\/noticias\/wp-json\/wp\/v2\/media?parent=3809"}],"wp:term":[{"taxonomy":"category","embeddable":true,"href":"https:\/\/panamaimage.com\/noticias\/wp-json\/wp\/v2\/categories?post=3809"},{"taxonomy":"post_tag","embeddable":true,"href":"https:\/\/panamaimage.com\/noticias\/wp-json\/wp\/v2\/tags?post=3809"}],"curies":[{"name":"wp","href":"https:\/\/api.w.org\/{rel}","templated":true}]}}