{"id":3665,"date":"2024-10-04T16:29:36","date_gmt":"2024-10-04T16:29:36","guid":{"rendered":"https:\/\/panamaimage.com\/noticias\/?p=3665"},"modified":"2024-10-04T16:29:38","modified_gmt":"2024-10-04T16:29:38","slug":"nestle-purina-y-la-universidad-de-panama-fortalecen-su-compromiso-con-la-formacion-de-futuros-veterinarios","status":"publish","type":"post","link":"https:\/\/panamaimage.com\/noticias\/nestle-purina-y-la-universidad-de-panama-fortalecen-su-compromiso-con-la-formacion-de-futuros-veterinarios\/","title":{"rendered":"Nestl\u00e9 Purina y la Universidad de Panam\u00e1 fortalecen su compromiso con la formaci\u00f3n de futuros veterinarios"},"content":{"rendered":"\n<p><\/p>\n\n\n\n<p><\/p>\n\n\n\n<p>J\u00f3venes Veterinarios es un programa especial que forma parte de la Iniciativa por los J\u00f3venes de Nestl\u00e9, un esfuerzo global que desde hace m\u00e1s de 10 a\u00f1os brinda oportunidades de crecimiento profesional y desarrollo a millones de j\u00f3venes alrededor del mundo.<\/p>\n\n\n\n<p>La Alianza se firm\u00f3 en el marco del D\u00eda Mundial de los Animales y el D\u00eda del M\u00e9dico Veterinario, que se conmemora cada 4 de octubre, destacando la relevancia de la formaci\u00f3n veterinaria en la promoci\u00f3n del bienestar animal y la salud p\u00fablica.<\/p>\n\n\n\n<p><em>Panam\u00e1, 4 de octubre de 2024\u2013<\/em> Nestl\u00e9, con su marca l\u00edder en el cuidado y nutrici\u00f3n de mascotas: Purina y la Universidad de Panam\u00e1, a trav\u00e9s de la Facultad de Medicina Veterinaria, firmaron una alianza estrat\u00e9gica para impulsar la formaci\u00f3n continua y el bienestar animal en el pa\u00eds.<\/p>\n\n\n\n<p>La alianza busca reforzar la preparaci\u00f3n acad\u00e9mica de los estudiantes mediante charlas, talleres, y la participaci\u00f3n en congresos locales, brind\u00e1ndoles acceso a experiencias pr\u00e1cticas en la industria.<\/p>\n\n\n\n<p>A trav\u00e9s de esta colaboraci\u00f3n, Nestl\u00e9 Purina proporcionar\u00e1 conocimientos avanzados y tecnolog\u00edas innovadoras en temas clave relacionados con la nutrici\u00f3n y el cuidado de mascotas, lo que permitir\u00e1 a los estudiantes obtener una visi\u00f3n integral de la industria y su impacto en el bienestar animal. Las capacitaciones estar\u00e1n orientadas a mejorar sus habilidades profesionales y a prepararlos para enfrentar los retos del mercado laboral.<\/p>\n\n\n\n<p>\u00abEsta alianza con la Universidad de Panam\u00e1 refuerza nuestro compromiso de contribuir al bienestar animal y a la formaci\u00f3n de los futuros veterinarios del pa\u00eds. Proporcionar experiencias pr\u00e1cticas es esencial para garantizar que los estudiantes salgan al mundo laboral con las herramientas necesarias para sobresalir\u00bb, coment\u00f3 Rodrigo Romera, Gerente General de Nestl\u00e9 Panam\u00e1.<\/p>\n\n\n\n<p>Como parte del acuerdo, Nestl\u00e9 Purina organizar\u00e1 un m\u00ednimo de dos actividades anuales donde los estudiantes podr\u00e1n participar en talleres interactivos con especialistas en nutrici\u00f3n animal. Estas actividades ofrecer\u00e1n a los futuros veterinarios oportunidades \u00fanicas de aprendizaje pr\u00e1ctico, complementando as\u00ed su formaci\u00f3n acad\u00e9mica en la Facultad de Medicina Veterinaria.<\/p>\n\n\n\n<p>\u00abLa vinculaci\u00f3n entre la academia y el sector privado es crucial para el desarrollo de profesionales altamente capacitados,\u00bb mencion\u00f3 el Dr. Alexander P\u00e9rez, Decano de la Facultad de Medicina Veterinaria de la Universidad de Panam\u00e1. \u00abA trav\u00e9s de esta alianza, nuestros estudiantes podr\u00e1n acceder a conocimientos de vanguardia y a una formaci\u00f3n que los prepare mejor para el futuro.\u00bb<br>Nestl\u00e9 Panam\u00e1 impulsa la empleabilidad y el emprendimiento juvenil a trav\u00e9s de la Iniciativa por los J\u00f3venes desde hace m\u00e1s de 10 a\u00f1os. Este programa ha impactado a m\u00e1s de 25,000 j\u00f3venes paname\u00f1os mediante pasant\u00edas, capacitaciones especializadas y oportunidades laborales.<\/p>\n\n\n\n<p>La firma de la alianza coincide con el D\u00eda Mundial de los Animales y del M\u00e9dico Veterinario, reafirmando el compromiso de ambas instituciones con el bienestar animal y la educaci\u00f3n continua en beneficio de la sociedad paname\u00f1a.<\/p>\n\n\n\n<figure class=\"wp-block-image size-full\"><a href=\"https:\/\/panamaimage.com\/noticias\/wp-content\/uploads\/2024\/10\/IMG-20241004-WA0221.jpg\"><img loading=\"lazy\" decoding=\"async\" width=\"900\" height=\"1002\" src=\"https:\/\/panamaimage.com\/noticias\/wp-content\/uploads\/2024\/10\/IMG-20241004-WA0221.jpg\" alt=\"\" class=\"wp-image-3667\" title=\"\" srcset=\"https:\/\/panamaimage.com\/noticias\/wp-content\/uploads\/2024\/10\/IMG-20241004-WA0221.jpg 900w, https:\/\/panamaimage.com\/noticias\/wp-content\/uploads\/2024\/10\/IMG-20241004-WA0221-269x300.jpg 269w, https:\/\/panamaimage.com\/noticias\/wp-content\/uploads\/2024\/10\/IMG-20241004-WA0221-768x855.jpg 768w\" sizes=\"auto, (max-width: 900px) 100vw, 900px\" \/><\/a><\/figure>\n\n\n\n<figure class=\"wp-block-image size-large\"><a href=\"https:\/\/panamaimage.com\/noticias\/wp-content\/uploads\/2024\/10\/IMG-20241004-WA0220.jpg\"><img loading=\"lazy\" decoding=\"async\" width=\"797\" height=\"1024\" src=\"https:\/\/panamaimage.com\/noticias\/wp-content\/uploads\/2024\/10\/IMG-20241004-WA0220-797x1024.jpg\" alt=\"\" class=\"wp-image-3668\" title=\"\" srcset=\"https:\/\/panamaimage.com\/noticias\/wp-content\/uploads\/2024\/10\/IMG-20241004-WA0220-797x1024.jpg 797w, https:\/\/panamaimage.com\/noticias\/wp-content\/uploads\/2024\/10\/IMG-20241004-WA0220-233x300.jpg 233w, https:\/\/panamaimage.com\/noticias\/wp-content\/uploads\/2024\/10\/IMG-20241004-WA0220-768x987.jpg 768w, https:\/\/panamaimage.com\/noticias\/wp-content\/uploads\/2024\/10\/IMG-20241004-WA0220.jpg 900w\" sizes=\"auto, (max-width: 797px) 100vw, 797px\" \/><\/a><\/figure>\n","protected":false},"excerpt":{"rendered":"<p>J\u00f3venes Veterinarios es un programa especial que forma parte de la Iniciativa por los J\u00f3venes de Nestl\u00e9, un esfuerzo global que desde hace m\u00e1s de 10 a\u00f1os brinda oportunidades de crecimiento profesional y desarrollo a millones de j\u00f3venes alrededor del mundo. La Alianza se firm\u00f3 en el marco del D\u00eda Mundial de los Animales y [&hellip;]<\/p>\n","protected":false},"author":3,"featured_media":3668,"comment_status":"open","ping_status":"open","sticky":false,"template":"","format":"standard","meta":{"footnotes":""},"categories":[2],"tags":[],"class_list":["post-3665","post","type-post","status-publish","format-standard","has-post-thumbnail","hentry","category-nacionales"],"_links":{"self":[{"href":"https:\/\/panamaimage.com\/noticias\/wp-json\/wp\/v2\/posts\/3665","targetHints":{"allow":["GET"]}}],"collection":[{"href":"https:\/\/panamaimage.com\/noticias\/wp-json\/wp\/v2\/posts"}],"about":[{"href":"https:\/\/panamaimage.com\/noticias\/wp-json\/wp\/v2\/types\/post"}],"author":[{"embeddable":true,"href":"https:\/\/panamaimage.com\/noticias\/wp-json\/wp\/v2\/users\/3"}],"replies":[{"embeddable":true,"href":"https:\/\/panamaimage.com\/noticias\/wp-json\/wp\/v2\/comments?post=3665"}],"version-history":[{"count":1,"href":"https:\/\/panamaimage.com\/noticias\/wp-json\/wp\/v2\/posts\/3665\/revisions"}],"predecessor-version":[{"id":3669,"href":"https:\/\/panamaimage.com\/noticias\/wp-json\/wp\/v2\/posts\/3665\/revisions\/3669"}],"wp:featuredmedia":[{"embeddable":true,"href":"https:\/\/panamaimage.com\/noticias\/wp-json\/wp\/v2\/media\/3668"}],"wp:attachment":[{"href":"https:\/\/panamaimage.com\/noticias\/wp-json\/wp\/v2\/media?parent=3665"}],"wp:term":[{"taxonomy":"category","embeddable":true,"href":"https:\/\/panamaimage.com\/noticias\/wp-json\/wp\/v2\/categories?post=3665"},{"taxonomy":"post_tag","embeddable":true,"href":"https:\/\/panamaimage.com\/noticias\/wp-json\/wp\/v2\/tags?post=3665"}],"curies":[{"name":"wp","href":"https:\/\/api.w.org\/{rel}","templated":true}]}}