{"id":3648,"date":"2024-10-01T22:43:09","date_gmt":"2024-10-01T22:43:09","guid":{"rendered":"https:\/\/panamaimage.com\/noticias\/?p=3648"},"modified":"2024-10-01T22:43:11","modified_gmt":"2024-10-01T22:43:11","slug":"asamblea-nacional-inicia-actividades-de-la-cinta-rosada","status":"publish","type":"post","link":"https:\/\/panamaimage.com\/noticias\/asamblea-nacional-inicia-actividades-de-la-cinta-rosada\/","title":{"rendered":"ASAMBLEA NACIONAL INICIA ACTIVIDADES DE LA CINTA ROSADA"},"content":{"rendered":"\n<p><\/p>\n\n\n\n<p>Con una misa por la salud de la familia legislativa, el primer \u00f3rgano del Estado inici\u00f3 el mes de la Cinta Rosada, la cual comprende la realizaci\u00f3n de una serie de actividades y que tiene como lema:\u201d con paso firme en la lucha contra el c\u00e1ncer\u201d.<\/p>\n\n\n\n<p>La eucarist\u00eda estuvo a cargo del padre, Vicente Amable, la cual congreg\u00f3 a la familia legislativa, la cual tuvo como tema central, amar la vida y disfrutarla.<\/p>\n\n\n\n<p>El cleric\u00f3 record\u00f3 a los presentes que el amor a la vida y a la familia son bases fundamentales para una buena convivencia. Dijo que hay que demostrar amor e inter\u00e9s por los que queremos, compartir con los dem\u00e1s, ya que esas acciones son las que contribuyen a una vida en paz y libre de toda perturbaci\u00f3n.<\/p>\n\n\n\n<p>Jos\u00e9 Miguel Castro, subdirector de Cultura, destac\u00f3 que la misa da inicio a una de las tantas actividades que se celebraran durante el mes de la cinta rosada. Agradeci\u00f3 la asistencia de los funcionarios que participaron en esta primera actividad e invit\u00f3 a todos a estar pendiente de los diferentes eventos que se llevaran a cabo, dentro de los cuales se realizar\u00e1 una marat\u00f3n y la entrega de canastilla al Instituto Oncol\u00f3gico Nacional.<\/p>\n\n\n\n<p>La Eucarist\u00eda estuvo muy bien acompa\u00f1ada del Coro de la Direcci\u00f3n de Cultura y Deportes del primer \u00f3rgano del Estado.<\/p>\n\n\n\n<figure class=\"wp-block-image size-large\"><a href=\"https:\/\/panamaimage.com\/noticias\/wp-content\/uploads\/2024\/10\/IMG-20241001-WA0450.jpg\"><img loading=\"lazy\" decoding=\"async\" width=\"1024\" height=\"682\" src=\"https:\/\/panamaimage.com\/noticias\/wp-content\/uploads\/2024\/10\/IMG-20241001-WA0450-1024x682.jpg\" alt=\"\" class=\"wp-image-3652\" title=\"\" srcset=\"https:\/\/panamaimage.com\/noticias\/wp-content\/uploads\/2024\/10\/IMG-20241001-WA0450-1024x682.jpg 1024w, https:\/\/panamaimage.com\/noticias\/wp-content\/uploads\/2024\/10\/IMG-20241001-WA0450-300x200.jpg 300w, https:\/\/panamaimage.com\/noticias\/wp-content\/uploads\/2024\/10\/IMG-20241001-WA0450-768x512.jpg 768w, https:\/\/panamaimage.com\/noticias\/wp-content\/uploads\/2024\/10\/IMG-20241001-WA0450.jpg 1280w\" sizes=\"auto, (max-width: 1024px) 100vw, 1024px\" \/><\/a><\/figure>\n","protected":false},"excerpt":{"rendered":"<p>Con una misa por la salud de la familia legislativa, el primer \u00f3rgano del Estado inici\u00f3 el mes de la Cinta Rosada, la cual comprende la realizaci\u00f3n de una serie de actividades y que tiene como lema:\u201d con paso firme en la lucha contra el c\u00e1ncer\u201d. La eucarist\u00eda estuvo a cargo del padre, Vicente Amable, [&hellip;]<\/p>\n","protected":false},"author":3,"featured_media":3651,"comment_status":"open","ping_status":"open","sticky":false,"template":"","format":"standard","meta":{"footnotes":""},"categories":[2],"tags":[],"class_list":["post-3648","post","type-post","status-publish","format-standard","has-post-thumbnail","hentry","category-nacionales"],"_links":{"self":[{"href":"https:\/\/panamaimage.com\/noticias\/wp-json\/wp\/v2\/posts\/3648","targetHints":{"allow":["GET"]}}],"collection":[{"href":"https:\/\/panamaimage.com\/noticias\/wp-json\/wp\/v2\/posts"}],"about":[{"href":"https:\/\/panamaimage.com\/noticias\/wp-json\/wp\/v2\/types\/post"}],"author":[{"embeddable":true,"href":"https:\/\/panamaimage.com\/noticias\/wp-json\/wp\/v2\/users\/3"}],"replies":[{"embeddable":true,"href":"https:\/\/panamaimage.com\/noticias\/wp-json\/wp\/v2\/comments?post=3648"}],"version-history":[{"count":1,"href":"https:\/\/panamaimage.com\/noticias\/wp-json\/wp\/v2\/posts\/3648\/revisions"}],"predecessor-version":[{"id":3653,"href":"https:\/\/panamaimage.com\/noticias\/wp-json\/wp\/v2\/posts\/3648\/revisions\/3653"}],"wp:featuredmedia":[{"embeddable":true,"href":"https:\/\/panamaimage.com\/noticias\/wp-json\/wp\/v2\/media\/3651"}],"wp:attachment":[{"href":"https:\/\/panamaimage.com\/noticias\/wp-json\/wp\/v2\/media?parent=3648"}],"wp:term":[{"taxonomy":"category","embeddable":true,"href":"https:\/\/panamaimage.com\/noticias\/wp-json\/wp\/v2\/categories?post=3648"},{"taxonomy":"post_tag","embeddable":true,"href":"https:\/\/panamaimage.com\/noticias\/wp-json\/wp\/v2\/tags?post=3648"}],"curies":[{"name":"wp","href":"https:\/\/api.w.org\/{rel}","templated":true}]}}