{"id":3635,"date":"2024-10-01T22:35:06","date_gmt":"2024-10-01T22:35:06","guid":{"rendered":"https:\/\/panamaimage.com\/noticias\/?p=3635"},"modified":"2024-10-01T22:35:08","modified_gmt":"2024-10-01T22:35:08","slug":"consejo-municipal-celebra-45-anos-de-la-entrada-en-vigencia-de-los-tratados-torrijos-carter-y-la-fundacion-del-corregimiento-de-ancon","status":"publish","type":"post","link":"https:\/\/panamaimage.com\/noticias\/consejo-municipal-celebra-45-anos-de-la-entrada-en-vigencia-de-los-tratados-torrijos-carter-y-la-fundacion-del-corregimiento-de-ancon\/","title":{"rendered":"Consejo Municipal celebra 45 a\u00f1os de la entrada en vigencia de los tratados Torrijos-Carter y la fundaci\u00f3n del corregimiento de Anc\u00f3n"},"content":{"rendered":"\n<p><em>Panam\u00e1, 1 de octubre de 2024.-<\/em> En una emotiva y solemne sesi\u00f3n realizada en el auditorio Ascanio Arosemena de la Autoridad del Canal de Panam\u00e1, el Consejo Municipal de Panam\u00e1 celebr\u00f3 el 45 aniversario de la entrada en vigencia de los tratados Torrijos-Carter y la fundaci\u00f3n del corregimiento de Anc\u00f3n, dos hitos que transformaron el destino del pa\u00eds y consolidaron su soberan\u00eda.<\/p>\n\n\n\n<p>Durante la ceremonia, la representante de Anc\u00f3n, Yamireth Batista, entreg\u00f3 pergaminos de reconocimiento a Cornelia L\u00f3pez, l\u00edder comunitaria guna; y a Jorge Ricardo Panay, destacado municipalista, declar\u00e1ndolos Hijos Meritorios del corregimiento de Anc\u00f3n. Este homenaje resalta sus significativas contribuciones al desarrollo social y comunitario de la regi\u00f3n.<\/p>\n\n\n\n<p>Cornelia L\u00f3pez, originaria de Mulatupu en la comarca Guna Yala, ha dedicado su vida al servicio de los m\u00e1s vulnerables, liderando el Comedor Infantil Sendero en Kuna Nega, donde su incansable labor ha sido un pilar de apoyo para los ni\u00f1os y las familias de la comunidad.<\/p>\n\n\n\n<p>Por su parte, Jorge Ricardo Panay Batista, quien fue representante del corregimiento de Anc\u00f3n entre 1989 y 1999, dej\u00f3 una huella imborrable en la gesti\u00f3n p\u00fablica local, destac\u00e1ndose por m\u00e1s de 35 a\u00f1os por su visi\u00f3n y compromiso con el fortalecimiento de los gobiernos locales y su impulso a iniciativas comunitarias.<\/p>\n\n\n\n<p>La representante Batista record\u00f3 con emoci\u00f3n su participaci\u00f3n en los actos de 1979 junto a su padre, Porfirio Batista, educador y fil\u00f3sofo, en Albrook Field, donde plantaron banderas paname\u00f1as tras la entrada en vigencia de los tratados Torrijos-Carter.<\/p>\n\n\n\n<p>En compa\u00f1\u00eda de estudiantes de las escuelas biling\u00fces de Kuna Nega y Omar Torrijos de Para\u00edso, repiti\u00f3 el gesto simb\u00f3lico de plantar la bandera en las antiguas tierras de la Zona del Canal. \u00abHoy lo hice de nuevo, y lo har\u00eda mil veces m\u00e1s\u00bb, afirm\u00f3 con orgullo, resaltando el legado patri\u00f3tico que le dejaron su padre y su padrino, \u00c1lvaro Men\u00e9ndez Franco, poeta e historiador.<\/p>\n\n\n\n<p>Batista tambi\u00e9n subray\u00f3 que la celebraci\u00f3n coincide con el centenario del expresidente estadounidense James Carter, firmante junto al general Omar Torrijos de los tratados que devolvieron la soberan\u00eda a Panam\u00e1. \u00abEs un d\u00eda especial, no solo para Anc\u00f3n, sino para todo el pa\u00eds, un d\u00eda que marca el inicio de un futuro mejor para todos\u00bb, expres\u00f3 con entusiasmo.<\/p>\n\n\n\n<p>El orador principal, Orlando Acosta, excoordinador de Memoria Hist\u00f3rica del Canal de Panam\u00e1, hizo una reflexi\u00f3n sobre el papel estrat\u00e9gico de Anc\u00f3n en las gestas patri\u00f3ticas del siglo pasado y su relevancia para el progreso y desarrollo del pa\u00eds.<\/p>\n\n\n\n<p>La jornada conmemorativa incluy\u00f3 una presentaci\u00f3n art\u00edstica a cargo de estudiantes del Centro Educativo de Artes Diversificadas de Los R\u00edos, Villa C\u00e1rdenas, y una misa de acci\u00f3n de gracias. Posteriormente, se realiz\u00f3 una caminata hasta el Paseo El Prado, donde los estudiantes plantaron banderas, culminando el acto con la entonaci\u00f3n del Himno Nacional.<\/p>\n\n\n\n<p>La entrada en vigencia de los tratados Torrijos-Carter en 1979 marc\u00f3 el inicio de un proceso hist\u00f3rico de 20 a\u00f1os, durante el cual Panam\u00e1 recuper\u00f3 gradualmente las tierras y bienes de la antigua Zona del Canal. Este proceso culmin\u00f3 el 31 de diciembre de 1999, cuando la administraci\u00f3n del Canal fue transferida completamente al pueblo paname\u00f1o.<\/p>\n\n\n\n<p>Asimismo, el 1 de octubre de 1979, se cre\u00f3 el corregimiento de Anc\u00f3n, una regi\u00f3n estrat\u00e9gica que abarca 204.6 kil\u00f3metros cuadrados, donde se concentran importantes instalaciones del Canal de Panam\u00e1, puertos, centros acad\u00e9micos, un aeropuerto, el ferrocarril trans\u00edstmico y cinco reservas naturales protegidas.<\/p>\n\n\n\n<figure class=\"wp-block-image size-large\"><a href=\"https:\/\/panamaimage.com\/noticias\/wp-content\/uploads\/2024\/10\/IMG-20241001-WA0164.jpg\"><img loading=\"lazy\" decoding=\"async\" width=\"1024\" height=\"678\" src=\"https:\/\/panamaimage.com\/noticias\/wp-content\/uploads\/2024\/10\/IMG-20241001-WA0164-1024x678.jpg\" alt=\"\" class=\"wp-image-3639\" title=\"\" srcset=\"https:\/\/panamaimage.com\/noticias\/wp-content\/uploads\/2024\/10\/IMG-20241001-WA0164-1024x678.jpg 1024w, https:\/\/panamaimage.com\/noticias\/wp-content\/uploads\/2024\/10\/IMG-20241001-WA0164-300x199.jpg 300w, https:\/\/panamaimage.com\/noticias\/wp-content\/uploads\/2024\/10\/IMG-20241001-WA0164-768x508.jpg 768w, https:\/\/panamaimage.com\/noticias\/wp-content\/uploads\/2024\/10\/IMG-20241001-WA0164.jpg 1080w\" sizes=\"auto, (max-width: 1024px) 100vw, 1024px\" \/><\/a><\/figure>\n\n\n\n<figure class=\"wp-block-image size-large\"><a href=\"https:\/\/panamaimage.com\/noticias\/wp-content\/uploads\/2024\/10\/IMG-20241001-WA0167.jpg\"><img loading=\"lazy\" decoding=\"async\" width=\"1024\" height=\"659\" src=\"https:\/\/panamaimage.com\/noticias\/wp-content\/uploads\/2024\/10\/IMG-20241001-WA0167-1024x659.jpg\" alt=\"\" class=\"wp-image-3636\" title=\"\" srcset=\"https:\/\/panamaimage.com\/noticias\/wp-content\/uploads\/2024\/10\/IMG-20241001-WA0167-1024x659.jpg 1024w, https:\/\/panamaimage.com\/noticias\/wp-content\/uploads\/2024\/10\/IMG-20241001-WA0167-300x193.jpg 300w, https:\/\/panamaimage.com\/noticias\/wp-content\/uploads\/2024\/10\/IMG-20241001-WA0167-768x494.jpg 768w, https:\/\/panamaimage.com\/noticias\/wp-content\/uploads\/2024\/10\/IMG-20241001-WA0167.jpg 1079w\" sizes=\"auto, (max-width: 1024px) 100vw, 1024px\" \/><\/a><\/figure>\n\n\n\n<p><\/p>\n\n\n\n<figure class=\"wp-block-image size-large\"><a href=\"https:\/\/panamaimage.com\/noticias\/wp-content\/uploads\/2024\/10\/IMG-20241001-WA0166.jpg\"><img loading=\"lazy\" decoding=\"async\" width=\"1024\" height=\"659\" src=\"https:\/\/panamaimage.com\/noticias\/wp-content\/uploads\/2024\/10\/IMG-20241001-WA0166-1024x659.jpg\" alt=\"\" class=\"wp-image-3637\" title=\"\" srcset=\"https:\/\/panamaimage.com\/noticias\/wp-content\/uploads\/2024\/10\/IMG-20241001-WA0166-1024x659.jpg 1024w, https:\/\/panamaimage.com\/noticias\/wp-content\/uploads\/2024\/10\/IMG-20241001-WA0166-300x193.jpg 300w, https:\/\/panamaimage.com\/noticias\/wp-content\/uploads\/2024\/10\/IMG-20241001-WA0166-768x494.jpg 768w, https:\/\/panamaimage.com\/noticias\/wp-content\/uploads\/2024\/10\/IMG-20241001-WA0166.jpg 1080w\" sizes=\"auto, (max-width: 1024px) 100vw, 1024px\" \/><\/a><\/figure>\n","protected":false},"excerpt":{"rendered":"<p>Panam\u00e1, 1 de octubre de 2024.- En una emotiva y solemne sesi\u00f3n realizada en el auditorio Ascanio Arosemena de la Autoridad del Canal de Panam\u00e1, el Consejo Municipal de Panam\u00e1 celebr\u00f3 el 45 aniversario de la entrada en vigencia de los tratados Torrijos-Carter y la fundaci\u00f3n del corregimiento de Anc\u00f3n, dos hitos que transformaron el [&hellip;]<\/p>\n","protected":false},"author":3,"featured_media":3638,"comment_status":"open","ping_status":"open","sticky":false,"template":"","format":"standard","meta":{"footnotes":""},"categories":[2],"tags":[],"class_list":["post-3635","post","type-post","status-publish","format-standard","has-post-thumbnail","hentry","category-nacionales"],"_links":{"self":[{"href":"https:\/\/panamaimage.com\/noticias\/wp-json\/wp\/v2\/posts\/3635","targetHints":{"allow":["GET"]}}],"collection":[{"href":"https:\/\/panamaimage.com\/noticias\/wp-json\/wp\/v2\/posts"}],"about":[{"href":"https:\/\/panamaimage.com\/noticias\/wp-json\/wp\/v2\/types\/post"}],"author":[{"embeddable":true,"href":"https:\/\/panamaimage.com\/noticias\/wp-json\/wp\/v2\/users\/3"}],"replies":[{"embeddable":true,"href":"https:\/\/panamaimage.com\/noticias\/wp-json\/wp\/v2\/comments?post=3635"}],"version-history":[{"count":1,"href":"https:\/\/panamaimage.com\/noticias\/wp-json\/wp\/v2\/posts\/3635\/revisions"}],"predecessor-version":[{"id":3640,"href":"https:\/\/panamaimage.com\/noticias\/wp-json\/wp\/v2\/posts\/3635\/revisions\/3640"}],"wp:featuredmedia":[{"embeddable":true,"href":"https:\/\/panamaimage.com\/noticias\/wp-json\/wp\/v2\/media\/3638"}],"wp:attachment":[{"href":"https:\/\/panamaimage.com\/noticias\/wp-json\/wp\/v2\/media?parent=3635"}],"wp:term":[{"taxonomy":"category","embeddable":true,"href":"https:\/\/panamaimage.com\/noticias\/wp-json\/wp\/v2\/categories?post=3635"},{"taxonomy":"post_tag","embeddable":true,"href":"https:\/\/panamaimage.com\/noticias\/wp-json\/wp\/v2\/tags?post=3635"}],"curies":[{"name":"wp","href":"https:\/\/api.w.org\/{rel}","templated":true}]}}