{"id":3634,"date":"2024-10-01T22:37:46","date_gmt":"2024-10-01T22:37:46","guid":{"rendered":"https:\/\/panamaimage.com\/noticias\/?p=3634"},"modified":"2024-10-01T22:37:48","modified_gmt":"2024-10-01T22:37:48","slug":"banco-de-alimentos-al-servicio-de-las-familias-vulnerables-del-pais","status":"publish","type":"post","link":"https:\/\/panamaimage.com\/noticias\/banco-de-alimentos-al-servicio-de-las-familias-vulnerables-del-pais\/","title":{"rendered":"BANCO DE ALIMENTOS AL SERVICIO DE LAS FAMILIAS VULNERABLES DEL PA\u00cdS"},"content":{"rendered":"\n<p><\/p>\n\n\n\n<p>Combatir el hambre y la desnutrici\u00f3n en Panam\u00e1, creando conciencia en la sociedad para evitar el desperdicio de alimentos, son las tareas fundamentales del Banco de Alimentos de Panam\u00e1, as\u00ed lo pudo constatar la Comisi\u00f3n de Asuntos Agropecuarios, encabezada por el diputado Ricardo Vigil, durante una gira de fiscalizaci\u00f3n a esas instalaciones.<\/p>\n\n\n\n<p>Ana Isabel M\u00e9ndez, gerente general del Banco de Alimentos de Panam\u00e1, dijo que es una Organizaci\u00f3n sin fines de lucro que busca mitigar el hambre en Panam\u00e1, proporcionando de manera profesional, honesta y transparente, asistencia alimentaria a los sectores m\u00e1s vulnerables de nuestro pa\u00eds, a trav\u00e9s del rescate, inspecci\u00f3n y selecci\u00f3n de alimentos consumibles, no comercializables.<\/p>\n\n\n\n<p>Explic\u00f3 que se dedican a recoger los excedentes de productos que las distribuidoras y supermercados ponen no pueden comercializar, siempre que est\u00e9n en buen estado y sin vencer, luego los revisan, los clasifican y los entregan a organizaciones ben\u00e9ficas, como asilos, iglesias, comedores, que tienen programas alimentarios a nivel nacional.<\/p>\n\n\n\n<p>Por su parte Juan Pablo Torre Alba, especialista en rescate de alimentos, manifest\u00f3 que, en lo operativo, ellos reciben los excedentes de alimentos aptos para el consumo humano, pero que por alguna raz\u00f3n no han podido ser comercializados.<br>Indic\u00f3 que cuentan con una flota de tres camiones, dos ambientes y uno refrigerado, en la que recogen los alimentos provenientes de los supermercados, distribuidoras y de Merca Panam\u00e1, con el cual tienen un convenio para retirar productos, como frutas y vegetales de lunes a jueves, las cuales son tratadas de manera especial y entregadas el d\u00eda siguiente a organizaciones beneficiarias.<\/p>\n\n\n\n<p>El presidente de la Comisi\u00f3n de Asuntos Agropecuarios, Ricardo Vigil, dijo que se lleva una grata impresi\u00f3n del trabajo que realiza el Banco de Alimentos, toda vez que ya lleva 10 a\u00f1os en esta labor y en beneficio de la poblaci\u00f3n o familias m\u00e1s vulnerables del pa\u00eds.<\/p>\n\n\n\n<p>Dijo que es muy importante para ellos conocer esta informaci\u00f3n, ya que esta instancia legislativa es el puente con el sector agroalimentario, por lo que esto ayudar\u00e1, de seguro, a generar pol\u00edticas p\u00fablicas encaminadas al mejoramiento de la producci\u00f3n y la alimentaci\u00f3n.<\/p>\n\n\n\n<p><\/p>\n\n\n\n<figure class=\"wp-block-image size-large\"><a href=\"https:\/\/panamaimage.com\/noticias\/wp-content\/uploads\/2024\/10\/IMG-20241001-WA0454.jpg\"><img loading=\"lazy\" decoding=\"async\" width=\"1024\" height=\"683\" src=\"https:\/\/panamaimage.com\/noticias\/wp-content\/uploads\/2024\/10\/IMG-20241001-WA0454-1024x683.jpg\" alt=\"\" class=\"wp-image-3642\" title=\"\" srcset=\"https:\/\/panamaimage.com\/noticias\/wp-content\/uploads\/2024\/10\/IMG-20241001-WA0454-1024x683.jpg 1024w, https:\/\/panamaimage.com\/noticias\/wp-content\/uploads\/2024\/10\/IMG-20241001-WA0454-300x200.jpg 300w, https:\/\/panamaimage.com\/noticias\/wp-content\/uploads\/2024\/10\/IMG-20241001-WA0454-768x512.jpg 768w, https:\/\/panamaimage.com\/noticias\/wp-content\/uploads\/2024\/10\/IMG-20241001-WA0454-1536x1024.jpg 1536w, https:\/\/panamaimage.com\/noticias\/wp-content\/uploads\/2024\/10\/IMG-20241001-WA0454.jpg 1599w\" sizes=\"auto, (max-width: 1024px) 100vw, 1024px\" \/><\/a><\/figure>\n","protected":false},"excerpt":{"rendered":"<p>Combatir el hambre y la desnutrici\u00f3n en Panam\u00e1, creando conciencia en la sociedad para evitar el desperdicio de alimentos, son las tareas fundamentales del Banco de Alimentos de Panam\u00e1, as\u00ed lo pudo constatar la Comisi\u00f3n de Asuntos Agropecuarios, encabezada por el diputado Ricardo Vigil, durante una gira de fiscalizaci\u00f3n a esas instalaciones. Ana Isabel M\u00e9ndez, [&hellip;]<\/p>\n","protected":false},"author":3,"featured_media":3641,"comment_status":"open","ping_status":"open","sticky":false,"template":"","format":"standard","meta":{"footnotes":""},"categories":[2],"tags":[],"class_list":["post-3634","post","type-post","status-publish","format-standard","has-post-thumbnail","hentry","category-nacionales"],"_links":{"self":[{"href":"https:\/\/panamaimage.com\/noticias\/wp-json\/wp\/v2\/posts\/3634","targetHints":{"allow":["GET"]}}],"collection":[{"href":"https:\/\/panamaimage.com\/noticias\/wp-json\/wp\/v2\/posts"}],"about":[{"href":"https:\/\/panamaimage.com\/noticias\/wp-json\/wp\/v2\/types\/post"}],"author":[{"embeddable":true,"href":"https:\/\/panamaimage.com\/noticias\/wp-json\/wp\/v2\/users\/3"}],"replies":[{"embeddable":true,"href":"https:\/\/panamaimage.com\/noticias\/wp-json\/wp\/v2\/comments?post=3634"}],"version-history":[{"count":1,"href":"https:\/\/panamaimage.com\/noticias\/wp-json\/wp\/v2\/posts\/3634\/revisions"}],"predecessor-version":[{"id":3643,"href":"https:\/\/panamaimage.com\/noticias\/wp-json\/wp\/v2\/posts\/3634\/revisions\/3643"}],"wp:featuredmedia":[{"embeddable":true,"href":"https:\/\/panamaimage.com\/noticias\/wp-json\/wp\/v2\/media\/3641"}],"wp:attachment":[{"href":"https:\/\/panamaimage.com\/noticias\/wp-json\/wp\/v2\/media?parent=3634"}],"wp:term":[{"taxonomy":"category","embeddable":true,"href":"https:\/\/panamaimage.com\/noticias\/wp-json\/wp\/v2\/categories?post=3634"},{"taxonomy":"post_tag","embeddable":true,"href":"https:\/\/panamaimage.com\/noticias\/wp-json\/wp\/v2\/tags?post=3634"}],"curies":[{"name":"wp","href":"https:\/\/api.w.org\/{rel}","templated":true}]}}