{"id":3622,"date":"2024-10-01T21:32:38","date_gmt":"2024-10-01T21:32:38","guid":{"rendered":"https:\/\/panamaimage.com\/noticias\/?p=3622"},"modified":"2024-10-01T21:32:40","modified_gmt":"2024-10-01T21:32:40","slug":"mides-y-minsa-realizan-conversatorio-en-el-dia-internacional-de-las-personas-mayores","status":"publish","type":"post","link":"https:\/\/panamaimage.com\/noticias\/mides-y-minsa-realizan-conversatorio-en-el-dia-internacional-de-las-personas-mayores\/","title":{"rendered":"Mides y Minsa realizan conversatorio en el D\u00eda Internacional de las Personas Mayores."},"content":{"rendered":"\n<p><\/p>\n\n\n\n<p>El 14 de diciembre de 1990, la Asamblea General de la Organizaci\u00f3n de las Naciones Unidas (ONU), a trav\u00e9s de la Resoluci\u00f3n 45-106, design\u00f3 el 1 de octubre como D\u00eda Internacional de las Personas Mayores.<br>Panam\u00e1, 1 de octubre de 2024.- El Ministerio de Salud, con el objetivo de conmemorar la 34\u00b0 versi\u00f3n del D\u00eda Internacional de las Personas Mayores, particip\u00f3 este martes de un conversatorio en el Ministerio de Desarrollo Social (Mides), dirigido a esta parte de la poblaci\u00f3n, en donde se abordaron temas relacionados con la salud mental, econom\u00eda plateada y actividades que pueden desarrollar en la etapa de jubilaci\u00f3n.<br>Diana Varela, jefa de la Secci\u00f3n del Adulto Mayor del Ministerio de Salud, indic\u00f3 que el lema para este a\u00f1o se centra en el tema \u00abEnvejecer con dignidad: reforzar los sistemas de atenci\u00f3n y asistencia a las personas mayores en todo el mundo\u00bb, sostuvo.<br>Mencion\u00f3 el rol fundamental del Ministerio de Salud en los sistemas de atenci\u00f3n y los cuidados a largo plazo enfocado en las personas mayores, por lo que trabajan en la atenci\u00f3n integral a las personas mayores, lo que implica fortalecer el equipo y recurso humano, as\u00ed como dotar a las instalaciones de salud de servicios, ex\u00e1menes, tratamientos que sean dignos y que favorezcan un envejecimiento saludable.<br>Sobre los cuidadores de adultos mayores, dijo que juegan un papel fundamental en su vida diaria \u201ctienen que llenarse de paciencia, mucha empat\u00eda, para entender las diferentes situaciones por las cuales pueden pasar en su proceso de vejez\u201d, expres\u00f3.<br>El evento estuvo encabezado por la ministra de Desarrollo Social, Beatriz Carles quien destac\u00f3 el compromiso del Estado en garantizar una vida digna y un ambiente de respeto con las personas mayores.<br>De acuerdo con la Organizaci\u00f3n de las Naciones Unidas el envejecimiento de la poblaci\u00f3n est\u00e1 transformando las estructuras sociales de todo el mundo. La esperanza de vida al nacer supera actualmente los 75 a\u00f1os en la mitad de los pa\u00edses del mundo, 25 a\u00f1os m\u00e1s que en 1950.<\/p>\n\n\n\n<p><\/p>\n\n\n\n\n\n<p><\/p>\n\n\n\n<figure class=\"wp-block-image size-large\"><a href=\"https:\/\/panamaimage.com\/noticias\/wp-content\/uploads\/2024\/10\/IMG-20241001-WA0142.jpg\"><img loading=\"lazy\" decoding=\"async\" width=\"1024\" height=\"682\" src=\"https:\/\/panamaimage.com\/noticias\/wp-content\/uploads\/2024\/10\/IMG-20241001-WA0142-1024x682.jpg\" alt=\"\" class=\"wp-image-3623\" title=\"\" srcset=\"https:\/\/panamaimage.com\/noticias\/wp-content\/uploads\/2024\/10\/IMG-20241001-WA0142-1024x682.jpg 1024w, https:\/\/panamaimage.com\/noticias\/wp-content\/uploads\/2024\/10\/IMG-20241001-WA0142-300x200.jpg 300w, https:\/\/panamaimage.com\/noticias\/wp-content\/uploads\/2024\/10\/IMG-20241001-WA0142-768x512.jpg 768w, https:\/\/panamaimage.com\/noticias\/wp-content\/uploads\/2024\/10\/IMG-20241001-WA0142-1536x1023.jpg 1536w, https:\/\/panamaimage.com\/noticias\/wp-content\/uploads\/2024\/10\/IMG-20241001-WA0142.jpg 1600w\" sizes=\"auto, (max-width: 1024px) 100vw, 1024px\" \/><\/a><\/figure>\n\n\n\n<figure class=\"wp-block-image size-large\"><a href=\"https:\/\/panamaimage.com\/noticias\/wp-content\/uploads\/2024\/10\/IMG-20241001-WA0141.jpg\"><img loading=\"lazy\" decoding=\"async\" width=\"1024\" height=\"682\" src=\"https:\/\/panamaimage.com\/noticias\/wp-content\/uploads\/2024\/10\/IMG-20241001-WA0141-1024x682.jpg\" alt=\"\" class=\"wp-image-3625\" title=\"\" srcset=\"https:\/\/panamaimage.com\/noticias\/wp-content\/uploads\/2024\/10\/IMG-20241001-WA0141-1024x682.jpg 1024w, https:\/\/panamaimage.com\/noticias\/wp-content\/uploads\/2024\/10\/IMG-20241001-WA0141-300x200.jpg 300w, https:\/\/panamaimage.com\/noticias\/wp-content\/uploads\/2024\/10\/IMG-20241001-WA0141-768x512.jpg 768w, https:\/\/panamaimage.com\/noticias\/wp-content\/uploads\/2024\/10\/IMG-20241001-WA0141-1536x1023.jpg 1536w, https:\/\/panamaimage.com\/noticias\/wp-content\/uploads\/2024\/10\/IMG-20241001-WA0141.jpg 1600w\" sizes=\"auto, (max-width: 1024px) 100vw, 1024px\" \/><\/a><\/figure>\n","protected":false},"excerpt":{"rendered":"<p>El 14 de diciembre de 1990, la Asamblea General de la Organizaci\u00f3n de las Naciones Unidas (ONU), a trav\u00e9s de la Resoluci\u00f3n 45-106, design\u00f3 el 1 de octubre como D\u00eda Internacional de las Personas Mayores.Panam\u00e1, 1 de octubre de 2024.- El Ministerio de Salud, con el objetivo de conmemorar la 34\u00b0 versi\u00f3n del D\u00eda Internacional [&hellip;]<\/p>\n","protected":false},"author":3,"featured_media":3624,"comment_status":"open","ping_status":"open","sticky":false,"template":"","format":"standard","meta":{"footnotes":""},"categories":[2],"tags":[],"class_list":["post-3622","post","type-post","status-publish","format-standard","has-post-thumbnail","hentry","category-nacionales"],"_links":{"self":[{"href":"https:\/\/panamaimage.com\/noticias\/wp-json\/wp\/v2\/posts\/3622","targetHints":{"allow":["GET"]}}],"collection":[{"href":"https:\/\/panamaimage.com\/noticias\/wp-json\/wp\/v2\/posts"}],"about":[{"href":"https:\/\/panamaimage.com\/noticias\/wp-json\/wp\/v2\/types\/post"}],"author":[{"embeddable":true,"href":"https:\/\/panamaimage.com\/noticias\/wp-json\/wp\/v2\/users\/3"}],"replies":[{"embeddable":true,"href":"https:\/\/panamaimage.com\/noticias\/wp-json\/wp\/v2\/comments?post=3622"}],"version-history":[{"count":1,"href":"https:\/\/panamaimage.com\/noticias\/wp-json\/wp\/v2\/posts\/3622\/revisions"}],"predecessor-version":[{"id":3626,"href":"https:\/\/panamaimage.com\/noticias\/wp-json\/wp\/v2\/posts\/3622\/revisions\/3626"}],"wp:featuredmedia":[{"embeddable":true,"href":"https:\/\/panamaimage.com\/noticias\/wp-json\/wp\/v2\/media\/3624"}],"wp:attachment":[{"href":"https:\/\/panamaimage.com\/noticias\/wp-json\/wp\/v2\/media?parent=3622"}],"wp:term":[{"taxonomy":"category","embeddable":true,"href":"https:\/\/panamaimage.com\/noticias\/wp-json\/wp\/v2\/categories?post=3622"},{"taxonomy":"post_tag","embeddable":true,"href":"https:\/\/panamaimage.com\/noticias\/wp-json\/wp\/v2\/tags?post=3622"}],"curies":[{"name":"wp","href":"https:\/\/api.w.org\/{rel}","templated":true}]}}