{"id":3614,"date":"2024-10-01T20:06:01","date_gmt":"2024-10-01T20:06:01","guid":{"rendered":"https:\/\/panamaimage.com\/noticias\/?p=3614"},"modified":"2024-10-01T20:06:03","modified_gmt":"2024-10-01T20:06:03","slug":"presidente-mulino-entrega-pabellon-nacional-a-atletas-que-participaran-en-iv-juegos-latinoamericanos-de-olimpiadas-especiales","status":"publish","type":"post","link":"https:\/\/panamaimage.com\/noticias\/presidente-mulino-entrega-pabellon-nacional-a-atletas-que-participaran-en-iv-juegos-latinoamericanos-de-olimpiadas-especiales\/","title":{"rendered":"Presidente Mulino entrega Pabell\u00f3n Nacional a atletas que participar\u00e1n en IV Juegos Latinoamericanos de Olimpiadas Especiales"},"content":{"rendered":"\n<p><\/p>\n\n\n\n<p>El presidente de la Rep\u00fablica, Jos\u00e9 Ra\u00fal Mulino entreg\u00f3 este martes la Bandera Nacional de Panam\u00e1 a la delegaci\u00f3n que representar\u00e1 al pa\u00eds en los IV Juegos Latinoamericanos de Olimpiadas Especiales Asunci\u00f3n 2024, evento deportivo que se llevar\u00e1 a cabo del 3 al 13 de octubre pr\u00f3ximo en Paraguay.<\/p>\n\n\n\n<p>Durante el acto protocolar de entrega del Pabell\u00f3n Nacional, realizado en el Sal\u00f3n Amarillo del Palacio Presidencial, el mandatario Mulino aplaudi\u00f3 el esfuerzo y reto que tiene por delante la delegaci\u00f3n paname\u00f1a que representar\u00e1 al pa\u00eds, y que est\u00e1 integrada por 23 atletas en los deportes de atletismo, nataci\u00f3n, futsal y baloncesto unificado 3&#215;3, acompa\u00f1ados de entrenadores y la jefatura de misi\u00f3n.<\/p>\n\n\n\n<p>\u201cSiento mucho placer estar aqu\u00ed, y tienen un reto bien grande. Esta es una gran ocasi\u00f3n sobre el tema de inclusi\u00f3n, me siento muy complacido. Es un asunto de todos los paname\u00f1os, que tenemos que seguir trabajando. Ustedes son personas que merecen todo el respeto y todo el apoyo, del pueblo paname\u00f1o. Yo les deseo la mayor de la suerte. \u00a1A traer medallas, a dejar el nombre de Panam\u00e1 bien en alto! Dios les bendiga, \u00a1y cu\u00eddense en este gran viaje!\u201d, expres\u00f3 el Jefe del Ejecutivo, tras entregar la Bandera Nacional al atleta de futsal, Anel Lorenzo.<\/p>\n\n\n\n<p>Momentos antes, en nombre de la delegaci\u00f3n, Irving Espinoza, de la disciplina de baloncesto, agradeci\u00f3 el apoyo y solidaridad del Gobierno Nacional, liderado por el presidente Mulino, con quien coincidi\u00f3 con el reto y \u201cla gran responsabilidad\u201d que tienen sobre sus hombros, al representar al pa\u00eds.<\/p>\n\n\n\n<p>\u201cEl 13 de octubre volveremos llenos de ilusiones, de alegr\u00edas y de medallas porque vamos a ganar. Dejaremos el nombre de nuestro Panam\u00e1 en alto y con esto seguiremos llevando el mensaje de ilusi\u00f3n, porque so\u00f1amos con un mundo donde haya m\u00e1s empat\u00eda y oportunidades para todos\u201d, manifest\u00f3 Espinoza, destacando a su vez que Olimpiadas Especiales es una organizaci\u00f3n que ha cambiado sus vidas, porque -dijo- \u201cnos da esperanza y nos permite demostrar lo que somos capaces de lograr, sin importar nuestra discapacidad\u201d.<\/p>\n\n\n\n<p>El evento de entrega del Pabell\u00f3n Nacional cont\u00f3, adem\u00e1s, con la participaci\u00f3n del director general del Instituto Paname\u00f1o de Deportes (Pandeportes), Miguel Ordo\u00f1ez y Mar\u00eda Eugenia De La Guardia, presidenta de la junta directiva de Olimpiadas Especiales.<\/p>\n\n\n\n<p>El equipo de atletas que llevar\u00e1 la Bandera de Panam\u00e1 en estos Juegos Latinoamericanos, junto a entrenadores de las distintas disciplinas, est\u00e1 conformado por kevin Navarro, Luris Moreno, Luis Carlos Quintero y Justine Vega, todos pertenecientes al deporte de atletismo. En nataci\u00f3n est\u00e1n Jos\u00e9 Garc\u00eda, Kevin Ruiz, Giuliana Weir y Ana Patricia S\u00e1nchez.<\/p>\n\n\n\n<p>En tanto, el equipo de futsal lo integran Didier V\u00e1squez, Mart\u00edn Castillo, Anel Lorenzo, Xavier Dom\u00ednguez, Luis Fern\u00e1ndez, Cristian Gonz\u00e1lez, Didier Reyes, Emmanuel Hudson, Pedro Moreno y Harlen N\u00fa\u00f1ez. El equipo de baloncesto 3&#215;3 est\u00e1 conformado por Irving Espinoza, Michael Caballero, Jos\u00e9 Joel Ruiz, Orlando Miranda y Roderick Vald\u00e9s.<\/p>\n\n\n\n<p><\/p>\n\n\n\n<figure class=\"wp-block-image size-large\"><a href=\"https:\/\/panamaimage.com\/noticias\/wp-content\/uploads\/2024\/10\/IMG-20241001-WA0176.jpg\"><img loading=\"lazy\" decoding=\"async\" width=\"1024\" height=\"682\" src=\"https:\/\/panamaimage.com\/noticias\/wp-content\/uploads\/2024\/10\/IMG-20241001-WA0176-1024x682.jpg\" alt=\"\" class=\"wp-image-3618\" title=\"\" srcset=\"https:\/\/panamaimage.com\/noticias\/wp-content\/uploads\/2024\/10\/IMG-20241001-WA0176-1024x682.jpg 1024w, https:\/\/panamaimage.com\/noticias\/wp-content\/uploads\/2024\/10\/IMG-20241001-WA0176-300x200.jpg 300w, https:\/\/panamaimage.com\/noticias\/wp-content\/uploads\/2024\/10\/IMG-20241001-WA0176-768x512.jpg 768w, https:\/\/panamaimage.com\/noticias\/wp-content\/uploads\/2024\/10\/IMG-20241001-WA0176.jpg 1280w\" sizes=\"auto, (max-width: 1024px) 100vw, 1024px\" \/><\/a><\/figure>\n\n\n\n<figure class=\"wp-block-image size-large\"><a href=\"https:\/\/panamaimage.com\/noticias\/wp-content\/uploads\/2024\/10\/IMG-20241001-WA0179.jpg\"><img loading=\"lazy\" decoding=\"async\" width=\"1024\" height=\"682\" src=\"https:\/\/panamaimage.com\/noticias\/wp-content\/uploads\/2024\/10\/IMG-20241001-WA0179-1024x682.jpg\" alt=\"\" class=\"wp-image-3616\" title=\"\" srcset=\"https:\/\/panamaimage.com\/noticias\/wp-content\/uploads\/2024\/10\/IMG-20241001-WA0179-1024x682.jpg 1024w, https:\/\/panamaimage.com\/noticias\/wp-content\/uploads\/2024\/10\/IMG-20241001-WA0179-300x200.jpg 300w, https:\/\/panamaimage.com\/noticias\/wp-content\/uploads\/2024\/10\/IMG-20241001-WA0179-768x512.jpg 768w, https:\/\/panamaimage.com\/noticias\/wp-content\/uploads\/2024\/10\/IMG-20241001-WA0179.jpg 1280w\" sizes=\"auto, (max-width: 1024px) 100vw, 1024px\" \/><\/a><\/figure>\n\n\n\n<p><\/p>\n\n\n\n<figure class=\"wp-block-image size-large\"><a href=\"https:\/\/panamaimage.com\/noticias\/wp-content\/uploads\/2024\/10\/IMG-20241001-WA0180.jpg\"><img loading=\"lazy\" decoding=\"async\" width=\"613\" height=\"1024\" src=\"https:\/\/panamaimage.com\/noticias\/wp-content\/uploads\/2024\/10\/IMG-20241001-WA0180-613x1024.jpg\" alt=\"\" class=\"wp-image-3615\" title=\"\" srcset=\"https:\/\/panamaimage.com\/noticias\/wp-content\/uploads\/2024\/10\/IMG-20241001-WA0180-613x1024.jpg 613w, https:\/\/panamaimage.com\/noticias\/wp-content\/uploads\/2024\/10\/IMG-20241001-WA0180-180x300.jpg 180w, https:\/\/panamaimage.com\/noticias\/wp-content\/uploads\/2024\/10\/IMG-20241001-WA0180.jpg 766w\" sizes=\"auto, (max-width: 613px) 100vw, 613px\" \/><\/a><\/figure>\n\n\n\n<p><\/p>\n\n\n","protected":false},"excerpt":{"rendered":"<p>El presidente de la Rep\u00fablica, Jos\u00e9 Ra\u00fal Mulino entreg\u00f3 este martes la Bandera Nacional de Panam\u00e1 a la delegaci\u00f3n que representar\u00e1 al pa\u00eds en los IV Juegos Latinoamericanos de Olimpiadas Especiales Asunci\u00f3n 2024, evento deportivo que se llevar\u00e1 a cabo del 3 al 13 de octubre pr\u00f3ximo en Paraguay. Durante el acto protocolar de entrega [&hellip;]<\/p>\n","protected":false},"author":3,"featured_media":3617,"comment_status":"open","ping_status":"open","sticky":false,"template":"","format":"standard","meta":{"footnotes":""},"categories":[2],"tags":[],"class_list":["post-3614","post","type-post","status-publish","format-standard","has-post-thumbnail","hentry","category-nacionales"],"_links":{"self":[{"href":"https:\/\/panamaimage.com\/noticias\/wp-json\/wp\/v2\/posts\/3614","targetHints":{"allow":["GET"]}}],"collection":[{"href":"https:\/\/panamaimage.com\/noticias\/wp-json\/wp\/v2\/posts"}],"about":[{"href":"https:\/\/panamaimage.com\/noticias\/wp-json\/wp\/v2\/types\/post"}],"author":[{"embeddable":true,"href":"https:\/\/panamaimage.com\/noticias\/wp-json\/wp\/v2\/users\/3"}],"replies":[{"embeddable":true,"href":"https:\/\/panamaimage.com\/noticias\/wp-json\/wp\/v2\/comments?post=3614"}],"version-history":[{"count":1,"href":"https:\/\/panamaimage.com\/noticias\/wp-json\/wp\/v2\/posts\/3614\/revisions"}],"predecessor-version":[{"id":3619,"href":"https:\/\/panamaimage.com\/noticias\/wp-json\/wp\/v2\/posts\/3614\/revisions\/3619"}],"wp:featuredmedia":[{"embeddable":true,"href":"https:\/\/panamaimage.com\/noticias\/wp-json\/wp\/v2\/media\/3617"}],"wp:attachment":[{"href":"https:\/\/panamaimage.com\/noticias\/wp-json\/wp\/v2\/media?parent=3614"}],"wp:term":[{"taxonomy":"category","embeddable":true,"href":"https:\/\/panamaimage.com\/noticias\/wp-json\/wp\/v2\/categories?post=3614"},{"taxonomy":"post_tag","embeddable":true,"href":"https:\/\/panamaimage.com\/noticias\/wp-json\/wp\/v2\/tags?post=3614"}],"curies":[{"name":"wp","href":"https:\/\/api.w.org\/{rel}","templated":true}]}}