{"id":3606,"date":"2024-10-01T19:56:22","date_gmt":"2024-10-01T19:56:22","guid":{"rendered":"https:\/\/panamaimage.com\/noticias\/?p=3606"},"modified":"2024-10-01T19:56:24","modified_gmt":"2024-10-01T19:56:24","slug":"dino-mon-toma-posesion-como-nuevo-director-de-la-css","status":"publish","type":"post","link":"https:\/\/panamaimage.com\/noticias\/dino-mon-toma-posesion-como-nuevo-director-de-la-css\/","title":{"rendered":"Dino Mon toma posesi\u00f3n como nuevo director de la CSS"},"content":{"rendered":"\n<p>El Presidente de la Republica Jos\u00e9 Ra\u00fal Mulino Quintero y el Ministro de Salud Fernando Boyd Galindo, le dieron posesi\u00f3n al cargo como nuevo Director de la Caja de Seguro Social a Dino Mon V\u00e1squez, este martes 1 de Octubre, en el sal\u00f3n Amarillo del Palacio de las Garzas.<\/p>\n\n\n\n<p>Dino Mon V\u00e1squez quien fuera Juramentado por la Asamblea Nacional para el cargo de esta entidad de seguridad social fue embestido mediante decreto del Ministerio de Salud n\u00famero 68 del 19 de agosto del 2024 en el que se aprueba el nombramiento como director de esta entidad.<\/p>\n\n\n\n<p>En la actividad particip\u00f3 Juan Carlos Orillac, Ministro de la Presidencia, ministros y vice ministros de Estado.<\/p>\n\n\n\n<p>Mon V\u00e1squez es egresado de la Universidad Aut\u00f3noma de M\u00e9xico, posee una vasta formaci\u00f3n acad\u00e9mica como actuario, obtuvo una maestr\u00eda en investigaci\u00f3n de operaciones comerciales, siendo considerado un l\u00edder en el mundo empresarial paname\u00f1o.<\/p>\n\n\n\n<figure class=\"wp-block-embed is-type-video is-provider-youtube wp-block-embed-youtube wp-embed-aspect-16-9 wp-has-aspect-ratio\"><div class=\"wp-block-embed__wrapper\">\nhttps:\/\/youtu.be\/NympzGBimY0?si=tQlgq4nyDR5C1Csg\n<\/div><\/figure>\n\n\n\n<figure class=\"wp-block-image size-large\"><a href=\"https:\/\/panamaimage.com\/noticias\/wp-content\/uploads\/2024\/10\/IMG-20241001-WA0222.jpg\"><img loading=\"lazy\" decoding=\"async\" width=\"646\" height=\"1024\" src=\"https:\/\/panamaimage.com\/noticias\/wp-content\/uploads\/2024\/10\/IMG-20241001-WA0222-646x1024.jpg\" alt=\"\" class=\"wp-image-3611\" title=\"\" srcset=\"https:\/\/panamaimage.com\/noticias\/wp-content\/uploads\/2024\/10\/IMG-20241001-WA0222-646x1024.jpg 646w, https:\/\/panamaimage.com\/noticias\/wp-content\/uploads\/2024\/10\/IMG-20241001-WA0222-189x300.jpg 189w, https:\/\/panamaimage.com\/noticias\/wp-content\/uploads\/2024\/10\/IMG-20241001-WA0222-768x1217.jpg 768w, https:\/\/panamaimage.com\/noticias\/wp-content\/uploads\/2024\/10\/IMG-20241001-WA0222.jpg 808w\" sizes=\"auto, (max-width: 646px) 100vw, 646px\" \/><\/a><\/figure>\n\n\n\n<figure class=\"wp-block-image size-large\"><a href=\"https:\/\/panamaimage.com\/noticias\/wp-content\/uploads\/2024\/10\/IMG-20241001-WA0230.jpg\"><img loading=\"lazy\" decoding=\"async\" width=\"1024\" height=\"698\" src=\"https:\/\/panamaimage.com\/noticias\/wp-content\/uploads\/2024\/10\/IMG-20241001-WA0230-1024x698.jpg\" alt=\"\" class=\"wp-image-3610\" title=\"\" srcset=\"https:\/\/panamaimage.com\/noticias\/wp-content\/uploads\/2024\/10\/IMG-20241001-WA0230-1024x698.jpg 1024w, https:\/\/panamaimage.com\/noticias\/wp-content\/uploads\/2024\/10\/IMG-20241001-WA0230-300x205.jpg 300w, https:\/\/panamaimage.com\/noticias\/wp-content\/uploads\/2024\/10\/IMG-20241001-WA0230-768x524.jpg 768w, https:\/\/panamaimage.com\/noticias\/wp-content\/uploads\/2024\/10\/IMG-20241001-WA0230.jpg 1043w\" sizes=\"auto, (max-width: 1024px) 100vw, 1024px\" \/><\/a><\/figure>\n\n\n\n<figure class=\"wp-block-image size-large\"><a href=\"https:\/\/panamaimage.com\/noticias\/wp-content\/uploads\/2024\/10\/IMG-20241001-WA0226.jpg\"><img loading=\"lazy\" decoding=\"async\" width=\"1024\" height=\"682\" src=\"https:\/\/panamaimage.com\/noticias\/wp-content\/uploads\/2024\/10\/IMG-20241001-WA0226-1024x682.jpg\" alt=\"\" class=\"wp-image-3607\" title=\"\" srcset=\"https:\/\/panamaimage.com\/noticias\/wp-content\/uploads\/2024\/10\/IMG-20241001-WA0226-1024x682.jpg 1024w, https:\/\/panamaimage.com\/noticias\/wp-content\/uploads\/2024\/10\/IMG-20241001-WA0226-300x200.jpg 300w, https:\/\/panamaimage.com\/noticias\/wp-content\/uploads\/2024\/10\/IMG-20241001-WA0226-768x512.jpg 768w, https:\/\/panamaimage.com\/noticias\/wp-content\/uploads\/2024\/10\/IMG-20241001-WA0226.jpg 1280w\" sizes=\"auto, (max-width: 1024px) 100vw, 1024px\" \/><\/a><\/figure>\n\n\n\n\n\n<figure class=\"wp-block-image size-full\"><a href=\"https:\/\/panamaimage.com\/noticias\/wp-content\/uploads\/2024\/10\/IMG-20241001-WA0229.jpg\"><img loading=\"lazy\" decoding=\"async\" width=\"941\" height=\"673\" src=\"https:\/\/panamaimage.com\/noticias\/wp-content\/uploads\/2024\/10\/IMG-20241001-WA0229.jpg\" alt=\"\" class=\"wp-image-3609\" title=\"\" srcset=\"https:\/\/panamaimage.com\/noticias\/wp-content\/uploads\/2024\/10\/IMG-20241001-WA0229.jpg 941w, https:\/\/panamaimage.com\/noticias\/wp-content\/uploads\/2024\/10\/IMG-20241001-WA0229-300x215.jpg 300w, https:\/\/panamaimage.com\/noticias\/wp-content\/uploads\/2024\/10\/IMG-20241001-WA0229-768x549.jpg 768w\" sizes=\"auto, (max-width: 941px) 100vw, 941px\" \/><\/a><\/figure>\n\n\n","protected":false},"excerpt":{"rendered":"<p>El Presidente de la Republica Jos\u00e9 Ra\u00fal Mulino Quintero y el Ministro de Salud Fernando Boyd Galindo, le dieron posesi\u00f3n al cargo como nuevo Director de la Caja de Seguro Social a Dino Mon V\u00e1squez, este martes 1 de Octubre, en el sal\u00f3n Amarillo del Palacio de las Garzas. Dino Mon V\u00e1squez quien fuera Juramentado [&hellip;]<\/p>\n","protected":false},"author":3,"featured_media":3608,"comment_status":"open","ping_status":"open","sticky":false,"template":"","format":"standard","meta":{"footnotes":""},"categories":[2],"tags":[],"class_list":["post-3606","post","type-post","status-publish","format-standard","has-post-thumbnail","hentry","category-nacionales"],"_links":{"self":[{"href":"https:\/\/panamaimage.com\/noticias\/wp-json\/wp\/v2\/posts\/3606","targetHints":{"allow":["GET"]}}],"collection":[{"href":"https:\/\/panamaimage.com\/noticias\/wp-json\/wp\/v2\/posts"}],"about":[{"href":"https:\/\/panamaimage.com\/noticias\/wp-json\/wp\/v2\/types\/post"}],"author":[{"embeddable":true,"href":"https:\/\/panamaimage.com\/noticias\/wp-json\/wp\/v2\/users\/3"}],"replies":[{"embeddable":true,"href":"https:\/\/panamaimage.com\/noticias\/wp-json\/wp\/v2\/comments?post=3606"}],"version-history":[{"count":1,"href":"https:\/\/panamaimage.com\/noticias\/wp-json\/wp\/v2\/posts\/3606\/revisions"}],"predecessor-version":[{"id":3613,"href":"https:\/\/panamaimage.com\/noticias\/wp-json\/wp\/v2\/posts\/3606\/revisions\/3613"}],"wp:featuredmedia":[{"embeddable":true,"href":"https:\/\/panamaimage.com\/noticias\/wp-json\/wp\/v2\/media\/3608"}],"wp:attachment":[{"href":"https:\/\/panamaimage.com\/noticias\/wp-json\/wp\/v2\/media?parent=3606"}],"wp:term":[{"taxonomy":"category","embeddable":true,"href":"https:\/\/panamaimage.com\/noticias\/wp-json\/wp\/v2\/categories?post=3606"},{"taxonomy":"post_tag","embeddable":true,"href":"https:\/\/panamaimage.com\/noticias\/wp-json\/wp\/v2\/tags?post=3606"}],"curies":[{"name":"wp","href":"https:\/\/api.w.org\/{rel}","templated":true}]}}