{"id":3598,"date":"2024-10-01T08:49:00","date_gmt":"2024-10-01T08:49:00","guid":{"rendered":"https:\/\/panamaimage.com\/noticias\/?p=3598"},"modified":"2024-10-01T15:52:33","modified_gmt":"2024-10-01T15:52:33","slug":"presidente-mulino-sanciona-ley-que-establece-areas-marinas-protegidas-en-alta-mar","status":"publish","type":"post","link":"https:\/\/panamaimage.com\/noticias\/presidente-mulino-sanciona-ley-que-establece-areas-marinas-protegidas-en-alta-mar\/","title":{"rendered":"Presidente Mulino sanciona ley que establece \u00c1reas Marinas Protegidas en Alta Mar"},"content":{"rendered":"\n<p><\/p>\n\n\n\n<p>El presidente de la Rep\u00fablica, Jos\u00e9 Ra\u00fal Mulino, sancion\u00f3 este lunes, 30 de septiembre de 2024, la Ley 442, por la cual se aprueba el Acuerdo en el Marco de la Convenci\u00f3n de las Naciones Unidas sobre el Derecho del Mar Relativo a la Conservaci\u00f3n y el Uso Sostenible de la Diversidad Biol\u00f3gica Marina de las Zonas Situadas Fuera de la Jurisdicci\u00f3n Nacional.<\/p>\n\n\n\n<p>La nueva norma -que tambi\u00e9n lleva la r\u00fabrica del canciller encargado, Carlos Ruiz-Hern\u00e1ndez, y firmada en presencia del ministro de Ambiente, Juan Carlos Navarro, permite a las autoridades ambientales crear un marco para la protecci\u00f3n a gran escala en alta mar, apoyando el objetivo global de conservar y gestionar efectivamente el 30% de las \u00e1reas marinas y terrestres para 2030, conforme al Marco Global de Biodiversidad de Kunming-Montreal.<\/p>\n\n\n\n<p>Navarro explic\u00f3 que Panam\u00e1 es l\u00edder global ambiental, al sumarse a un grupo de solamente 10 pa\u00edses que se han suscrito al acuerdo, que contempla proteger \u00e1reas que, pese a su inmenso valor y ricas en vida marina \u00fanica y en su mayor\u00eda desconocida, enfrentan amenazas cr\u00edticas como la contaminaci\u00f3n, la sobreexplotaci\u00f3n y el cambio clim\u00e1tico, ante la creciente demanda de recursos marinos para alimentaci\u00f3n, minerales y biotecnolog\u00eda.<\/p>\n\n\n\n<p>Destac\u00f3 que esta sanci\u00f3n, un compromiso de gobierno que inici\u00f3 en el primer mes de mandato del presidente Mulino y que recibe su aprobaci\u00f3n en 2 meses, es \u201cuna puerta abierta al mundo\u201d, porque se podr\u00e1n establecer \u00e1reas marinas vitales con protecci\u00f3n a nivel global, promoviendo la cooperaci\u00f3n internacional y la implementaci\u00f3n de medidas concretas para garantizar su conservaci\u00f3n y uso sostenible.<\/p>\n\n\n\n<p>Esta norma tambi\u00e9n define procedimientos claros y robustos para evaluar el impacto ambiental de actividades humanas en alta mar, con controles adecuados para prevenir da\u00f1os irreversibles, as\u00ed como promover la cooperaci\u00f3n t\u00e9cnica y el fortalecimiento de capacidades entre las partes para garantizar una gesti\u00f3n sostenible y equitativa de los recursos marinos.<\/p>\n\n\n\n<p>Se estima que dos tercios de la superficie oce\u00e1nica y el 95% de su volumen total se consideran fuera de jurisdicci\u00f3n nacional, \u00e1reas fundamentales para el equilibrio ecol\u00f3gico, el desarrollo econ\u00f3mico y la seguridad alimentaria mundial.<\/p>\n\n\n\n<p>Al acto de sanci\u00f3n, desarrollado en el Sal\u00f3n Amarillo de la Presidencia de la Rep\u00fablica, tambi\u00e9n asistieron el ministro Juan Carlos Orillac, autoridades del Ministerio de Ambiente e invitados especiales.<\/p>\n\n\n\n<p><em>DATOS<\/em><\/p>\n\n\n\n<p>Este acuerdo fue adoptado en Nueva York, el 19 de junio de 2023<br>Presentado por el canciller Javier Mart\u00ednez &#8211; Acha V\u00e1squez, ministro de Relaciones Exteriores, el d\u00eda 5 de septiembre de 2024, ante la Asamblea Nacional de Diputados.<br>El proyecto de ley se aprob\u00f3 en primer debate el d\u00eda 17 de septiembre de 2024; en segundo debate, el 24 de septiembre de 2024; y en tercer debate, el 25 de septiembre de 2024.<br>Ayer 30 de septiembre, el \u00faltimo d\u00eda del Mes de los Oc\u00e9anos, se le da sanci\u00f3n a esta norma.<\/p>\n\n\n\n<p><\/p>\n\n\n\n<figure class=\"wp-block-image size-large\"><a href=\"https:\/\/panamaimage.com\/noticias\/wp-content\/uploads\/2024\/10\/IMG-20240930-WA0342.jpg\"><img loading=\"lazy\" decoding=\"async\" width=\"1024\" height=\"682\" src=\"https:\/\/panamaimage.com\/noticias\/wp-content\/uploads\/2024\/10\/IMG-20240930-WA0342-1024x682.jpg\" alt=\"\" class=\"wp-image-3600\" title=\"\" srcset=\"https:\/\/panamaimage.com\/noticias\/wp-content\/uploads\/2024\/10\/IMG-20240930-WA0342-1024x682.jpg 1024w, https:\/\/panamaimage.com\/noticias\/wp-content\/uploads\/2024\/10\/IMG-20240930-WA0342-300x200.jpg 300w, https:\/\/panamaimage.com\/noticias\/wp-content\/uploads\/2024\/10\/IMG-20240930-WA0342-768x512.jpg 768w, https:\/\/panamaimage.com\/noticias\/wp-content\/uploads\/2024\/10\/IMG-20240930-WA0342-1536x1023.jpg 1536w, https:\/\/panamaimage.com\/noticias\/wp-content\/uploads\/2024\/10\/IMG-20240930-WA0342.jpg 1600w\" sizes=\"auto, (max-width: 1024px) 100vw, 1024px\" \/><\/a><\/figure>\n","protected":false},"excerpt":{"rendered":"<p>El presidente de la Rep\u00fablica, Jos\u00e9 Ra\u00fal Mulino, sancion\u00f3 este lunes, 30 de septiembre de 2024, la Ley 442, por la cual se aprueba el Acuerdo en el Marco de la Convenci\u00f3n de las Naciones Unidas sobre el Derecho del Mar Relativo a la Conservaci\u00f3n y el Uso Sostenible de la Diversidad Biol\u00f3gica Marina de [&hellip;]<\/p>\n","protected":false},"author":3,"featured_media":3599,"comment_status":"open","ping_status":"open","sticky":false,"template":"","format":"standard","meta":{"footnotes":""},"categories":[2],"tags":[],"class_list":["post-3598","post","type-post","status-publish","format-standard","has-post-thumbnail","hentry","category-nacionales"],"_links":{"self":[{"href":"https:\/\/panamaimage.com\/noticias\/wp-json\/wp\/v2\/posts\/3598","targetHints":{"allow":["GET"]}}],"collection":[{"href":"https:\/\/panamaimage.com\/noticias\/wp-json\/wp\/v2\/posts"}],"about":[{"href":"https:\/\/panamaimage.com\/noticias\/wp-json\/wp\/v2\/types\/post"}],"author":[{"embeddable":true,"href":"https:\/\/panamaimage.com\/noticias\/wp-json\/wp\/v2\/users\/3"}],"replies":[{"embeddable":true,"href":"https:\/\/panamaimage.com\/noticias\/wp-json\/wp\/v2\/comments?post=3598"}],"version-history":[{"count":1,"href":"https:\/\/panamaimage.com\/noticias\/wp-json\/wp\/v2\/posts\/3598\/revisions"}],"predecessor-version":[{"id":3601,"href":"https:\/\/panamaimage.com\/noticias\/wp-json\/wp\/v2\/posts\/3598\/revisions\/3601"}],"wp:featuredmedia":[{"embeddable":true,"href":"https:\/\/panamaimage.com\/noticias\/wp-json\/wp\/v2\/media\/3599"}],"wp:attachment":[{"href":"https:\/\/panamaimage.com\/noticias\/wp-json\/wp\/v2\/media?parent=3598"}],"wp:term":[{"taxonomy":"category","embeddable":true,"href":"https:\/\/panamaimage.com\/noticias\/wp-json\/wp\/v2\/categories?post=3598"},{"taxonomy":"post_tag","embeddable":true,"href":"https:\/\/panamaimage.com\/noticias\/wp-json\/wp\/v2\/tags?post=3598"}],"curies":[{"name":"wp","href":"https:\/\/api.w.org\/{rel}","templated":true}]}}