{"id":3438,"date":"2024-09-18T21:08:00","date_gmt":"2024-09-18T21:08:00","guid":{"rendered":"https:\/\/panamaimage.com\/noticias\/?p=3438"},"modified":"2024-09-19T07:11:41","modified_gmt":"2024-09-19T07:11:41","slug":"reduccion-de-la-planilla-genera-ahorro-significativo-a-la-asamblea-nacional","status":"publish","type":"post","link":"https:\/\/panamaimage.com\/noticias\/reduccion-de-la-planilla-genera-ahorro-significativo-a-la-asamblea-nacional\/","title":{"rendered":"REDUCCI\u00d3N DE LA PLANILLA GENERA AHORRO SIGNIFICATIVO A LA ASAMBLEA NACIONAL"},"content":{"rendered":"\n<p><\/p>\n\n\n\n<p>1 mill\u00f3n de d\u00f3lares en ahorro al presupuesto-<\/p>\n\n\n\n<p>La presidenta de la Asamblea Nacional, diputada Dana Casta\u00f1eda, convoc\u00f3 a una reuni\u00f3n a los diputados de la bancada independiente, para explicarles el proceso de mejoras en materia de tecnolog\u00eda para publicar las planillas de la instituci\u00f3n en la p\u00e1gina web y as\u00ed transparentar la gesti\u00f3n p\u00fablica que lleva a cabo la actual administraci\u00f3n.<\/p>\n\n\n\n<p>Casta\u00f1eda detall\u00f3 a los diputados presentes que, en un inicio, se afrontaron inconvenientes t\u00e9cnicos, pero se ejecutaron los esfuerzos para que se hiciera p\u00fablico el desempe\u00f1o y la gesti\u00f3n legislativa, a\u00f1adiendo que, con la eliminaci\u00f3n de la planilla 172, se ha generado un ahorro significativo que supera el mill\u00f3n de d\u00f3lares mensuales.<\/p>\n\n\n\n<p>La presidenta de la Asamblea manifest\u00f3 que continuar\u00e1 trabajando para darle transparencia a su gesti\u00f3n y parte de ello es convocar a los diputados de diferentes bancadas a esta reuni\u00f3n, para detallarles los esfuerzos que se hacen diariamente.<\/p>\n\n\n\n<p>Por su parte, el diputado independiente Roberto Z\u00fa\u00f1iga destac\u00f3 que la publicaci\u00f3n de las planillas del \u00d3rgano Legislativo ha sido un punto aclarado, en la reuni\u00f3n sostenida con la jefa del Legislativo y esto garantizar\u00e1 mayor transparencia.<\/p>\n\n\n\n<p>Zu\u00f1iga sostuvo que la transparencia genera credibilidad en la gesti\u00f3n legislativa y la publicaci\u00f3n de las planillas es parte de este proceso.<\/p>\n\n\n\n<p>Durante la reuni\u00f3n, tambi\u00e9n se trat\u00f3 el tema del deterioro de las infraestructuras del edificio que alberga las oficinas de los diputados y el hemiciclo legislativo, las cuales ameritan trabajos urgentes de reparaci\u00f3n y mantenimiento, ya que por a\u00f1os no se realizaron los trabajos pertinentes.<\/p>\n\n\n\n<figure class=\"wp-block-image size-large\"><a href=\"https:\/\/panamaimage.com\/noticias\/wp-content\/uploads\/2024\/09\/IMG-20240918-WA0380-scaled.jpg\"><img loading=\"lazy\" decoding=\"async\" width=\"1024\" height=\"683\" src=\"https:\/\/panamaimage.com\/noticias\/wp-content\/uploads\/2024\/09\/IMG-20240918-WA0380-1024x683.jpg\" alt=\"\" class=\"wp-image-3440\" title=\"\" srcset=\"https:\/\/panamaimage.com\/noticias\/wp-content\/uploads\/2024\/09\/IMG-20240918-WA0380-1024x683.jpg 1024w, https:\/\/panamaimage.com\/noticias\/wp-content\/uploads\/2024\/09\/IMG-20240918-WA0380-300x200.jpg 300w, https:\/\/panamaimage.com\/noticias\/wp-content\/uploads\/2024\/09\/IMG-20240918-WA0380-768x512.jpg 768w, https:\/\/panamaimage.com\/noticias\/wp-content\/uploads\/2024\/09\/IMG-20240918-WA0380-1536x1024.jpg 1536w, https:\/\/panamaimage.com\/noticias\/wp-content\/uploads\/2024\/09\/IMG-20240918-WA0380-2048x1365.jpg 2048w\" sizes=\"auto, (max-width: 1024px) 100vw, 1024px\" \/><\/a><\/figure>\n\n\n\n<p><\/p>\n\n\n\n<figure class=\"wp-block-image size-large\"><a href=\"https:\/\/panamaimage.com\/noticias\/wp-content\/uploads\/2024\/09\/IMG-20240918-WA0384-scaled.jpg\"><img loading=\"lazy\" decoding=\"async\" width=\"1024\" height=\"683\" src=\"https:\/\/panamaimage.com\/noticias\/wp-content\/uploads\/2024\/09\/IMG-20240918-WA0384-1024x683.jpg\" alt=\"\" class=\"wp-image-3439\" title=\"\" srcset=\"https:\/\/panamaimage.com\/noticias\/wp-content\/uploads\/2024\/09\/IMG-20240918-WA0384-1024x683.jpg 1024w, https:\/\/panamaimage.com\/noticias\/wp-content\/uploads\/2024\/09\/IMG-20240918-WA0384-300x200.jpg 300w, https:\/\/panamaimage.com\/noticias\/wp-content\/uploads\/2024\/09\/IMG-20240918-WA0384-768x512.jpg 768w, https:\/\/panamaimage.com\/noticias\/wp-content\/uploads\/2024\/09\/IMG-20240918-WA0384-1536x1024.jpg 1536w, https:\/\/panamaimage.com\/noticias\/wp-content\/uploads\/2024\/09\/IMG-20240918-WA0384-2048x1365.jpg 2048w\" sizes=\"auto, (max-width: 1024px) 100vw, 1024px\" \/><\/a><\/figure>\n","protected":false},"excerpt":{"rendered":"<p>1 mill\u00f3n de d\u00f3lares en ahorro al presupuesto- La presidenta de la Asamblea Nacional, diputada Dana Casta\u00f1eda, convoc\u00f3 a una reuni\u00f3n a los diputados de la bancada independiente, para explicarles el proceso de mejoras en materia de tecnolog\u00eda para publicar las planillas de la instituci\u00f3n en la p\u00e1gina web y as\u00ed transparentar la gesti\u00f3n p\u00fablica [&hellip;]<\/p>\n","protected":false},"author":3,"featured_media":3441,"comment_status":"open","ping_status":"open","sticky":false,"template":"","format":"standard","meta":{"footnotes":""},"categories":[2],"tags":[],"class_list":["post-3438","post","type-post","status-publish","format-standard","has-post-thumbnail","hentry","category-nacionales"],"_links":{"self":[{"href":"https:\/\/panamaimage.com\/noticias\/wp-json\/wp\/v2\/posts\/3438","targetHints":{"allow":["GET"]}}],"collection":[{"href":"https:\/\/panamaimage.com\/noticias\/wp-json\/wp\/v2\/posts"}],"about":[{"href":"https:\/\/panamaimage.com\/noticias\/wp-json\/wp\/v2\/types\/post"}],"author":[{"embeddable":true,"href":"https:\/\/panamaimage.com\/noticias\/wp-json\/wp\/v2\/users\/3"}],"replies":[{"embeddable":true,"href":"https:\/\/panamaimage.com\/noticias\/wp-json\/wp\/v2\/comments?post=3438"}],"version-history":[{"count":1,"href":"https:\/\/panamaimage.com\/noticias\/wp-json\/wp\/v2\/posts\/3438\/revisions"}],"predecessor-version":[{"id":3442,"href":"https:\/\/panamaimage.com\/noticias\/wp-json\/wp\/v2\/posts\/3438\/revisions\/3442"}],"wp:featuredmedia":[{"embeddable":true,"href":"https:\/\/panamaimage.com\/noticias\/wp-json\/wp\/v2\/media\/3441"}],"wp:attachment":[{"href":"https:\/\/panamaimage.com\/noticias\/wp-json\/wp\/v2\/media?parent=3438"}],"wp:term":[{"taxonomy":"category","embeddable":true,"href":"https:\/\/panamaimage.com\/noticias\/wp-json\/wp\/v2\/categories?post=3438"},{"taxonomy":"post_tag","embeddable":true,"href":"https:\/\/panamaimage.com\/noticias\/wp-json\/wp\/v2\/tags?post=3438"}],"curies":[{"name":"wp","href":"https:\/\/api.w.org\/{rel}","templated":true}]}}