{"id":3432,"date":"2024-09-16T01:12:07","date_gmt":"2024-09-16T01:12:07","guid":{"rendered":"https:\/\/panamaimage.com\/noticias\/?p=3432"},"modified":"2024-09-16T01:12:09","modified_gmt":"2024-09-16T01:12:09","slug":"inauguran-bosque-7-de-octubre-en-memoria-de-victimas-de-ataque-terrorista","status":"publish","type":"post","link":"https:\/\/panamaimage.com\/noticias\/inauguran-bosque-7-de-octubre-en-memoria-de-victimas-de-ataque-terrorista\/","title":{"rendered":"INAUGURAN BOSQUE 7 DE OCTUBRE EN MEMORIA DE V\u00cdCTIMAS DE ATAQUE TERRORISTA"},"content":{"rendered":"\n<p><\/p>\n\n\n\n<p>Con la asistencia de directivos de la Comunidad Jud\u00eda, el embajador de Israel, Itai Bardov; el alcalde de la ciudad de Panam\u00e1, Mayer Mizrachi; la Fundaci\u00f3n Moviendo Vidas; diputados, autoridades locales y un importante n\u00famero de j\u00f3venes se realiz\u00f3 la siembra del <em>BOSQUE 7 DE OCTUBRE<\/em>.<\/p>\n\n\n\n<p>El <em>BOSQUE DEL 7 DE OCTUBRE<\/em>, nacido bajo la iniciativa de la Filial Irving Zapp de B&#8217;nai B&#8217;rith de Panam\u00e1, est\u00e1 ubicado en el Parque Comunal de Villa las Acacias y tiene como objetivo recordar a las 1,200 personas asesinadas en el sur de Israel el 7 de octubre de 2023 a manos de los grupos terroristas Ham\u00e1s y Yihad Isl\u00e1mica.<\/p>\n\n\n\n<p>Considerando que los \u00e1rboles son elementos inequ\u00edvocos de vida, esperanza hacia el futuro y resiliencia ante elementos que atentan en contra de su existencia, este espacio verde est\u00e1 llamado a convertirse en un lugar de reflexi\u00f3n para que las nuevas generaciones de nacionales y extranjeros tomen conciencia sobre la repercusiones que el terrorismo y la violencia tienen en la sociedad.<\/p>\n\n\n\n<p>Por medio de los \u00e1rboles que florecer\u00e1n y crecer\u00e1n en el <em>BOSQUE 7 DE OCTUBRE<\/em> recordamos por siempre a quienes nos fueron arrancados en la plenitud de sus vidas, transform\u00e1ndose el Parque Comunal de Villa las Acacias en un lugar preciado para todos los paname\u00f1os, una expresi\u00f3n de nuestro esp\u00edritu de superaci\u00f3n ante la adversidad y una demostraci\u00f3n del esfuerzo que todos hacemos para tener un futuro mejor.<\/p>\n\n\n\n<p>El embajador de Israel, Itai Bardov, agradeci\u00f3 a todos afirmando que la presencia de cada uno \u00abnos alienta en nuestro firme deseo de seguir adelante en el camino de la esperanza\u00bb. Adem\u00e1s, hizo un llamado firme y fuerte, exigiendo que sean liberados los 101 rehenes que contin\u00faa secuestrados en Gaza en condiciones inhumanas.<\/p>\n\n\n\n<p><\/p>\n\n\n\n<figure class=\"wp-block-image size-large\"><a href=\"https:\/\/panamaimage.com\/noticias\/wp-content\/uploads\/2024\/09\/IMG-20240915-WA0276.jpg\"><img loading=\"lazy\" decoding=\"async\" width=\"1024\" height=\"1024\" src=\"https:\/\/panamaimage.com\/noticias\/wp-content\/uploads\/2024\/09\/IMG-20240915-WA0276-1024x1024.jpg\" alt=\"\" class=\"wp-image-3435\" title=\"\" srcset=\"https:\/\/panamaimage.com\/noticias\/wp-content\/uploads\/2024\/09\/IMG-20240915-WA0276-1024x1024.jpg 1024w, https:\/\/panamaimage.com\/noticias\/wp-content\/uploads\/2024\/09\/IMG-20240915-WA0276-300x300.jpg 300w, https:\/\/panamaimage.com\/noticias\/wp-content\/uploads\/2024\/09\/IMG-20240915-WA0276-150x150.jpg 150w, https:\/\/panamaimage.com\/noticias\/wp-content\/uploads\/2024\/09\/IMG-20240915-WA0276-768x768.jpg 768w, https:\/\/panamaimage.com\/noticias\/wp-content\/uploads\/2024\/09\/IMG-20240915-WA0276.jpg 1536w\" sizes=\"auto, (max-width: 1024px) 100vw, 1024px\" \/><\/a><\/figure>\n\n\n\n<figure class=\"wp-block-image size-large\"><a href=\"https:\/\/panamaimage.com\/noticias\/wp-content\/uploads\/2024\/09\/IMG-20240915-WA0280.jpg\"><img loading=\"lazy\" decoding=\"async\" width=\"1024\" height=\"1024\" src=\"https:\/\/panamaimage.com\/noticias\/wp-content\/uploads\/2024\/09\/IMG-20240915-WA0280-1024x1024.jpg\" alt=\"\" class=\"wp-image-3434\" title=\"\" srcset=\"https:\/\/panamaimage.com\/noticias\/wp-content\/uploads\/2024\/09\/IMG-20240915-WA0280-1024x1024.jpg 1024w, https:\/\/panamaimage.com\/noticias\/wp-content\/uploads\/2024\/09\/IMG-20240915-WA0280-300x300.jpg 300w, https:\/\/panamaimage.com\/noticias\/wp-content\/uploads\/2024\/09\/IMG-20240915-WA0280-150x150.jpg 150w, https:\/\/panamaimage.com\/noticias\/wp-content\/uploads\/2024\/09\/IMG-20240915-WA0280-768x768.jpg 768w, https:\/\/panamaimage.com\/noticias\/wp-content\/uploads\/2024\/09\/IMG-20240915-WA0280.jpg 1280w\" sizes=\"auto, (max-width: 1024px) 100vw, 1024px\" \/><\/a><\/figure>\n\n\n\n<p><\/p>\n\n\n\n<figure class=\"wp-block-image size-large\"><a href=\"https:\/\/panamaimage.com\/noticias\/wp-content\/uploads\/2024\/09\/IMG-20240915-WA0282.jpg\"><img loading=\"lazy\" decoding=\"async\" width=\"1024\" height=\"1024\" src=\"https:\/\/panamaimage.com\/noticias\/wp-content\/uploads\/2024\/09\/IMG-20240915-WA0282-1024x1024.jpg\" alt=\"\" class=\"wp-image-3433\" title=\"\" srcset=\"https:\/\/panamaimage.com\/noticias\/wp-content\/uploads\/2024\/09\/IMG-20240915-WA0282-1024x1024.jpg 1024w, https:\/\/panamaimage.com\/noticias\/wp-content\/uploads\/2024\/09\/IMG-20240915-WA0282-300x300.jpg 300w, https:\/\/panamaimage.com\/noticias\/wp-content\/uploads\/2024\/09\/IMG-20240915-WA0282-150x150.jpg 150w, https:\/\/panamaimage.com\/noticias\/wp-content\/uploads\/2024\/09\/IMG-20240915-WA0282-768x768.jpg 768w, https:\/\/panamaimage.com\/noticias\/wp-content\/uploads\/2024\/09\/IMG-20240915-WA0282.jpg 1280w\" sizes=\"auto, (max-width: 1024px) 100vw, 1024px\" \/><\/a><\/figure>\n","protected":false},"excerpt":{"rendered":"<p>Con la asistencia de directivos de la Comunidad Jud\u00eda, el embajador de Israel, Itai Bardov; el alcalde de la ciudad de Panam\u00e1, Mayer Mizrachi; la Fundaci\u00f3n Moviendo Vidas; diputados, autoridades locales y un importante n\u00famero de j\u00f3venes se realiz\u00f3 la siembra del BOSQUE 7 DE OCTUBRE. El BOSQUE DEL 7 DE OCTUBRE, nacido bajo la [&hellip;]<\/p>\n","protected":false},"author":3,"featured_media":3436,"comment_status":"open","ping_status":"open","sticky":false,"template":"","format":"standard","meta":{"footnotes":""},"categories":[2],"tags":[],"class_list":["post-3432","post","type-post","status-publish","format-standard","has-post-thumbnail","hentry","category-nacionales"],"_links":{"self":[{"href":"https:\/\/panamaimage.com\/noticias\/wp-json\/wp\/v2\/posts\/3432","targetHints":{"allow":["GET"]}}],"collection":[{"href":"https:\/\/panamaimage.com\/noticias\/wp-json\/wp\/v2\/posts"}],"about":[{"href":"https:\/\/panamaimage.com\/noticias\/wp-json\/wp\/v2\/types\/post"}],"author":[{"embeddable":true,"href":"https:\/\/panamaimage.com\/noticias\/wp-json\/wp\/v2\/users\/3"}],"replies":[{"embeddable":true,"href":"https:\/\/panamaimage.com\/noticias\/wp-json\/wp\/v2\/comments?post=3432"}],"version-history":[{"count":1,"href":"https:\/\/panamaimage.com\/noticias\/wp-json\/wp\/v2\/posts\/3432\/revisions"}],"predecessor-version":[{"id":3437,"href":"https:\/\/panamaimage.com\/noticias\/wp-json\/wp\/v2\/posts\/3432\/revisions\/3437"}],"wp:featuredmedia":[{"embeddable":true,"href":"https:\/\/panamaimage.com\/noticias\/wp-json\/wp\/v2\/media\/3436"}],"wp:attachment":[{"href":"https:\/\/panamaimage.com\/noticias\/wp-json\/wp\/v2\/media?parent=3432"}],"wp:term":[{"taxonomy":"category","embeddable":true,"href":"https:\/\/panamaimage.com\/noticias\/wp-json\/wp\/v2\/categories?post=3432"},{"taxonomy":"post_tag","embeddable":true,"href":"https:\/\/panamaimage.com\/noticias\/wp-json\/wp\/v2\/tags?post=3432"}],"curies":[{"name":"wp","href":"https:\/\/api.w.org\/{rel}","templated":true}]}}