{"id":3414,"date":"2024-09-11T23:38:36","date_gmt":"2024-09-11T23:38:36","guid":{"rendered":"https:\/\/panamaimage.com\/noticias\/?p=3414"},"modified":"2024-09-11T23:38:39","modified_gmt":"2024-09-11T23:38:39","slug":"panama-fortalece-colaboracion-en-infraestructura-e-invita-a-corea-del-sur-a-establecer-operaciones-economicas-en-el-pais","status":"publish","type":"post","link":"https:\/\/panamaimage.com\/noticias\/panama-fortalece-colaboracion-en-infraestructura-e-invita-a-corea-del-sur-a-establecer-operaciones-economicas-en-el-pais\/","title":{"rendered":"PANAM\u00c1 FORTALECE COLABORACI\u00d3N EN INFRAESTRUCTURA E INVITA A COREA DEL SUR A ESTABLECER OPERACIONES ECON\u00d3MICAS EN EL PA\u00cdS"},"content":{"rendered":"\n<p><\/p>\n\n\n\n<p>El Ministro de Obras P\u00fablicas Jos\u00e9 Luis Andrade y el Ing. Henry Faarup, Secretario General del Ferrocarril, representan a Panam\u00e1 en la GICC 2024 en Se\u00fal y refuerzan lazos bilaterales con Corea del Sur.<\/p>\n\n\n\n<p>Panam\u00e1 ha dado un paso estrat\u00e9gico hacia el fortalecimiento de sus relaciones internacionales al invitar a Corea del Sur a establecer operaciones econ\u00f3micas y multinacionales en el pa\u00eds, durante la Conferencia Global de Infraestructura y Construcci\u00f3n (GICC 2024), celebrada en Se\u00fal.<\/p>\n\n\n\n<p>El Secretario General del Ferrocarril de Panam\u00e1, Ingeniero Henry Faarup y el Ministro de Obras P\u00fablicas, Jos\u00e9 Luis Andrade, participaron como representantes de Panam\u00e1 en este importante foro global.<\/p>\n\n\n\n<p>Henry Faarup, Secretario General del Ferrocarril de Panam\u00e1, firm\u00f3 un Memorando de Entendimiento (MOU) con el Ministerio de Tierra, Infraestructura y Transporte de Corea del Sur, marcando el inicio de una colaboraci\u00f3n estrat\u00e9gica en el desarrollo de infraestructuras clave en Panam\u00e1. Este acuerdo establece una cooperaci\u00f3n bilateral centrada en el intercambio de pol\u00edticas, leyes y normas ferroviarias con el objetivo de mejorar los sectores ferroviarios de ambos pa\u00edses. La alianza tambi\u00e9n busca fortalecer las capacidades tecnol\u00f3gicas y log\u00edsticas de Panam\u00e1, aprovechando la amplia experiencia de Corea del Sur, con el prop\u00f3sito de consolidar al pa\u00eds como un centro estrat\u00e9gico de operaciones multinacionales en la regi\u00f3n.<\/p>\n\n\n\n<p>\u00abPanam\u00e1 est\u00e1 en una etapa crucial de su desarrollo. Proyectos como nuestro ferrocarril no solo conectar\u00e1n regiones dentro de nuestro pa\u00eds, sino que tambi\u00e9n abrir\u00e1n nuevas oportunidades para el comercio, el turismo y el crecimiento econ\u00f3mico en toda Am\u00e9rica Central\u00bb, expres\u00f3 Faarup durante su intervenci\u00f3n en la conferencia.<\/p>\n\n\n\n<p>El Secretario General destac\u00f3 que el proyecto ferroviario de Panam\u00e1 ser\u00e1 un pilar para el desarrollo sostenible, con un enfoque en minimizar el impacto ambiental mientras se generan empleos y se crean oportunidades de inversi\u00f3n.<\/p>\n\n\n\n<p>Durante la conferencia, Faarup ofreci\u00f3 un brindis en honor al acuerdo firmado e invit\u00f3 a empresas coreanas a establecer operaciones en Panam\u00e1, subrayando el rol del pa\u00eds como un hub log\u00edstico y de multinacionales que conecta a Asia con Am\u00e9rica Latina. \u00abPanam\u00e1 est\u00e1 listo para recibir a Corea del Sur como un socio clave en el crecimiento econ\u00f3mico y en el desarrollo de infraestructuras avanzadas. Queremos trabajar estrechamente con nuestros socios internacionales para traer las mejores tecnolog\u00edas y pr\u00e1cticas a nuestro pa\u00eds\u00bb, afirm\u00f3 Faarup.<\/p>\n\n\n\n<p>Por su parte, el Ministro Jos\u00e9 Luis Andrade, en su intervenci\u00f3n como ponente en la plenaria, se enfoc\u00f3 en destacar los megaproyectos que transformar\u00e1n a Panam\u00e1, como el Cuarto Puente sobre el Canal, la expansi\u00f3n del sistema de Metro, el ferrocarril y otros importantes proyectos de infraestructura liderados por el Ministerio de Obras P\u00fablicas. Andrade resalt\u00f3 que estos proyectos no solo mejorar\u00e1n la conectividad interna del pa\u00eds, sino que tambi\u00e9n atraer\u00e1n inversiones clave y generar\u00e1n un impacto econ\u00f3mico positivo en la regi\u00f3n.<\/p>\n\n\n\n<p>Con la firma del MOU, Panam\u00e1 y Corea del Sur refuerzan sus lazos y avanzan hacia una colaboraci\u00f3n que transformar\u00e1 la infraestructura log\u00edstica y comercial del pa\u00eds, posicionando a Panam\u00e1 como un modelo de desarrollo sostenible y de cooperaci\u00f3n internacional.<\/p>\n\n\n\n<p>Sobre la Conferencia GICC 2024<br>La Conferencia Global de Infraestructura y Construcci\u00f3n (GICC) es un foro internacional que re\u00fane a l\u00edderes globales para discutir las principales tendencias y desaf\u00edos del sector de la infraestructura. Este a\u00f1o, el evento puso de relieve la importancia de las alianzas estrat\u00e9gicas en el desarrollo de infraestructuras sostenibles y de impacto global.<\/p>\n\n\n\n<figure class=\"wp-block-image size-large\"><a href=\"https:\/\/panamaimage.com\/noticias\/wp-content\/uploads\/2024\/09\/IMG-20240911-WA0345.jpg\"><img loading=\"lazy\" decoding=\"async\" width=\"1024\" height=\"698\" src=\"https:\/\/panamaimage.com\/noticias\/wp-content\/uploads\/2024\/09\/IMG-20240911-WA0345-1024x698.jpg\" alt=\"\" class=\"wp-image-3415\" title=\"\" srcset=\"https:\/\/panamaimage.com\/noticias\/wp-content\/uploads\/2024\/09\/IMG-20240911-WA0345-1024x698.jpg 1024w, https:\/\/panamaimage.com\/noticias\/wp-content\/uploads\/2024\/09\/IMG-20240911-WA0345-300x205.jpg 300w, https:\/\/panamaimage.com\/noticias\/wp-content\/uploads\/2024\/09\/IMG-20240911-WA0345-768x524.jpg 768w, https:\/\/panamaimage.com\/noticias\/wp-content\/uploads\/2024\/09\/IMG-20240911-WA0345.jpg 1170w\" sizes=\"auto, (max-width: 1024px) 100vw, 1024px\" \/><\/a><\/figure>\n","protected":false},"excerpt":{"rendered":"<p>El Ministro de Obras P\u00fablicas Jos\u00e9 Luis Andrade y el Ing. Henry Faarup, Secretario General del Ferrocarril, representan a Panam\u00e1 en la GICC 2024 en Se\u00fal y refuerzan lazos bilaterales con Corea del Sur. Panam\u00e1 ha dado un paso estrat\u00e9gico hacia el fortalecimiento de sus relaciones internacionales al invitar a Corea del Sur a establecer [&hellip;]<\/p>\n","protected":false},"author":3,"featured_media":3416,"comment_status":"open","ping_status":"open","sticky":false,"template":"","format":"standard","meta":{"footnotes":""},"categories":[2],"tags":[],"class_list":["post-3414","post","type-post","status-publish","format-standard","has-post-thumbnail","hentry","category-nacionales"],"_links":{"self":[{"href":"https:\/\/panamaimage.com\/noticias\/wp-json\/wp\/v2\/posts\/3414","targetHints":{"allow":["GET"]}}],"collection":[{"href":"https:\/\/panamaimage.com\/noticias\/wp-json\/wp\/v2\/posts"}],"about":[{"href":"https:\/\/panamaimage.com\/noticias\/wp-json\/wp\/v2\/types\/post"}],"author":[{"embeddable":true,"href":"https:\/\/panamaimage.com\/noticias\/wp-json\/wp\/v2\/users\/3"}],"replies":[{"embeddable":true,"href":"https:\/\/panamaimage.com\/noticias\/wp-json\/wp\/v2\/comments?post=3414"}],"version-history":[{"count":1,"href":"https:\/\/panamaimage.com\/noticias\/wp-json\/wp\/v2\/posts\/3414\/revisions"}],"predecessor-version":[{"id":3417,"href":"https:\/\/panamaimage.com\/noticias\/wp-json\/wp\/v2\/posts\/3414\/revisions\/3417"}],"wp:featuredmedia":[{"embeddable":true,"href":"https:\/\/panamaimage.com\/noticias\/wp-json\/wp\/v2\/media\/3416"}],"wp:attachment":[{"href":"https:\/\/panamaimage.com\/noticias\/wp-json\/wp\/v2\/media?parent=3414"}],"wp:term":[{"taxonomy":"category","embeddable":true,"href":"https:\/\/panamaimage.com\/noticias\/wp-json\/wp\/v2\/categories?post=3414"},{"taxonomy":"post_tag","embeddable":true,"href":"https:\/\/panamaimage.com\/noticias\/wp-json\/wp\/v2\/tags?post=3414"}],"curies":[{"name":"wp","href":"https:\/\/api.w.org\/{rel}","templated":true}]}}