{"id":3403,"date":"2024-09-07T15:02:26","date_gmt":"2024-09-07T15:02:26","guid":{"rendered":"https:\/\/panamaimage.com\/noticias\/?p=3403"},"modified":"2024-09-07T15:02:27","modified_gmt":"2024-09-07T15:02:27","slug":"autoridad-de-turismo-de-panama-analiza-propuestas-e-iniciativas-con-la-fundacion-circuito-del-cafe-para-potenciar-la-oferta-turistica-en-chiriqui","status":"publish","type":"post","link":"https:\/\/panamaimage.com\/noticias\/autoridad-de-turismo-de-panama-analiza-propuestas-e-iniciativas-con-la-fundacion-circuito-del-cafe-para-potenciar-la-oferta-turistica-en-chiriqui\/","title":{"rendered":"Autoridad de Turismo de Panam\u00e1 analiza propuestas e iniciativas con la Fundaci\u00f3n Circuito del Caf\u00e9 para potenciar la oferta tur\u00edstica en Chiriqu\u00ed."},"content":{"rendered":"\n<p><\/p>\n\n\n\n<p><strong>Panam\u00e1,  de septiembre de 2024\u202f<\/strong>La Autoridad de Turismo de Panam\u00e1 (ATP) se reuni\u00f3 el d\u00eda de hoy con representantes de la Fundaci\u00f3n Circuito del Caf\u00e9 con el objetivo de fortalecer la colaboraci\u00f3n y promover el turismo sostenible en la regi\u00f3n cafetera del pa\u00eds. Este encuentro busca resaltar la importancia del caf\u00e9 paname\u00f1o como un atractivo tur\u00edstico y cultural.\u00a0<br>\u00a0<br>Durante la reuni\u00f3n, se discutieron diversas estrategias para potenciar el Circuito del Caf\u00e9, que incluye visitas a fincas, degustaciones y experiencias que conectan a los visitantes con la rica tradici\u00f3n cafetera de Panam\u00e1.\u202f\u00a0<\/p>\n\n\n\n<p>Ber\u00edsimo Mart\u00ednez presidente de la Fundaci\u00f3n del Circuito del Caf\u00e9 manifest\u00f3: \u201cEl encuentro fue muy positivo, hemos dedicado un tiempo de intercambiar opiniones y se ha dejado saber qu\u00e9 es lo que estamos haciendo para mejorar la oferta tur\u00edstica en Chiriqu\u00ed, Bocas del Toro y el \u00e1rea comarcal\u201d.&nbsp;<\/p>\n\n\n\n<p>En tanto, Felipe Rodr\u00edguez presidente del Centro de Competitividad de la Regi\u00f3n Occidental (CECOM-RO) destac\u00f3 la importancia de afianzar la relaci\u00f3n entre el sector privado y el sector p\u00fablico. \u201cEs importante unir esfuerzos para impulsar el Turismo, en esta comunicaci\u00f3n nos ha permitido afianzar esta relaci\u00f3n con la ATP que data de hace varios a\u00f1os\u201d.&nbsp;<\/p>\n\n\n\n<p>Por su parte, Jorge Correa, Subadministrador de la ATP agreg\u00f3 que \u201cEsta fue una reuni\u00f3n muy productiva, estamos trabajando de manera conjunta con la Fundaci\u00f3n Circuito del Caf\u00e9 para fortalecer esta alianza y&nbsp;procurar estudiar las mejores propuestas que nos permitan una mejora exponencial del turismo para aprovechar la gran oferta tur\u00edstica que hay en esta regi\u00f3n del pa\u00eds\u201d.&nbsp;<\/p>\n\n\n\n<p>La Fundaci\u00f3n Circuito del Caf\u00e9 est\u00e1 conformada por nueve organizaciones y promueve un atractivo destino como la ruta del caf\u00e9 en la provincia de Chiriqu\u00ed que comprende los sectores de Tierras Altas, Boquete, Renacimiento y el corregimiento de Hornito en Gualaca.&nbsp;<\/p>\n\n\n\n<p>La ATP y la Fundaci\u00f3n Circuito del Caf\u00e9 analizan propuestas de acciones futuras con miras a un pr\u00f3ximo convenio entre ambas entidades que permita reforzar el posicionamiento de esta ruta tur\u00edstica con una propuesta interesante como las fincas de caf\u00e9, fincas agrotur\u00edsticas, hoteles y gastronom\u00eda.&nbsp;<\/p>\n\n\n\n<figure class=\"wp-block-image size-large\"><a href=\"https:\/\/panamaimage.com\/noticias\/wp-content\/uploads\/2024\/09\/IMG-20240906-WA0510.jpg\"><img loading=\"lazy\" decoding=\"async\" width=\"819\" height=\"1024\" src=\"https:\/\/panamaimage.com\/noticias\/wp-content\/uploads\/2024\/09\/IMG-20240906-WA0510-819x1024.jpg\" alt=\"\" class=\"wp-image-3405\" title=\"\" srcset=\"https:\/\/panamaimage.com\/noticias\/wp-content\/uploads\/2024\/09\/IMG-20240906-WA0510-819x1024.jpg 819w, https:\/\/panamaimage.com\/noticias\/wp-content\/uploads\/2024\/09\/IMG-20240906-WA0510-240x300.jpg 240w, https:\/\/panamaimage.com\/noticias\/wp-content\/uploads\/2024\/09\/IMG-20240906-WA0510-768x960.jpg 768w, https:\/\/panamaimage.com\/noticias\/wp-content\/uploads\/2024\/09\/IMG-20240906-WA0510-1229x1536.jpg 1229w, https:\/\/panamaimage.com\/noticias\/wp-content\/uploads\/2024\/09\/IMG-20240906-WA0510.jpg 1280w\" sizes=\"auto, (max-width: 819px) 100vw, 819px\" \/><\/a><\/figure>\n\n\n\n<figure class=\"wp-block-image size-large\"><a href=\"https:\/\/panamaimage.com\/noticias\/wp-content\/uploads\/2024\/09\/IMG-20240906-WA0511.jpg\"><img loading=\"lazy\" decoding=\"async\" width=\"819\" height=\"1024\" src=\"https:\/\/panamaimage.com\/noticias\/wp-content\/uploads\/2024\/09\/IMG-20240906-WA0511-819x1024.jpg\" alt=\"\" class=\"wp-image-3404\" title=\"\" srcset=\"https:\/\/panamaimage.com\/noticias\/wp-content\/uploads\/2024\/09\/IMG-20240906-WA0511-819x1024.jpg 819w, https:\/\/panamaimage.com\/noticias\/wp-content\/uploads\/2024\/09\/IMG-20240906-WA0511-240x300.jpg 240w, https:\/\/panamaimage.com\/noticias\/wp-content\/uploads\/2024\/09\/IMG-20240906-WA0511-768x960.jpg 768w, https:\/\/panamaimage.com\/noticias\/wp-content\/uploads\/2024\/09\/IMG-20240906-WA0511-1229x1536.jpg 1229w, https:\/\/panamaimage.com\/noticias\/wp-content\/uploads\/2024\/09\/IMG-20240906-WA0511.jpg 1280w\" sizes=\"auto, (max-width: 819px) 100vw, 819px\" \/><\/a><\/figure>\n","protected":false},"excerpt":{"rendered":"<p>Panam\u00e1, de septiembre de 2024\u202fLa Autoridad de Turismo de Panam\u00e1 (ATP) se reuni\u00f3 el d\u00eda de hoy con representantes de la Fundaci\u00f3n Circuito del Caf\u00e9 con el objetivo de fortalecer la colaboraci\u00f3n y promover el turismo sostenible en la regi\u00f3n cafetera del pa\u00eds. Este encuentro busca resaltar la importancia del caf\u00e9 paname\u00f1o como un atractivo [&hellip;]<\/p>\n","protected":false},"author":3,"featured_media":3406,"comment_status":"open","ping_status":"open","sticky":false,"template":"","format":"standard","meta":{"footnotes":""},"categories":[2],"tags":[],"class_list":["post-3403","post","type-post","status-publish","format-standard","has-post-thumbnail","hentry","category-nacionales"],"_links":{"self":[{"href":"https:\/\/panamaimage.com\/noticias\/wp-json\/wp\/v2\/posts\/3403","targetHints":{"allow":["GET"]}}],"collection":[{"href":"https:\/\/panamaimage.com\/noticias\/wp-json\/wp\/v2\/posts"}],"about":[{"href":"https:\/\/panamaimage.com\/noticias\/wp-json\/wp\/v2\/types\/post"}],"author":[{"embeddable":true,"href":"https:\/\/panamaimage.com\/noticias\/wp-json\/wp\/v2\/users\/3"}],"replies":[{"embeddable":true,"href":"https:\/\/panamaimage.com\/noticias\/wp-json\/wp\/v2\/comments?post=3403"}],"version-history":[{"count":1,"href":"https:\/\/panamaimage.com\/noticias\/wp-json\/wp\/v2\/posts\/3403\/revisions"}],"predecessor-version":[{"id":3407,"href":"https:\/\/panamaimage.com\/noticias\/wp-json\/wp\/v2\/posts\/3403\/revisions\/3407"}],"wp:featuredmedia":[{"embeddable":true,"href":"https:\/\/panamaimage.com\/noticias\/wp-json\/wp\/v2\/media\/3406"}],"wp:attachment":[{"href":"https:\/\/panamaimage.com\/noticias\/wp-json\/wp\/v2\/media?parent=3403"}],"wp:term":[{"taxonomy":"category","embeddable":true,"href":"https:\/\/panamaimage.com\/noticias\/wp-json\/wp\/v2\/categories?post=3403"},{"taxonomy":"post_tag","embeddable":true,"href":"https:\/\/panamaimage.com\/noticias\/wp-json\/wp\/v2\/tags?post=3403"}],"curies":[{"name":"wp","href":"https:\/\/api.w.org\/{rel}","templated":true}]}}