{"id":3336,"date":"2024-09-03T03:38:26","date_gmt":"2024-09-03T03:38:26","guid":{"rendered":"https:\/\/panamaimage.com\/noticias\/?p=3336"},"modified":"2024-09-03T03:38:29","modified_gmt":"2024-09-03T03:38:29","slug":"la-trata-de-personas-es-un-crimen-que-debemos-combatir-juntos-afirmo-el-ministro-de-seguridad-frank-abrego","status":"publish","type":"post","link":"https:\/\/panamaimage.com\/noticias\/la-trata-de-personas-es-un-crimen-que-debemos-combatir-juntos-afirmo-el-ministro-de-seguridad-frank-abrego\/","title":{"rendered":"\u00abLa trata de personas es un crimen que debemos combatir juntos\u00bb, afirm\u00f3 el ministro de Seguridad, Frank Abrego."},"content":{"rendered":"\n<p><\/p>\n\n\n\n<p>El ministro de Seguridad P\u00fablica de Panam\u00e1, Frank Alexis Abrego, manifest\u00f3 que la trata de personas, es un crimen contra la humanidad, que todos debemos combatir.<\/p>\n\n\n\n<p>Abrego, durante el encendido de luces con motivo de la Campa\u00f1a Coraz\u00f3n Azul, en conmemoraci\u00f3n del mes internacional Contra la Trata de Personas, hizo un llamado a dejar atr\u00e1s los discursos bonitos, solemnes y verdaderamente ayudar a quienes son v\u00edctimas de este flagelo.<\/p>\n\n\n\n<p>Durante su intervenci\u00f3n en la actividad, el funcionario expres\u00f3 que el Papa Francisco dijo que la trata de persona es una herida abierta en el cuerpo de la sociedad contempor\u00e1nea, un flagelo en el cuerpo de Cristo, es un crimen contra la humanidad.<\/p>\n\n\n\n<p>Record\u00f3 que hace a\u00f1os particip\u00f3 en un seminario en Bogot\u00e1, Colombia, contra la esclavitud y la trata de personas, delito en el que se explota a hombres, mujeres y ni\u00f1os en distintos aspectos, para tener un negociado.<\/p>\n\n\n\n<p>\u201cEn ese seminario, vimos de viva voz de personas afectadas por esto y que al final fueron rescatadas en lugares tan lejanos como Turqu\u00eda, Shangh\u00e1i, Tokio, etc, que fueron llevados all\u00ed por otros seres humanos, gente que se sienta al lado de nosotros y lucra del dolor humano\u201d, enfatiz\u00f3 el titular de Seguridad.<\/p>\n\n\n\n<p>De forma puntual, Abrego dijo que hoy d\u00eda, m\u00e1s que conmemorar, hay que ayudar a estas personas, uni\u00e9ndose en una sola familia de hombres y mujeres en busca de su libertad.<\/p>\n\n\n\n<p>\u201cDebemos levantarnos todos los d\u00edas con el \u00e1nimo de querer ayudar a la humanidad\u201d, puntualiz\u00f3 el ministro de Seguridad.<\/p>\n\n\n\n<p>Por su parte, Yilena Sandoval, directora de la Oficina Institucional Contra la Trata de Personas, indic\u00f3 que este a\u00f1o el lema de la campa\u00f1a es \u201cno dejar a la ni\u00f1ez atr\u00e1s de la lucha contra la trata de personas\u201d. A su vez, Sandoval hizo un llamado a la sociedad para combatir este flagelo.<\/p>\n\n\n\n<p>Durante el encendido, los presentes pudieron disfrutar de un juego de luces artificiales, bailes t\u00edpicos, murga y del grupo de jazz de la Polic\u00eda Nacional.<\/p>\n\n\n\n<p>En la actividad, tambi\u00e9n estuvieron presentes el viceministro de Seguridad, Luis Felipe Icaza, el procurador general de la Naci\u00f3n, Javier Caraballo, la magistrada de la Corte Suprema de Justicia, Ariadne Garc\u00eda, directores y subdirectores de los estamentos, entre otras autoridades.<\/p>\n\n\n\n<figure class=\"wp-block-image size-large\"><a href=\"https:\/\/panamaimage.com\/noticias\/wp-content\/uploads\/2024\/09\/IMG-20240902-WA0447-scaled.jpg\"><img loading=\"lazy\" decoding=\"async\" width=\"1024\" height=\"683\" src=\"https:\/\/panamaimage.com\/noticias\/wp-content\/uploads\/2024\/09\/IMG-20240902-WA0447-1024x683.jpg\" alt=\"\" class=\"wp-image-3342\" title=\"\" srcset=\"https:\/\/panamaimage.com\/noticias\/wp-content\/uploads\/2024\/09\/IMG-20240902-WA0447-1024x683.jpg 1024w, https:\/\/panamaimage.com\/noticias\/wp-content\/uploads\/2024\/09\/IMG-20240902-WA0447-300x200.jpg 300w, https:\/\/panamaimage.com\/noticias\/wp-content\/uploads\/2024\/09\/IMG-20240902-WA0447-768x512.jpg 768w, https:\/\/panamaimage.com\/noticias\/wp-content\/uploads\/2024\/09\/IMG-20240902-WA0447-1536x1024.jpg 1536w, https:\/\/panamaimage.com\/noticias\/wp-content\/uploads\/2024\/09\/IMG-20240902-WA0447-2048x1365.jpg 2048w\" sizes=\"auto, (max-width: 1024px) 100vw, 1024px\" \/><\/a><\/figure>\n\n\n\n<figure class=\"wp-block-image size-large\"><a href=\"https:\/\/panamaimage.com\/noticias\/wp-content\/uploads\/2024\/09\/IMG-20240902-WA0449-scaled.jpg\"><img loading=\"lazy\" decoding=\"async\" width=\"1024\" height=\"683\" src=\"https:\/\/panamaimage.com\/noticias\/wp-content\/uploads\/2024\/09\/IMG-20240902-WA0449-1024x683.jpg\" alt=\"\" class=\"wp-image-3341\" title=\"\" srcset=\"https:\/\/panamaimage.com\/noticias\/wp-content\/uploads\/2024\/09\/IMG-20240902-WA0449-1024x683.jpg 1024w, https:\/\/panamaimage.com\/noticias\/wp-content\/uploads\/2024\/09\/IMG-20240902-WA0449-300x200.jpg 300w, https:\/\/panamaimage.com\/noticias\/wp-content\/uploads\/2024\/09\/IMG-20240902-WA0449-768x512.jpg 768w, https:\/\/panamaimage.com\/noticias\/wp-content\/uploads\/2024\/09\/IMG-20240902-WA0449-1536x1024.jpg 1536w, https:\/\/panamaimage.com\/noticias\/wp-content\/uploads\/2024\/09\/IMG-20240902-WA0449-2048x1365.jpg 2048w\" sizes=\"auto, (max-width: 1024px) 100vw, 1024px\" \/><\/a><\/figure>\n\n\n\n<figure class=\"wp-block-image size-large\"><a href=\"https:\/\/panamaimage.com\/noticias\/wp-content\/uploads\/2024\/09\/IMG-20240902-WA0455-scaled.jpg\"><img loading=\"lazy\" decoding=\"async\" width=\"1024\" height=\"683\" src=\"https:\/\/panamaimage.com\/noticias\/wp-content\/uploads\/2024\/09\/IMG-20240902-WA0455-1024x683.jpg\" alt=\"\" class=\"wp-image-3338\" title=\"\" srcset=\"https:\/\/panamaimage.com\/noticias\/wp-content\/uploads\/2024\/09\/IMG-20240902-WA0455-1024x683.jpg 1024w, https:\/\/panamaimage.com\/noticias\/wp-content\/uploads\/2024\/09\/IMG-20240902-WA0455-300x200.jpg 300w, https:\/\/panamaimage.com\/noticias\/wp-content\/uploads\/2024\/09\/IMG-20240902-WA0455-768x512.jpg 768w, https:\/\/panamaimage.com\/noticias\/wp-content\/uploads\/2024\/09\/IMG-20240902-WA0455-1536x1024.jpg 1536w, https:\/\/panamaimage.com\/noticias\/wp-content\/uploads\/2024\/09\/IMG-20240902-WA0455-2048x1365.jpg 2048w\" sizes=\"auto, (max-width: 1024px) 100vw, 1024px\" \/><\/a><\/figure>\n\n\n\n<figure class=\"wp-block-image size-large\"><a href=\"https:\/\/panamaimage.com\/noticias\/wp-content\/uploads\/2024\/09\/IMG-20240902-WA0451-scaled.jpg\"><img loading=\"lazy\" decoding=\"async\" width=\"1024\" height=\"683\" src=\"https:\/\/panamaimage.com\/noticias\/wp-content\/uploads\/2024\/09\/IMG-20240902-WA0451-1024x683.jpg\" alt=\"\" class=\"wp-image-3340\" title=\"\" srcset=\"https:\/\/panamaimage.com\/noticias\/wp-content\/uploads\/2024\/09\/IMG-20240902-WA0451-1024x683.jpg 1024w, https:\/\/panamaimage.com\/noticias\/wp-content\/uploads\/2024\/09\/IMG-20240902-WA0451-300x200.jpg 300w, https:\/\/panamaimage.com\/noticias\/wp-content\/uploads\/2024\/09\/IMG-20240902-WA0451-768x512.jpg 768w, https:\/\/panamaimage.com\/noticias\/wp-content\/uploads\/2024\/09\/IMG-20240902-WA0451-1536x1024.jpg 1536w, https:\/\/panamaimage.com\/noticias\/wp-content\/uploads\/2024\/09\/IMG-20240902-WA0451-2048x1365.jpg 2048w\" sizes=\"auto, (max-width: 1024px) 100vw, 1024px\" \/><\/a><\/figure>\n\n\n\n<figure class=\"wp-block-image size-large\"><a href=\"https:\/\/panamaimage.com\/noticias\/wp-content\/uploads\/2024\/09\/IMG-20240902-WA0461-scaled.jpg\"><img loading=\"lazy\" decoding=\"async\" width=\"1024\" height=\"683\" src=\"https:\/\/panamaimage.com\/noticias\/wp-content\/uploads\/2024\/09\/IMG-20240902-WA0461-1024x683.jpg\" alt=\"\" class=\"wp-image-3337\" title=\"\" srcset=\"https:\/\/panamaimage.com\/noticias\/wp-content\/uploads\/2024\/09\/IMG-20240902-WA0461-1024x683.jpg 1024w, https:\/\/panamaimage.com\/noticias\/wp-content\/uploads\/2024\/09\/IMG-20240902-WA0461-300x200.jpg 300w, https:\/\/panamaimage.com\/noticias\/wp-content\/uploads\/2024\/09\/IMG-20240902-WA0461-768x512.jpg 768w, https:\/\/panamaimage.com\/noticias\/wp-content\/uploads\/2024\/09\/IMG-20240902-WA0461-1536x1024.jpg 1536w, https:\/\/panamaimage.com\/noticias\/wp-content\/uploads\/2024\/09\/IMG-20240902-WA0461-2048x1365.jpg 2048w\" sizes=\"auto, (max-width: 1024px) 100vw, 1024px\" \/><\/a><\/figure>\n","protected":false},"excerpt":{"rendered":"<p>El ministro de Seguridad P\u00fablica de Panam\u00e1, Frank Alexis Abrego, manifest\u00f3 que la trata de personas, es un crimen contra la humanidad, que todos debemos combatir. Abrego, durante el encendido de luces con motivo de la Campa\u00f1a Coraz\u00f3n Azul, en conmemoraci\u00f3n del mes internacional Contra la Trata de Personas, hizo un llamado a dejar atr\u00e1s [&hellip;]<\/p>\n","protected":false},"author":3,"featured_media":3339,"comment_status":"open","ping_status":"open","sticky":false,"template":"","format":"standard","meta":{"footnotes":""},"categories":[2],"tags":[493,494],"class_list":["post-3336","post","type-post","status-publish","format-standard","has-post-thumbnail","hentry","category-nacionales","tag-la-trata-de-personas-es-un-crimen-que-debemos-combatir-juntos","tag-afirmo-el-ministro-de-seguridad"],"_links":{"self":[{"href":"https:\/\/panamaimage.com\/noticias\/wp-json\/wp\/v2\/posts\/3336","targetHints":{"allow":["GET"]}}],"collection":[{"href":"https:\/\/panamaimage.com\/noticias\/wp-json\/wp\/v2\/posts"}],"about":[{"href":"https:\/\/panamaimage.com\/noticias\/wp-json\/wp\/v2\/types\/post"}],"author":[{"embeddable":true,"href":"https:\/\/panamaimage.com\/noticias\/wp-json\/wp\/v2\/users\/3"}],"replies":[{"embeddable":true,"href":"https:\/\/panamaimage.com\/noticias\/wp-json\/wp\/v2\/comments?post=3336"}],"version-history":[{"count":1,"href":"https:\/\/panamaimage.com\/noticias\/wp-json\/wp\/v2\/posts\/3336\/revisions"}],"predecessor-version":[{"id":3343,"href":"https:\/\/panamaimage.com\/noticias\/wp-json\/wp\/v2\/posts\/3336\/revisions\/3343"}],"wp:featuredmedia":[{"embeddable":true,"href":"https:\/\/panamaimage.com\/noticias\/wp-json\/wp\/v2\/media\/3339"}],"wp:attachment":[{"href":"https:\/\/panamaimage.com\/noticias\/wp-json\/wp\/v2\/media?parent=3336"}],"wp:term":[{"taxonomy":"category","embeddable":true,"href":"https:\/\/panamaimage.com\/noticias\/wp-json\/wp\/v2\/categories?post=3336"},{"taxonomy":"post_tag","embeddable":true,"href":"https:\/\/panamaimage.com\/noticias\/wp-json\/wp\/v2\/tags?post=3336"}],"curies":[{"name":"wp","href":"https:\/\/api.w.org\/{rel}","templated":true}]}}