{"id":3321,"date":"2024-09-03T03:26:04","date_gmt":"2024-09-03T03:26:04","guid":{"rendered":"https:\/\/panamaimage.com\/noticias\/?p=3321"},"modified":"2024-09-03T03:26:06","modified_gmt":"2024-09-03T03:26:06","slug":"el-desarrollo-del-turismo-depende-de-la-conservacion-de-los-recursos-naturales-afirma-navarro","status":"publish","type":"post","link":"https:\/\/panamaimage.com\/noticias\/el-desarrollo-del-turismo-depende-de-la-conservacion-de-los-recursos-naturales-afirma-navarro\/","title":{"rendered":"El desarrollo del turismo depende de la conservaci\u00f3n de los recursos naturales\u00bb, afirma Navarro"},"content":{"rendered":"\n<p><em>Tomar el ambiente en serio y que todos hagan las cosas bien, acatando la normativa ambi<\/em>ente.<\/p>\n\n\n\n<pre class=\"wp-block-preformatted\"><\/pre>\n\n\n\n<p>Proteger los recursos naturales es un factor clave para el desarrollo sostenible del turismo en el distrito de Boquete, provincia de Chiriqu\u00ed, manifest\u00f3 el ministro de Ambiente, Juan Carlos Navarro, durante la gira de trabajo presidencial, por la regi\u00f3n chiricana.<\/p>\n\n\n\n<p>Navarro hizo un llamado a los empresarios chiricanos a impulsar el desarrollo econ\u00f3mico y tur\u00edstico de forma sostenible, enfatizando que es necesario tomar el ambiente en serio y que todos cumplan con la normativa ambiental.<\/p>\n\n\n\n<p>\u201cBoquete es una marca buena y positiva, que proyecta a Panam\u00e1 por todo lo bueno que tenemos, pero es una verg\u00fcenza que todas las aguas negras de la zona sean vertidas en el r\u00edo Caldera\u201d, remarc\u00f3 Navarro.<\/p>\n\n\n\n<p>Con relaci\u00f3n a esta situaci\u00f3n, el ministro Navarro se\u00f1al\u00f3 que, \u201ces necesario y urgente que la planta de tratamiento de aguas de Boquete opere al 100% lo antes posible, del mismo modo, el relleno sanitario, que actualmente es un vertedero, debe empezar a funcionar adecuadamente.&nbsp; Para ello, tenemos que apoyar a las autoridades municipales y, al mismo tiempo, exigirles que empiecen a tomar el ambiente en serio y que todos hagamos las cosas bien\u201d.<\/p>\n\n\n\n<p>El ministro tambi\u00e9n mencion\u00f3 que el Ministerio de Ambiente est\u00e1 a favor del desarrollo econ\u00f3mico sostenible, por ello, la entidad anunci\u00f3 recientemente que, en ese momento, en menos de 90 d\u00edas, todos los Estudios de Impacto Ambiental (EsIA) estar\u00e1n actualizados, lo que permitir\u00e1 que las inversiones que cumplan con la normativa se realicen, y las que no, se rechacen de forma transparente y sin demoras.<\/p>\n\n\n\n<p>Navarro concluy\u00f3 que, por instrucciones del presidente de la Rep\u00fablica, Jos\u00e9 Ra\u00fal Mulino, se apoyar\u00e1 de forma responsable y transparente, la inversi\u00f3n y el desarrollo econ\u00f3mico en la provincia de Chiriqu\u00ed y en el resto del pa\u00eds, pero siempre con miras a respetar la ley ambiental, para proteger y salvaguardar los recursos naturales.<\/p>\n\n\n\n<figure class=\"wp-block-image size-full\"><a href=\"https:\/\/panamaimage.com\/noticias\/wp-content\/uploads\/2024\/09\/WhatsApp-Image-2024-09-01-at-8.47.23-AM-2.jpeg\"><img loading=\"lazy\" decoding=\"async\" width=\"960\" height=\"989\" src=\"https:\/\/panamaimage.com\/noticias\/wp-content\/uploads\/2024\/09\/WhatsApp-Image-2024-09-01-at-8.47.23-AM-2.jpeg\" alt=\"\" class=\"wp-image-3323\" title=\"\" srcset=\"https:\/\/panamaimage.com\/noticias\/wp-content\/uploads\/2024\/09\/WhatsApp-Image-2024-09-01-at-8.47.23-AM-2.jpeg 960w, https:\/\/panamaimage.com\/noticias\/wp-content\/uploads\/2024\/09\/WhatsApp-Image-2024-09-01-at-8.47.23-AM-2-291x300.jpeg 291w, https:\/\/panamaimage.com\/noticias\/wp-content\/uploads\/2024\/09\/WhatsApp-Image-2024-09-01-at-8.47.23-AM-2-768x791.jpeg 768w\" sizes=\"auto, (max-width: 960px) 100vw, 960px\" \/><\/a><\/figure>\n\n\n\n<figure class=\"wp-block-image size-large\"><a href=\"https:\/\/panamaimage.com\/noticias\/wp-content\/uploads\/2024\/09\/WhatsApp-Image-2024-09-01-at-8.47.23-AM-scaled.jpeg\"><img loading=\"lazy\" decoding=\"async\" width=\"702\" height=\"1024\" src=\"https:\/\/panamaimage.com\/noticias\/wp-content\/uploads\/2024\/09\/WhatsApp-Image-2024-09-01-at-8.47.23-AM-702x1024.jpeg\" alt=\"\" class=\"wp-image-3324\" title=\"\" srcset=\"https:\/\/panamaimage.com\/noticias\/wp-content\/uploads\/2024\/09\/WhatsApp-Image-2024-09-01-at-8.47.23-AM-702x1024.jpeg 702w, https:\/\/panamaimage.com\/noticias\/wp-content\/uploads\/2024\/09\/WhatsApp-Image-2024-09-01-at-8.47.23-AM-206x300.jpeg 206w, https:\/\/panamaimage.com\/noticias\/wp-content\/uploads\/2024\/09\/WhatsApp-Image-2024-09-01-at-8.47.23-AM-768x1120.jpeg 768w, https:\/\/panamaimage.com\/noticias\/wp-content\/uploads\/2024\/09\/WhatsApp-Image-2024-09-01-at-8.47.23-AM-1053x1536.jpeg 1053w, https:\/\/panamaimage.com\/noticias\/wp-content\/uploads\/2024\/09\/WhatsApp-Image-2024-09-01-at-8.47.23-AM-1404x2048.jpeg 1404w, https:\/\/panamaimage.com\/noticias\/wp-content\/uploads\/2024\/09\/WhatsApp-Image-2024-09-01-at-8.47.23-AM-scaled.jpeg 1755w\" sizes=\"auto, (max-width: 702px) 100vw, 702px\" \/><\/a><\/figure>\n\n\n\n<figure class=\"wp-block-image size-large\"><a href=\"https:\/\/panamaimage.com\/noticias\/wp-content\/uploads\/2024\/09\/1000709271.jpg\"><img loading=\"lazy\" decoding=\"async\" width=\"661\" height=\"1024\" src=\"https:\/\/panamaimage.com\/noticias\/wp-content\/uploads\/2024\/09\/1000709271-661x1024.jpg\" alt=\"\" class=\"wp-image-3325\" title=\"\" srcset=\"https:\/\/panamaimage.com\/noticias\/wp-content\/uploads\/2024\/09\/1000709271-661x1024.jpg 661w, https:\/\/panamaimage.com\/noticias\/wp-content\/uploads\/2024\/09\/1000709271-194x300.jpg 194w, https:\/\/panamaimage.com\/noticias\/wp-content\/uploads\/2024\/09\/1000709271-768x1190.jpg 768w, https:\/\/panamaimage.com\/noticias\/wp-content\/uploads\/2024\/09\/1000709271.jpg 900w\" sizes=\"auto, (max-width: 661px) 100vw, 661px\" \/><\/a><\/figure>\n","protected":false},"excerpt":{"rendered":"<p>Tomar el ambiente en serio y que todos hagan las cosas bien, acatando la normativa ambiente. Proteger los recursos naturales es un factor clave para el desarrollo sostenible del turismo en el distrito de Boquete, provincia de Chiriqu\u00ed, manifest\u00f3 el ministro de Ambiente, Juan Carlos Navarro, durante la gira de trabajo presidencial, por la regi\u00f3n [&hellip;]<\/p>\n","protected":false},"author":3,"featured_media":3322,"comment_status":"open","ping_status":"open","sticky":false,"template":"","format":"standard","meta":{"footnotes":""},"categories":[2],"tags":[492],"class_list":["post-3321","post","type-post","status-publish","format-standard","has-post-thumbnail","hentry","category-nacionales","tag-el-desarrollo-del-turismo-depende-de-la-conservacion-de-los-recursos-naturales"],"_links":{"self":[{"href":"https:\/\/panamaimage.com\/noticias\/wp-json\/wp\/v2\/posts\/3321","targetHints":{"allow":["GET"]}}],"collection":[{"href":"https:\/\/panamaimage.com\/noticias\/wp-json\/wp\/v2\/posts"}],"about":[{"href":"https:\/\/panamaimage.com\/noticias\/wp-json\/wp\/v2\/types\/post"}],"author":[{"embeddable":true,"href":"https:\/\/panamaimage.com\/noticias\/wp-json\/wp\/v2\/users\/3"}],"replies":[{"embeddable":true,"href":"https:\/\/panamaimage.com\/noticias\/wp-json\/wp\/v2\/comments?post=3321"}],"version-history":[{"count":1,"href":"https:\/\/panamaimage.com\/noticias\/wp-json\/wp\/v2\/posts\/3321\/revisions"}],"predecessor-version":[{"id":3326,"href":"https:\/\/panamaimage.com\/noticias\/wp-json\/wp\/v2\/posts\/3321\/revisions\/3326"}],"wp:featuredmedia":[{"embeddable":true,"href":"https:\/\/panamaimage.com\/noticias\/wp-json\/wp\/v2\/media\/3322"}],"wp:attachment":[{"href":"https:\/\/panamaimage.com\/noticias\/wp-json\/wp\/v2\/media?parent=3321"}],"wp:term":[{"taxonomy":"category","embeddable":true,"href":"https:\/\/panamaimage.com\/noticias\/wp-json\/wp\/v2\/categories?post=3321"},{"taxonomy":"post_tag","embeddable":true,"href":"https:\/\/panamaimage.com\/noticias\/wp-json\/wp\/v2\/tags?post=3321"}],"curies":[{"name":"wp","href":"https:\/\/api.w.org\/{rel}","templated":true}]}}