{"id":3311,"date":"2024-08-30T20:19:36","date_gmt":"2024-08-30T20:19:36","guid":{"rendered":"https:\/\/panamaimage.com\/noticias\/?p=3311"},"modified":"2024-08-30T20:19:39","modified_gmt":"2024-08-30T20:19:39","slug":"banconal-fortalece-el-crecimiento-sostenible-del-distrito-de-bugaba","status":"publish","type":"post","link":"https:\/\/panamaimage.com\/noticias\/banconal-fortalece-el-crecimiento-sostenible-del-distrito-de-bugaba\/","title":{"rendered":"Banconal fortalece el crecimiento sostenible del distrito de Bugaba"},"content":{"rendered":"\n<p> Con el objetivo de ampliar su alcance y servicios, duplicando la capacidad de la sucursal anterior.<\/p>\n\n\n\n<p>Chiriqu\u00ed, 30 de agosto de 2024. Alineados con la filosof\u00eda de mejora continua, Banco Nacional de Panam\u00e1 (Banconal) inaugur\u00f3 la nueva sede de la sucursal La Concepci\u00f3n, en el distrito de Bugaba, reubicada estrat\u00e9gicamente sobre la v\u00eda Panamericana.<\/p>\n\n\n\n<p>\u201cEstamos muy contentos de reabrir nuestras puertas en La Concepci\u00f3n, ya que somos testigos del potencial que tiene la comunidad. Esta sucursal nos permite ofrecer servicios personalizados a nuestros clientes, lo que refuerza nuestro compromiso de estar siempre al servicio de las necesidades locales\u201d, expres\u00f3 Javier Carrizo Esquivel, Gerente General de Banco Nacional de Panam\u00e1.<\/p>\n\n\n\n<p>El acto inaugural cont\u00f3 con la participaci\u00f3n del presidente de la Rep\u00fablica de Panam\u00e1, Jos\u00e9 Ra\u00fal Mulino Quintero, quien destac\u00f3 la labor de Banco Nacional de Panam\u00e1 a favor del crecimiento de cada una de las regiones del pa\u00eds.<\/p>\n\n\n\n<p>\u201cCon la apertura de esta nueva sucursal, uno de nuestros objetivos es proporcionar soluciones financieras integrales que impulsen tanto a individuos como a empresas. Estamos dedicados a apoyar el desarrollo econ\u00f3mico de La Concepci\u00f3n y a fortalecer nuestra relaci\u00f3n con la comunidad, con el fin de bancarizar a m\u00e1s paname\u00f1os\u201d, agreg\u00f3 Carrizo Esquivel.<\/p>\n\n\n\n<p>Cabe resaltar que este inmueble ha sido construido utilizando materiales de larga duraci\u00f3n, amigables con el ambiente e incorpora un sistema de iluminaci\u00f3n de bajo consumo con luminarias LED, tanque de reserva de agua, planta el\u00e9ctrica y un sistema de climatizaci\u00f3n central, que cumplen con la visi\u00f3n y estrategia compartida de sostenibilidad del banco, gestionando responsablemente todas las \u00e1reas del negocio, bajo los criterios ASG (Ambiente, Social y de Gobernanza).<\/p>\n\n\n\n<p>Con una poblaci\u00f3n de m\u00e1s de 68,000 habitantes en el distrito, la sucursal La Concepci\u00f3n refleja 1,170 atenciones de servicios bancarios y aproximadamente 9,000 transacciones por caja, al mes. Banco Nacional de Panam\u00e1 reafirma su compromiso de mejorar la experiencia bancaria y ofrece soluciones efectivas a su clientela en expansi\u00f3n, con el objetivo de trabajar por dejar un legado que construya un Panam\u00e1 econ\u00f3micamente competitivo, socialmente equitativo y ambientalmente sostenible.<\/p>\n\n\n\n<p>Durante el acto de inauguraci\u00f3n Carrizo Esquivel, hizo entrega de una serie de colecciones de libros a la Biblioteca P\u00fablica de Bugada, provenientes de la biblioteca Jos\u00e9 Agust\u00edn Arango, de la Casa Museo de Banco Nacional de Panam\u00e1. Estas obras literarias fueron publicadas con el apoyo de Banconal como parte de la gesti\u00f3n responsable de la entidad.<\/p>\n\n\n\n<p>Adem\u00e1s, el banquero anunci\u00f3 la alianza estrat\u00e9gica con el Club Activo 20-30 de La Concepci\u00f3n, para mejorar las instalaciones de la biblioteca, reafirmando el compromiso del Banco con los Objetivos de Desarrollo Sostenibles N\u00b04 de Educaci\u00f3n de Calidad, N\u00b010 sobre Reducci\u00f3n de las Desigualdades y N\u00b017 de Alianzas para Lograr los Objetivos.<\/p>\n\n\n\n<figure class=\"wp-block-image size-large\"><a href=\"https:\/\/panamaimage.com\/noticias\/wp-content\/uploads\/2024\/08\/IMG-20240830-WA0249.jpg\"><img loading=\"lazy\" decoding=\"async\" width=\"1024\" height=\"875\" src=\"https:\/\/panamaimage.com\/noticias\/wp-content\/uploads\/2024\/08\/IMG-20240830-WA0249-1024x875.jpg\" alt=\"\" class=\"wp-image-3312\" title=\"\" srcset=\"https:\/\/panamaimage.com\/noticias\/wp-content\/uploads\/2024\/08\/IMG-20240830-WA0249-1024x875.jpg 1024w, https:\/\/panamaimage.com\/noticias\/wp-content\/uploads\/2024\/08\/IMG-20240830-WA0249-300x256.jpg 300w, https:\/\/panamaimage.com\/noticias\/wp-content\/uploads\/2024\/08\/IMG-20240830-WA0249-768x656.jpg 768w, https:\/\/panamaimage.com\/noticias\/wp-content\/uploads\/2024\/08\/IMG-20240830-WA0249.jpg 1264w\" sizes=\"auto, (max-width: 1024px) 100vw, 1024px\" \/><\/a><\/figure>\n\n\n\n<figure class=\"wp-block-image size-large\"><a href=\"https:\/\/panamaimage.com\/noticias\/wp-content\/uploads\/2024\/08\/IMG-20240830-WA0248.jpg\"><img loading=\"lazy\" decoding=\"async\" width=\"1024\" height=\"684\" src=\"https:\/\/panamaimage.com\/noticias\/wp-content\/uploads\/2024\/08\/IMG-20240830-WA0248-1024x684.jpg\" alt=\"\" class=\"wp-image-3313\" title=\"\" srcset=\"https:\/\/panamaimage.com\/noticias\/wp-content\/uploads\/2024\/08\/IMG-20240830-WA0248-1024x684.jpg 1024w, https:\/\/panamaimage.com\/noticias\/wp-content\/uploads\/2024\/08\/IMG-20240830-WA0248-300x200.jpg 300w, https:\/\/panamaimage.com\/noticias\/wp-content\/uploads\/2024\/08\/IMG-20240830-WA0248-768x513.jpg 768w, https:\/\/panamaimage.com\/noticias\/wp-content\/uploads\/2024\/08\/IMG-20240830-WA0248-1536x1026.jpg 1536w, https:\/\/panamaimage.com\/noticias\/wp-content\/uploads\/2024\/08\/IMG-20240830-WA0248.jpg 1600w\" sizes=\"auto, (max-width: 1024px) 100vw, 1024px\" \/><\/a><\/figure>\n\n\n\n<figure class=\"wp-block-image size-large\"><a href=\"https:\/\/panamaimage.com\/noticias\/wp-content\/uploads\/2024\/08\/IMG-20240830-WA0246.jpg\"><img loading=\"lazy\" decoding=\"async\" width=\"684\" height=\"1024\" src=\"https:\/\/panamaimage.com\/noticias\/wp-content\/uploads\/2024\/08\/IMG-20240830-WA0246-684x1024.jpg\" alt=\"\" class=\"wp-image-3315\" title=\"\" srcset=\"https:\/\/panamaimage.com\/noticias\/wp-content\/uploads\/2024\/08\/IMG-20240830-WA0246-684x1024.jpg 684w, https:\/\/panamaimage.com\/noticias\/wp-content\/uploads\/2024\/08\/IMG-20240830-WA0246-200x300.jpg 200w, https:\/\/panamaimage.com\/noticias\/wp-content\/uploads\/2024\/08\/IMG-20240830-WA0246-768x1149.jpg 768w, https:\/\/panamaimage.com\/noticias\/wp-content\/uploads\/2024\/08\/IMG-20240830-WA0246-1026x1536.jpg 1026w, https:\/\/panamaimage.com\/noticias\/wp-content\/uploads\/2024\/08\/IMG-20240830-WA0246.jpg 1069w\" sizes=\"auto, (max-width: 684px) 100vw, 684px\" \/><\/a><\/figure>\n\n\n","protected":false},"excerpt":{"rendered":"<p>Con el objetivo de ampliar su alcance y servicios, duplicando la capacidad de la sucursal anterior. Chiriqu\u00ed, 30 de agosto de 2024. Alineados con la filosof\u00eda de mejora continua, Banco Nacional de Panam\u00e1 (Banconal) inaugur\u00f3 la nueva sede de la sucursal La Concepci\u00f3n, en el distrito de Bugaba, reubicada estrat\u00e9gicamente sobre la v\u00eda Panamericana. \u201cEstamos [&hellip;]<\/p>\n","protected":false},"author":3,"featured_media":3314,"comment_status":"open","ping_status":"open","sticky":false,"template":"","format":"standard","meta":{"footnotes":""},"categories":[2],"tags":[],"class_list":["post-3311","post","type-post","status-publish","format-standard","has-post-thumbnail","hentry","category-nacionales"],"_links":{"self":[{"href":"https:\/\/panamaimage.com\/noticias\/wp-json\/wp\/v2\/posts\/3311","targetHints":{"allow":["GET"]}}],"collection":[{"href":"https:\/\/panamaimage.com\/noticias\/wp-json\/wp\/v2\/posts"}],"about":[{"href":"https:\/\/panamaimage.com\/noticias\/wp-json\/wp\/v2\/types\/post"}],"author":[{"embeddable":true,"href":"https:\/\/panamaimage.com\/noticias\/wp-json\/wp\/v2\/users\/3"}],"replies":[{"embeddable":true,"href":"https:\/\/panamaimage.com\/noticias\/wp-json\/wp\/v2\/comments?post=3311"}],"version-history":[{"count":1,"href":"https:\/\/panamaimage.com\/noticias\/wp-json\/wp\/v2\/posts\/3311\/revisions"}],"predecessor-version":[{"id":3316,"href":"https:\/\/panamaimage.com\/noticias\/wp-json\/wp\/v2\/posts\/3311\/revisions\/3316"}],"wp:featuredmedia":[{"embeddable":true,"href":"https:\/\/panamaimage.com\/noticias\/wp-json\/wp\/v2\/media\/3314"}],"wp:attachment":[{"href":"https:\/\/panamaimage.com\/noticias\/wp-json\/wp\/v2\/media?parent=3311"}],"wp:term":[{"taxonomy":"category","embeddable":true,"href":"https:\/\/panamaimage.com\/noticias\/wp-json\/wp\/v2\/categories?post=3311"},{"taxonomy":"post_tag","embeddable":true,"href":"https:\/\/panamaimage.com\/noticias\/wp-json\/wp\/v2\/tags?post=3311"}],"curies":[{"name":"wp","href":"https:\/\/api.w.org\/{rel}","templated":true}]}}