{"id":3239,"date":"2024-08-26T23:26:54","date_gmt":"2024-08-26T23:26:54","guid":{"rendered":"https:\/\/panamaimage.com\/noticias\/?p=3239"},"modified":"2024-08-26T23:26:56","modified_gmt":"2024-08-26T23:26:56","slug":"raul-pineda-defiende-a-su-hijo-rico-creo-en-su-inocencia","status":"publish","type":"post","link":"https:\/\/panamaimage.com\/noticias\/raul-pineda-defiende-a-su-hijo-rico-creo-en-su-inocencia\/","title":{"rendered":"Raul Pineda defiende a su hijo Rico: \u00abCreo en su inocencia\u00bb"},"content":{"rendered":"\n<p><br>Pineda defendi\u00f3 a Abraham a quien calific\u00f3 como el hijo que todo padre quisiera tener. Afirm\u00f3 que se alejar\u00e1 de la pol\u00edtica, deslig\u00f3 de cualquier responsabilidad al presidente y asegur\u00f3 que enfrentar\u00e1 el caso en los tribunales.<br>El diputado Ra\u00fal Pineda rompi\u00f3 el silencio sobre la detenci\u00f3n de su hijo, Abraham Rico Pineda, quien se encuentra en prisi\u00f3n provisional en La Mega Joya tras ser imputado por cargos de tr\u00e1fico de droga y blanqueo de capitales. Rico Pineda ha sido vinculado a la operaci\u00f3n Jeric\u00f3.<\/p>\n\n\n\n<p>\u00abConf\u00edo en el sistema de justicia paname\u00f1o. Esto es algo que ning\u00fan padre quisiera vivir, pero me toca levantarme y separar la pol\u00edtica de este momento\u00bb.<\/p>\n\n\n\n<p>El diputado ha decidido no estar presente en las comisiones de Presupuesto ni de Gobierno mientras su hijo enfrenta el proceso judicial, seg\u00fan dijo, para evitar cualquier tipo de especulaci\u00f3n.<\/p>\n\n\n\n<p>\u00abPoco puedo decir, pero puedo hablar de lo que conozco. Creo plenamente en la inocencia de mi hijo. Es el hijo que cualquier padre desear\u00eda tener\u00bb, enfatiz\u00f3.<\/p>\n\n\n\n<p>Creo plenamente en la inocencia de mi hijo\u00bb, declar\u00f3 el diputado Pineda con firmeza.<\/p>\n\n\n\n<p>\u00abMi hijo est\u00e1 en La Mega Joya como cualquier otro detenido, sin condiciones especiales, y enfrentaremos este caso judicialmente. Este es un proceso que enfrentaremos unidos como familia\u00bb, a\u00f1adi\u00f3.<\/p>\n\n\n\n<p>La situaci\u00f3n ha causado gran revuelo en la opini\u00f3n p\u00fablica, pero el diputado fue claro: \u00abNo responsabilizo al gobierno ni al presidente por lo que est\u00e1 sucediendo. Este es un caso judicial que enfrentaremos en los tribunales\u00bb.<\/p>\n\n\n\n<p>\u00abVoy a esperar el proceso y conf\u00edo en que la justicia har\u00e1 su trabajo. No puedo hablar hablar del expediente porque hay una investigaci\u00f3n en curso, pero conf\u00edo en que, al final, todo se esclarecer\u00e1\u00bb, finaliz\u00f3 el padre del acusado, pidiendo comprensi\u00f3n por su dif\u00edcil situaci\u00f3n familiar<\/p>\n","protected":false},"excerpt":{"rendered":"<p>Pineda defendi\u00f3 a Abraham a quien calific\u00f3 como el hijo que todo padre quisiera tener. Afirm\u00f3 que se alejar\u00e1 de la pol\u00edtica, deslig\u00f3 de cualquier responsabilidad al presidente y asegur\u00f3 que enfrentar\u00e1 el caso en los tribunales.El diputado Ra\u00fal Pineda rompi\u00f3 el silencio sobre la detenci\u00f3n de su hijo, Abraham Rico Pineda, quien se encuentra [&hellip;]<\/p>\n","protected":false},"author":3,"featured_media":3240,"comment_status":"open","ping_status":"open","sticky":false,"template":"","format":"standard","meta":{"footnotes":""},"categories":[404],"tags":[],"class_list":["post-3239","post","type-post","status-publish","format-standard","has-post-thumbnail","hentry","category-judiciales"],"_links":{"self":[{"href":"https:\/\/panamaimage.com\/noticias\/wp-json\/wp\/v2\/posts\/3239","targetHints":{"allow":["GET"]}}],"collection":[{"href":"https:\/\/panamaimage.com\/noticias\/wp-json\/wp\/v2\/posts"}],"about":[{"href":"https:\/\/panamaimage.com\/noticias\/wp-json\/wp\/v2\/types\/post"}],"author":[{"embeddable":true,"href":"https:\/\/panamaimage.com\/noticias\/wp-json\/wp\/v2\/users\/3"}],"replies":[{"embeddable":true,"href":"https:\/\/panamaimage.com\/noticias\/wp-json\/wp\/v2\/comments?post=3239"}],"version-history":[{"count":1,"href":"https:\/\/panamaimage.com\/noticias\/wp-json\/wp\/v2\/posts\/3239\/revisions"}],"predecessor-version":[{"id":3241,"href":"https:\/\/panamaimage.com\/noticias\/wp-json\/wp\/v2\/posts\/3239\/revisions\/3241"}],"wp:featuredmedia":[{"embeddable":true,"href":"https:\/\/panamaimage.com\/noticias\/wp-json\/wp\/v2\/media\/3240"}],"wp:attachment":[{"href":"https:\/\/panamaimage.com\/noticias\/wp-json\/wp\/v2\/media?parent=3239"}],"wp:term":[{"taxonomy":"category","embeddable":true,"href":"https:\/\/panamaimage.com\/noticias\/wp-json\/wp\/v2\/categories?post=3239"},{"taxonomy":"post_tag","embeddable":true,"href":"https:\/\/panamaimage.com\/noticias\/wp-json\/wp\/v2\/tags?post=3239"}],"curies":[{"name":"wp","href":"https:\/\/api.w.org\/{rel}","templated":true}]}}