{"id":3094,"date":"2024-08-16T22:21:10","date_gmt":"2024-08-16T22:21:10","guid":{"rendered":"https:\/\/panamaimage.com\/noticias\/?p=3094"},"modified":"2024-08-16T22:21:12","modified_gmt":"2024-08-16T22:21:12","slug":"mayer-mizrachi-da-inicio-al-arbolado-urbano-en-calidonia","status":"publish","type":"post","link":"https:\/\/panamaimage.com\/noticias\/mayer-mizrachi-da-inicio-al-arbolado-urbano-en-calidonia\/","title":{"rendered":"Mayer Mizrachi da inicio al arbolado urbano en Calidonia"},"content":{"rendered":"\n<p><\/p>\n\n\n\n<p>Ciudad de Panam\u00e1, 16 de agosto de 2024. El alcalde Mayer Mizrachi plant\u00f3 el primer \u00e1rbol en las aceras de Calidonia, marcando el inicio del arbolado urbano en la zona. Esta iniciativa forma parte de un plan integral de la Alcald\u00eda de Panam\u00e1 para revitalizar los espacios p\u00fablicos del distrito, comenzando por una de las \u00e1reas m\u00e1s emblem\u00e1ticas de la ciudad.<\/p>\n\n\n\n<p>\u00abGracias a nuestro equipo y a la colaboraci\u00f3n con la empresa privada, estamos logrando una reorganizaci\u00f3n completa en Calidonia, un esfuerzo conjunto para hacer que nuestro distrito brille\u00bb, expres\u00f3 el alcalde Mizrachi. Con este gesto, no solo se da inicio a la plantaci\u00f3n de \u00e1rboles, sino tambi\u00e9n a un cambio de imagen que promete mejorar la calidad de vida de los residentes y visitantes del \u00e1rea.<\/p>\n\n\n\n<p>Residentes, trabajadores y due\u00f1os de locales en esta \u00e1rea expresaron su deseo de ver el corregimiento de Calidonia mejorado y se sienten muy agradecidos por el cambio que se est\u00e1 realizando en el lugar.<\/p>\n\n\n\n<p>La Alcald\u00eda de Panam\u00e1, en colaboraci\u00f3n con la empresa PedidosYa, inici\u00f3 la plantaci\u00f3n de 8 de los 20 \u00e1rboles a lo largo de las aceras. PedidosYa, adem\u00e1s de donar los \u00e1rboles, se encarg\u00f3 de la log\u00edstica para transportarlos hasta el lugar, demostrando as\u00ed su compromiso con el bienestar de la comunidad.<\/p>\n\n\n\n<p>Este proyecto es parte de una serie de iniciativas que comenzaron con una jornada de limpieza, reparaciones y mejoras realizadas recientemente en la misma zona. Comerciantes y vecinos se unieron en estas actividades, demostrando el compromiso colectivo para hacer que nuestra ciudad capital brille a\u00fan m\u00e1s.<\/p>\n","protected":false},"excerpt":{"rendered":"<p>Ciudad de Panam\u00e1, 16 de agosto de 2024. El alcalde Mayer Mizrachi plant\u00f3 el primer \u00e1rbol en las aceras de Calidonia, marcando el inicio del arbolado urbano en la zona. Esta iniciativa forma parte de un plan integral de la Alcald\u00eda de Panam\u00e1 para revitalizar los espacios p\u00fablicos del distrito, comenzando por una de las [&hellip;]<\/p>\n","protected":false},"author":3,"featured_media":3095,"comment_status":"open","ping_status":"open","sticky":false,"template":"","format":"standard","meta":{"footnotes":""},"categories":[2],"tags":[],"class_list":["post-3094","post","type-post","status-publish","format-standard","has-post-thumbnail","hentry","category-nacionales"],"_links":{"self":[{"href":"https:\/\/panamaimage.com\/noticias\/wp-json\/wp\/v2\/posts\/3094","targetHints":{"allow":["GET"]}}],"collection":[{"href":"https:\/\/panamaimage.com\/noticias\/wp-json\/wp\/v2\/posts"}],"about":[{"href":"https:\/\/panamaimage.com\/noticias\/wp-json\/wp\/v2\/types\/post"}],"author":[{"embeddable":true,"href":"https:\/\/panamaimage.com\/noticias\/wp-json\/wp\/v2\/users\/3"}],"replies":[{"embeddable":true,"href":"https:\/\/panamaimage.com\/noticias\/wp-json\/wp\/v2\/comments?post=3094"}],"version-history":[{"count":1,"href":"https:\/\/panamaimage.com\/noticias\/wp-json\/wp\/v2\/posts\/3094\/revisions"}],"predecessor-version":[{"id":3098,"href":"https:\/\/panamaimage.com\/noticias\/wp-json\/wp\/v2\/posts\/3094\/revisions\/3098"}],"wp:featuredmedia":[{"embeddable":true,"href":"https:\/\/panamaimage.com\/noticias\/wp-json\/wp\/v2\/media\/3095"}],"wp:attachment":[{"href":"https:\/\/panamaimage.com\/noticias\/wp-json\/wp\/v2\/media?parent=3094"}],"wp:term":[{"taxonomy":"category","embeddable":true,"href":"https:\/\/panamaimage.com\/noticias\/wp-json\/wp\/v2\/categories?post=3094"},{"taxonomy":"post_tag","embeddable":true,"href":"https:\/\/panamaimage.com\/noticias\/wp-json\/wp\/v2\/tags?post=3094"}],"curies":[{"name":"wp","href":"https:\/\/api.w.org\/{rel}","templated":true}]}}