{"id":3059,"date":"2024-08-15T21:26:10","date_gmt":"2024-08-15T21:26:10","guid":{"rendered":"https:\/\/panamaimage.com\/noticias\/?p=3059"},"modified":"2024-08-15T21:26:12","modified_gmt":"2024-08-15T21:26:12","slug":"canal-de-panama-cumple-110-anos-de-confianza-y-progreso","status":"publish","type":"post","link":"https:\/\/panamaimage.com\/noticias\/canal-de-panama-cumple-110-anos-de-confianza-y-progreso\/","title":{"rendered":"Canal de Panam\u00e1 cumple 110 a\u00f1os de confianza y progreso"},"content":{"rendered":"\n<p><\/p>\n\n\n\n<p>La v\u00eda interoce\u00e1nica celebra su aniversario, reiterando su compromiso con los paname\u00f1os y ofreciendo a sus clientes 49 pies de calado y 35 tr\u00e1nsitos diarios<\/p>\n\n\n\n<p>Panam\u00e1, 15 de agosto de 2024.- El Canal de Panam\u00e1 conmemora 110 a\u00f1os de operaciones y reafirma su compromiso con el pa\u00eds al garantizar la disponibilidad de agua para abastecer a la poblaci\u00f3n, al mismo tiempo que ofrece a sus clientes 49 pies de calado y capacidad de tr\u00e1nsito para 35 buques diarios.<\/p>\n\n\n\n<p>Este aniversario del Canal de Panam\u00e1 coincide con el reto hist\u00f3rico que trajo consigo la prolongada sequ\u00eda que atraves\u00f3 el pa\u00eds y que impact\u00f3 los reservorios de Gat\u00fan y Alhajuela en niveles pocas veces vistos en estos 110 a\u00f1os, siendo esta la m\u00e1s severa desde que se ampli\u00f3 el Canal en 2016.<\/p>\n\n\n\n<p>A pesar de semejante desaf\u00edo, el Canal, gracias al trabajo y empe\u00f1o de su fuerza laboral, implement\u00f3 oportunamente la estrategia h\u00eddrico-operativa dirigida a optimizar el ahorro del recurso h\u00eddrico priorizando, ante todo, el agua para abastecer a m\u00e1s de la mitad de la poblaci\u00f3n.<\/p>\n\n\n\n<p>En la actualidad, la temporada de lluvias est\u00e1 llevando gradualmente a que los reservorios recuperen los niveles esperados para este momento del a\u00f1o, al tiempo que el Canal sigue enfocado en mejorar la confiabilidad, eficiencia y capacidad de respuesta ante las cambiantes necesidades de la industria mar\u00edtima.<\/p>\n\n\n\n<p>Desde su inauguraci\u00f3n en 1914, el Canal de Panam\u00e1 sac\u00f3 provecho de su posici\u00f3n geogr\u00e1fica para ponerla al servicio del comercio mundial, que se optimiz\u00f3 al contar con una v\u00eda que permite el ahorro de tiempo, distancias y costos al transporte mar\u00edtimo de productos entre distintos pa\u00edses, y m\u00e1s a\u00fan, luego de la ampliaci\u00f3n de su capacidad en 2016.<\/p>\n\n\n\n<p>Es as\u00ed como la v\u00eda interoce\u00e1nica conecta a 180 rutas mar\u00edtimas que llegan a 1,920 puertos en 170 pa\u00edses alrededor del mundo, y por el que transita cerca del 3 % del comercio mar\u00edtimo global.<br>Enfocados en el manejo del recurso h\u00eddrico<\/p>\n\n\n\n<p>El Canal de Panam\u00e1 prioriza garantizar el agua necesaria para abastecer a la poblaci\u00f3n y toma medidas para enfrentar el cambio clim\u00e1tico y el crecimiento demogr\u00e1fico.<\/p>\n\n\n\n<p>La reciente decisi\u00f3n de la Corte Suprema que restablece la vigencia la Ley 44 de 31 de agosto de 1999, \u201cpor la cual se aprueban los l\u00edmites de la Cuenca Hidrogr\u00e1fica del Canal de Panam\u00e1\u201d, refuerza el compromiso del Canal en el cuidado de las fuentes h\u00eddricas y el desarrollo sostenible y mejoramiento de las condiciones de vida de las comunidades. Es importante precisar que ese territorio siempre ha sido y seguir\u00e1 siendo propiedad de quienes lo ocupen, ya sea que cuenten con t\u00edtulo de propiedad o derecho posesorio, como ocurre en el resto de la cuenca.<\/p>\n\n\n\n<p>El Canal es consciente de que la tarea m\u00e1s importante es asegurar que los paname\u00f1os tengan agua para tomar y, para ello, se considera la construcci\u00f3n de un reservorio multiprop\u00f3sito para compensar la cantidad de agua que se extrae del sistema de embalses del Canal para abastecer a la poblaci\u00f3n.<\/p>\n\n\n\n<p>Para el administrador del Canal, Ricaurte V\u00e1squez Morales, \u201cen Panam\u00e1 tenemos alta dependencia de las lluvias, y se requiere aumentar la capacidad de almacenamiento para garantizar el agua potable y la de los tr\u00e1nsitos. En la operaci\u00f3n del Canal, incluyendo el tercer juego de esclusas, utilizamos el volumen de agua que se hab\u00eda pronosticado para tal fin, caso contrario ocurre con el consumo de la poblaci\u00f3n que aumenta permanentemente\u201d.<\/p>\n\n\n\n<p>La construcci\u00f3n de un reservorio en la cuenca de r\u00edo Indio ha sido confirmada como la opci\u00f3n m\u00e1s viable para el desarrollo de un proyecto, t\u00e9cnicamente sustentado, que permita atender las demandas futuras de agua para consumo humano. No obstante, antes de emprender cualquier iniciativa se deber\u00e1 atender las necesidades e inquietudes de quienes habitan en esa regi\u00f3n.<\/p>\n\n\n\n<p>El reservorio de r\u00edo Indio es un proyecto de desarrollo humano que pretende mejorar las condiciones de vida de las comunidades, al mismo tiempo que nos permite garantizar el agua para Panam\u00e1 para los pr\u00f3ximos 50 a\u00f1os.<\/p>\n\n\n\n<p>El mantenimiento es clave<\/p>\n\n\n\n<p>Una de las claves de la vigencia del Canal est\u00e1 en su mantenimiento. Las esclusas centenarias, que vieron al vapor Anc\u00f3n en su tr\u00e1nsito inaugural, siguen funcionando gracias a un robusto programa multianual de mantenimiento en todas sus estructuras.<\/p>\n\n\n\n<p>El Canal de Panam\u00e1 cumple con su compromiso con el pa\u00eds y sus clientes, llevando a cabo rigurosos programas de mantenimiento preventivo tanto en las esclusas, como en las represas de Gat\u00fan, Madden y Miraflores, y del mismo modo en equipos flotantes, terrestre y a lo largo del cauce de navegaci\u00f3n. Solo en los \u00faltimos cinco a\u00f1os ha invertido m\u00e1s de B\/.2,000 millones en mantenimiento.<\/p>\n\n\n\n<p>Para el presupuesto del a\u00f1o fiscal 2024 se han destinado m\u00e1s de B\/.500 millones para atender las centenarias esclusas panamax, as\u00ed como las modernas esclusas neopanamax.<\/p>\n\n\n\n<p>Por otro lado, lleva adelante evaluaciones exhaustivas de las condiciones de su infraestructura, especialmente la m\u00e1s antigua, para definir las necesidades de atenci\u00f3n a corto, mediano y largo plazo.<\/p>\n","protected":false},"excerpt":{"rendered":"<p>La v\u00eda interoce\u00e1nica celebra su aniversario, reiterando su compromiso con los paname\u00f1os y ofreciendo a sus clientes 49 pies de calado y 35 tr\u00e1nsitos diarios Panam\u00e1, 15 de agosto de 2024.- El Canal de Panam\u00e1 conmemora 110 a\u00f1os de operaciones y reafirma su compromiso con el pa\u00eds al garantizar la disponibilidad de agua para abastecer [&hellip;]<\/p>\n","protected":false},"author":3,"featured_media":3061,"comment_status":"open","ping_status":"open","sticky":false,"template":"","format":"standard","meta":{"footnotes":""},"categories":[2],"tags":[],"class_list":["post-3059","post","type-post","status-publish","format-standard","has-post-thumbnail","hentry","category-nacionales"],"_links":{"self":[{"href":"https:\/\/panamaimage.com\/noticias\/wp-json\/wp\/v2\/posts\/3059","targetHints":{"allow":["GET"]}}],"collection":[{"href":"https:\/\/panamaimage.com\/noticias\/wp-json\/wp\/v2\/posts"}],"about":[{"href":"https:\/\/panamaimage.com\/noticias\/wp-json\/wp\/v2\/types\/post"}],"author":[{"embeddable":true,"href":"https:\/\/panamaimage.com\/noticias\/wp-json\/wp\/v2\/users\/3"}],"replies":[{"embeddable":true,"href":"https:\/\/panamaimage.com\/noticias\/wp-json\/wp\/v2\/comments?post=3059"}],"version-history":[{"count":1,"href":"https:\/\/panamaimage.com\/noticias\/wp-json\/wp\/v2\/posts\/3059\/revisions"}],"predecessor-version":[{"id":3062,"href":"https:\/\/panamaimage.com\/noticias\/wp-json\/wp\/v2\/posts\/3059\/revisions\/3062"}],"wp:featuredmedia":[{"embeddable":true,"href":"https:\/\/panamaimage.com\/noticias\/wp-json\/wp\/v2\/media\/3061"}],"wp:attachment":[{"href":"https:\/\/panamaimage.com\/noticias\/wp-json\/wp\/v2\/media?parent=3059"}],"wp:term":[{"taxonomy":"category","embeddable":true,"href":"https:\/\/panamaimage.com\/noticias\/wp-json\/wp\/v2\/categories?post=3059"},{"taxonomy":"post_tag","embeddable":true,"href":"https:\/\/panamaimage.com\/noticias\/wp-json\/wp\/v2\/tags?post=3059"}],"curies":[{"name":"wp","href":"https:\/\/api.w.org\/{rel}","templated":true}]}}