{"id":3055,"date":"2024-08-15T04:30:31","date_gmt":"2024-08-15T04:30:31","guid":{"rendered":"https:\/\/panamaimage.com\/noticias\/?p=3055"},"modified":"2024-08-15T04:30:32","modified_gmt":"2024-08-15T04:30:32","slug":"puerto-internacional-de-vacamonte45-anos-impulsando-la-industria-pesquera-panamena","status":"publish","type":"post","link":"https:\/\/panamaimage.com\/noticias\/puerto-internacional-de-vacamonte45-anos-impulsando-la-industria-pesquera-panamena\/","title":{"rendered":"PUERTO INTERNACIONAL DE VACAMONTE:45 A\u00d1OS IMPULSANDO LA INDUSTRIA PESQUERA PANAME\u00d1A"},"content":{"rendered":"\n<p><\/p>\n\n\n\n<p>El Puerto Internacional de Vacamonte celebra este mi\u00e9rcoles14 de agosto su XLV aniversario, un hito que marca d\u00e9cadas de operaciones ininterrumpidas y un invaluable aporte al desarrollo de Panam\u00e1.<\/p>\n\n\n\n<p>Esta importante infraestructura portuaria, ubicada en el distrito de Arraij\u00e1n, provincia de Panam\u00e1 Oeste, es testigo de la evoluci\u00f3n del pa\u00eds y faro del comercio internacional.<\/p>\n\n\n\n<p>La visionaria operaci\u00f3n y la estrat\u00e9gica posici\u00f3n geogr\u00e1fica del puerto, a la que se le suma el compromiso de la Autoridad Mar\u00edtima de Panam\u00e1 (AMP), hacen que Vacamonte genere miles de empleos directos e indirectos, que fortalecen la cadena de valor de la pesca y contribuyen a la seguridad alimentaria.<\/p>\n\n\n\n<p>\u201cEs mucho m\u00e1s que una infraestructura; es un pilar fundamental para nuestra econom\u00eda\u201d, afirm\u00f3 Max Florez, director general de Puertos e Industrias Mar\u00edtimas Auxiliares.<\/p>\n\n\n\n<p>La directora de Registro P\u00fablico de Propiedad de Naves, Marta Aparicio felicit\u00f3 a los colaboradores y empresarios, en nombre del administrador de la AMP, Luis Roquebert. La directora Aparicio los reconoci\u00f3 como el motor de este centro log\u00edstico.<\/p>\n\n\n\n<p>Durante la celebraci\u00f3n, se exaltaron los logros alcanzados y se reafirm\u00f3 el compromiso de seguir trabajando para hacer del Puerto Internacional de Vacamonte un lugar moderno, eficiente y sostenible.<\/p>\n\n\n\n<p>Desde el Puerto Internacional de Vacamonte se exportan productos del mar de alta calidad hacia Estados Unidos y Europa. En el mismo operan m\u00e1s de 83 embarcaciones y tres agencias navieras.<\/p>\n\n\n\n<p>El presidente de la C\u00e1mara de Pesca y Acuicultura, Gustavo Z\u00fa\u00f1iga, concesionarios, representantes del sindicato de marinos de Vacamonte, colaboradores y directivos de la AMP participaron de un acto conmemorativo a la fecha.<\/p>\n","protected":false},"excerpt":{"rendered":"<p>El Puerto Internacional de Vacamonte celebra este mi\u00e9rcoles14 de agosto su XLV aniversario, un hito que marca d\u00e9cadas de operaciones ininterrumpidas y un invaluable aporte al desarrollo de Panam\u00e1. Esta importante infraestructura portuaria, ubicada en el distrito de Arraij\u00e1n, provincia de Panam\u00e1 Oeste, es testigo de la evoluci\u00f3n del pa\u00eds y faro del comercio internacional. [&hellip;]<\/p>\n","protected":false},"author":3,"featured_media":3056,"comment_status":"open","ping_status":"open","sticky":false,"template":"","format":"standard","meta":{"footnotes":""},"categories":[2],"tags":[],"class_list":["post-3055","post","type-post","status-publish","format-standard","has-post-thumbnail","hentry","category-nacionales"],"_links":{"self":[{"href":"https:\/\/panamaimage.com\/noticias\/wp-json\/wp\/v2\/posts\/3055","targetHints":{"allow":["GET"]}}],"collection":[{"href":"https:\/\/panamaimage.com\/noticias\/wp-json\/wp\/v2\/posts"}],"about":[{"href":"https:\/\/panamaimage.com\/noticias\/wp-json\/wp\/v2\/types\/post"}],"author":[{"embeddable":true,"href":"https:\/\/panamaimage.com\/noticias\/wp-json\/wp\/v2\/users\/3"}],"replies":[{"embeddable":true,"href":"https:\/\/panamaimage.com\/noticias\/wp-json\/wp\/v2\/comments?post=3055"}],"version-history":[{"count":1,"href":"https:\/\/panamaimage.com\/noticias\/wp-json\/wp\/v2\/posts\/3055\/revisions"}],"predecessor-version":[{"id":3057,"href":"https:\/\/panamaimage.com\/noticias\/wp-json\/wp\/v2\/posts\/3055\/revisions\/3057"}],"wp:featuredmedia":[{"embeddable":true,"href":"https:\/\/panamaimage.com\/noticias\/wp-json\/wp\/v2\/media\/3056"}],"wp:attachment":[{"href":"https:\/\/panamaimage.com\/noticias\/wp-json\/wp\/v2\/media?parent=3055"}],"wp:term":[{"taxonomy":"category","embeddable":true,"href":"https:\/\/panamaimage.com\/noticias\/wp-json\/wp\/v2\/categories?post=3055"},{"taxonomy":"post_tag","embeddable":true,"href":"https:\/\/panamaimage.com\/noticias\/wp-json\/wp\/v2\/tags?post=3055"}],"curies":[{"name":"wp","href":"https:\/\/api.w.org\/{rel}","templated":true}]}}