{"id":3051,"date":"2024-08-15T04:11:04","date_gmt":"2024-08-15T04:11:04","guid":{"rendered":"https:\/\/panamaimage.com\/noticias\/?p=3051"},"modified":"2024-08-15T04:11:05","modified_gmt":"2024-08-15T04:11:05","slug":"presidente-mulino-se-reune-con-la-junta-directiva-del-canal-de-panama","status":"publish","type":"post","link":"https:\/\/panamaimage.com\/noticias\/presidente-mulino-se-reune-con-la-junta-directiva-del-canal-de-panama\/","title":{"rendered":"Presidente Mulino se re\u00fane con la Junta Directiva del Canal de Panam\u00e1"},"content":{"rendered":"\n<p><\/p>\n\n\n\n<p>El presidente de la Rep\u00fablica, Jos\u00e9 Ra\u00fal Mulino, sostuvo este mi\u00e9rcoles una reuni\u00f3n con la Junta Directiva de la Autoridad del Canal de Panam\u00e1 (ACP), con el fin de conocer con mayor detalle los planes de la entidad para asegurar la sostenibilidad y rentabilidad de las operaciones canaleras.<\/p>\n\n\n\n<p>Durante el conversatorio, desarrollado en el Sal\u00f3n Paz del Palacio de las Garzas, se analizaron las alternativas hacia una recomposici\u00f3n de la cuenca hidrogr\u00e1fica del Canal interoce\u00e1nico, con el fin de establecer un reservorio de agua dulce en el r\u00edo Indio.<\/p>\n\n\n\n<p>Esta obra, a juicio de la ACP, garantizar\u00e1 los servicios que brinda el Canal a la industria mar\u00edtima y, a la vez, mejorar\u00e1 el suministro de agua potable para los ciudadanos.<\/p>\n\n\n\n<p>El presidente Mulino recalc\u00f3 que el tema del reservorio de r\u00edo Indio ser\u00e1 presentado al pa\u00eds debidamente el pr\u00f3ximo a\u00f1o, una vez est\u00e9 aprobada una nueva ley de Seguridad Social y se le haya encontrado una soluci\u00f3n al problema de la mina de Donoso.<\/p>\n\n\n\n<p>\u00abDeseo que el tema del Canal transcurra en aguas tranquilas, sin hostilidad\u00bb, expres\u00f3 el presidente.<\/p>\n\n\n\n<p>Asistieron a la reuni\u00f3n, el administrador del Canal, Ricaurte V\u00e1squez, y los miembros de la Junta Directiva de la ACP: Nelson Jackson, Laury Melo de Alfaro, Enrique S\u00e1nchez, Francisco Sierra, \u00d3scar Ram\u00edrez, Jorge Gonz\u00e1lez, Dora P\u00e9rez Balladares, Nicol\u00e1s Gonz\u00e1lez Revilla y Luis Navas.<br>El gobernante estuvo acompa\u00f1ado de los ministros de la Presidencia, Juan Carlos Orillac; Asuntos del Canal, Jos\u00e9 Ram\u00f3n Icaza; y Ambiente, Juan Carlos Navarro; adem\u00e1s del asesor presidencial Alberto Alem\u00e1n Zubieta y Roberto Roy, consultor presidencial en materia de ingenier\u00eda y construcci\u00f3n.<\/p>\n\n\n\n<figure class=\"wp-block-image size-large\"><a href=\"https:\/\/panamaimage.com\/noticias\/wp-content\/uploads\/2024\/08\/IMG-20240814-WA0420.jpg\"><img loading=\"lazy\" decoding=\"async\" width=\"1024\" height=\"682\" src=\"https:\/\/panamaimage.com\/noticias\/wp-content\/uploads\/2024\/08\/IMG-20240814-WA0420-1024x682.jpg\" alt=\"\" class=\"wp-image-3053\" title=\"\" srcset=\"https:\/\/panamaimage.com\/noticias\/wp-content\/uploads\/2024\/08\/IMG-20240814-WA0420-1024x682.jpg 1024w, https:\/\/panamaimage.com\/noticias\/wp-content\/uploads\/2024\/08\/IMG-20240814-WA0420-300x200.jpg 300w, https:\/\/panamaimage.com\/noticias\/wp-content\/uploads\/2024\/08\/IMG-20240814-WA0420-768x512.jpg 768w, https:\/\/panamaimage.com\/noticias\/wp-content\/uploads\/2024\/08\/IMG-20240814-WA0420.jpg 1280w\" sizes=\"auto, (max-width: 1024px) 100vw, 1024px\" \/><\/a><\/figure>\n","protected":false},"excerpt":{"rendered":"<p>El presidente de la Rep\u00fablica, Jos\u00e9 Ra\u00fal Mulino, sostuvo este mi\u00e9rcoles una reuni\u00f3n con la Junta Directiva de la Autoridad del Canal de Panam\u00e1 (ACP), con el fin de conocer con mayor detalle los planes de la entidad para asegurar la sostenibilidad y rentabilidad de las operaciones canaleras. Durante el conversatorio, desarrollado en el Sal\u00f3n [&hellip;]<\/p>\n","protected":false},"author":3,"featured_media":3052,"comment_status":"open","ping_status":"open","sticky":false,"template":"","format":"standard","meta":{"footnotes":""},"categories":[1],"tags":[],"class_list":["post-3051","post","type-post","status-publish","format-standard","has-post-thumbnail","hentry","category-sin-categoria"],"_links":{"self":[{"href":"https:\/\/panamaimage.com\/noticias\/wp-json\/wp\/v2\/posts\/3051","targetHints":{"allow":["GET"]}}],"collection":[{"href":"https:\/\/panamaimage.com\/noticias\/wp-json\/wp\/v2\/posts"}],"about":[{"href":"https:\/\/panamaimage.com\/noticias\/wp-json\/wp\/v2\/types\/post"}],"author":[{"embeddable":true,"href":"https:\/\/panamaimage.com\/noticias\/wp-json\/wp\/v2\/users\/3"}],"replies":[{"embeddable":true,"href":"https:\/\/panamaimage.com\/noticias\/wp-json\/wp\/v2\/comments?post=3051"}],"version-history":[{"count":1,"href":"https:\/\/panamaimage.com\/noticias\/wp-json\/wp\/v2\/posts\/3051\/revisions"}],"predecessor-version":[{"id":3054,"href":"https:\/\/panamaimage.com\/noticias\/wp-json\/wp\/v2\/posts\/3051\/revisions\/3054"}],"wp:featuredmedia":[{"embeddable":true,"href":"https:\/\/panamaimage.com\/noticias\/wp-json\/wp\/v2\/media\/3052"}],"wp:attachment":[{"href":"https:\/\/panamaimage.com\/noticias\/wp-json\/wp\/v2\/media?parent=3051"}],"wp:term":[{"taxonomy":"category","embeddable":true,"href":"https:\/\/panamaimage.com\/noticias\/wp-json\/wp\/v2\/categories?post=3051"},{"taxonomy":"post_tag","embeddable":true,"href":"https:\/\/panamaimage.com\/noticias\/wp-json\/wp\/v2\/tags?post=3051"}],"curies":[{"name":"wp","href":"https:\/\/api.w.org\/{rel}","templated":true}]}}