{"id":3039,"date":"2024-08-15T00:07:12","date_gmt":"2024-08-15T00:07:12","guid":{"rendered":"https:\/\/panamaimage.com\/noticias\/?p=3039"},"modified":"2024-08-15T00:07:14","modified_gmt":"2024-08-15T00:07:14","slug":"insomnio-en-la-era-digital-cuando-las-tecnicas-caseras-no-son-suficiente","status":"publish","type":"post","link":"https:\/\/panamaimage.com\/noticias\/insomnio-en-la-era-digital-cuando-las-tecnicas-caseras-no-son-suficiente\/","title":{"rendered":"Insomnio en la era digital: Cu\u00e1ndo las t\u00e9cnicas caseras no son suficiente"},"content":{"rendered":"\n<p><\/p>\n\n\n\n<p>En un mundo donde la tecnolog\u00eda nos mantiene constantemente conectados, el sue\u00f1o se ha convertido en un lujo para muchos. Seg\u00fan el Dr. Jose Medina Bairan, especialista en trastornos del sue\u00f1o y miembro de Medicus, una innovadora plataforma de telemedicina formada por m\u00e9dicos latinos entrenados y ejerciendo en EE.UU., el insomnio es un problema creciente que afecta a millones de personas en todo el mundo.<\/p>\n\n\n\n<p>\u00abAntes de recurrir a ayuda profesional, existen varias t\u00e9cnicas que pueden ayudar a conciliar el sue\u00f1o m\u00e1s r\u00e1pidamente\u00bb, explica el Dr. Medina. Entre estas t\u00e9cnicas, destaca la meditaci\u00f3n y el mindfulness, que ayudan a calmar la mente y reducir el estr\u00e9s. \u00abLa respiraci\u00f3n profunda, especialmente la t\u00e9cnica 4-7-8, puede ser particularmente efectiva\u00bb, a\u00f1ade.<\/p>\n\n\n\n<p>Otras estrategias incluyen la relajaci\u00f3n muscular progresiva, que implica tensar y relajar sistem\u00e1ticamente diferentes grupos musculares, y la visualizaci\u00f3n guiada, donde se imaginan escenarios tranquilos y relajantes. \u00abIncluso la aromaterapia, utilizando aceites esenciales como la lavanda, puede crear un ambiente propicio para el sue\u00f1o\u00bb, sugiere el experto.<\/p>\n\n\n\n<p>Sin embargo, el Dr. Medina advierte que estas t\u00e9cnicas no siempre son suficientes. \u00abSi los problemas de sue\u00f1o persisten durante varias semanas y afectan significativamente la vida diaria, es momento de buscar ayuda profesional\u00bb, afirma. S\u00edntomas como ronquidos fuertes y pausas en la respiraci\u00f3n durante el sue\u00f1o, indicativos de apnea del sue\u00f1o, tambi\u00e9n requieren atenci\u00f3n m\u00e9dica inmediata.<\/p>\n\n\n\n<p>Para aquellos que necesitan ayuda profesional, existen diversas opciones de tratamiento. La terapia cognitivo-conductual para el insomnio (TCC-I) es un enfoque no farmacol\u00f3gico que se centra en cambiar patrones de pensamiento y comportamientos relacionados con el sue\u00f1o. En algunos casos, pueden recetarse medicamentos a corto plazo bajo supervisi\u00f3n m\u00e9dica.<\/p>\n\n\n\n<p>\u00abEn Medicus, ofrecemos consultas virtuales con especialistas en trastornos del sue\u00f1o\u00bb, explica el Dr. Medina. \u00abEsto permite a los pacientes acceder a atenci\u00f3n especializada desde la comodidad de su hogar, eliminando barreras geogr\u00e1ficas y facilitando un diagn\u00f3stico y tratamiento oportunos\u00bb.<\/p>\n\n\n\n<p>El Dr. Medina enfatiza la importancia de abordar los problemas de sue\u00f1o de manera integral. \u00abAdem\u00e1s de tratar los s\u00edntomas, es crucial educar a los pacientes sobre la higiene del sue\u00f1o y abordar cualquier condici\u00f3n subyacente que pueda estar afectando su descanso\u00bb, se\u00f1ala.<\/p>\n\n\n\n<p>En casos de apnea del sue\u00f1o, se pueden recomendar dispositivos como las m\u00e1quinas de CPAP, que proporcionan un flujo constante de aire para mantener las v\u00edas respiratorias abiertas durante la noche.<\/p>\n\n\n\n<p>El mensaje final del Dr. Medina es claro: mientras que las t\u00e9cnicas de relajaci\u00f3n pueden ser \u00fatiles para problemas de sue\u00f1o leves, no se debe subestimar la importancia de buscar ayuda profesional cuando estas no son suficientes. \u00abEl sue\u00f1o de calidad es fundamental para nuestra salud f\u00edsica y mental. No dudes en buscar ayuda si sientes que tus problemas de sue\u00f1o est\u00e1n afectando tu calidad de vida\u00bb, concluye.<\/p>\n\n\n\n<p>Con plataformas como Medicus, el acceso a especialistas en trastornos del sue\u00f1o es ahora m\u00e1s f\u00e1cil que nunca, ofreciendo esperanza a aquellos que luchan por lograr un descanso reparador en nuestra agitada era digital.<\/p>\n","protected":false},"excerpt":{"rendered":"<p>En un mundo donde la tecnolog\u00eda nos mantiene constantemente conectados, el sue\u00f1o se ha convertido en un lujo para muchos. Seg\u00fan el Dr. Jose Medina Bairan, especialista en trastornos del sue\u00f1o y miembro de Medicus, una innovadora plataforma de telemedicina formada por m\u00e9dicos latinos entrenados y ejerciendo en EE.UU., el insomnio es un problema creciente [&hellip;]<\/p>\n","protected":false},"author":3,"featured_media":3040,"comment_status":"open","ping_status":"open","sticky":false,"template":"","format":"standard","meta":{"footnotes":""},"categories":[5],"tags":[],"class_list":["post-3039","post","type-post","status-publish","format-standard","has-post-thumbnail","hentry","category-tecnologia"],"_links":{"self":[{"href":"https:\/\/panamaimage.com\/noticias\/wp-json\/wp\/v2\/posts\/3039","targetHints":{"allow":["GET"]}}],"collection":[{"href":"https:\/\/panamaimage.com\/noticias\/wp-json\/wp\/v2\/posts"}],"about":[{"href":"https:\/\/panamaimage.com\/noticias\/wp-json\/wp\/v2\/types\/post"}],"author":[{"embeddable":true,"href":"https:\/\/panamaimage.com\/noticias\/wp-json\/wp\/v2\/users\/3"}],"replies":[{"embeddable":true,"href":"https:\/\/panamaimage.com\/noticias\/wp-json\/wp\/v2\/comments?post=3039"}],"version-history":[{"count":1,"href":"https:\/\/panamaimage.com\/noticias\/wp-json\/wp\/v2\/posts\/3039\/revisions"}],"predecessor-version":[{"id":3041,"href":"https:\/\/panamaimage.com\/noticias\/wp-json\/wp\/v2\/posts\/3039\/revisions\/3041"}],"wp:featuredmedia":[{"embeddable":true,"href":"https:\/\/panamaimage.com\/noticias\/wp-json\/wp\/v2\/media\/3040"}],"wp:attachment":[{"href":"https:\/\/panamaimage.com\/noticias\/wp-json\/wp\/v2\/media?parent=3039"}],"wp:term":[{"taxonomy":"category","embeddable":true,"href":"https:\/\/panamaimage.com\/noticias\/wp-json\/wp\/v2\/categories?post=3039"},{"taxonomy":"post_tag","embeddable":true,"href":"https:\/\/panamaimage.com\/noticias\/wp-json\/wp\/v2\/tags?post=3039"}],"curies":[{"name":"wp","href":"https:\/\/api.w.org\/{rel}","templated":true}]}}