{"id":2905,"date":"2024-08-01T16:37:00","date_gmt":"2024-08-01T16:37:00","guid":{"rendered":"https:\/\/panamaimage.com\/noticias\/?p=2905"},"modified":"2024-08-02T16:39:40","modified_gmt":"2024-08-02T16:39:40","slug":"semana-de-la-lactancia-materna-resalta-la-alimentacion-adecuada-desde-el-inicio-de-la-vida","status":"publish","type":"post","link":"https:\/\/panamaimage.com\/noticias\/semana-de-la-lactancia-materna-resalta-la-alimentacion-adecuada-desde-el-inicio-de-la-vida\/","title":{"rendered":"Semana de la Lactancia Materna resalta la alimentaci\u00f3n adecuada desde el inicio de la vida"},"content":{"rendered":"\n<p><\/p>\n\n\n\n<p><em>La lactancia materna les proporciona a los beb\u00e9s todos los nutrientes que necesitan para crecer y que su sistema inmunol\u00f3gico se desarrolle plenamente<\/em><em>.<\/em><\/p>\n\n\n\n<p><strong>Panam\u00e1, 1 de agosto de 2024.-<\/strong> En el marco del lanzamiento de la Semana Mundial de la Lactancia Materna, el Ministerio de Salud (Minsa), como ente rector de la salud, impulsa pol\u00edticas mediante la promoci\u00f3n, protecci\u00f3n y apoyo para proveer de salud, desarrollo cognitivo y emocional a todos los ni\u00f1os que nacen cada a\u00f1o en Panam\u00e1.<\/p>\n\n\n\n<p>Maricel Cohen de Mulino, primera dama de la Rep\u00fablica destac\u00f3 el lema de este a\u00f1o: <em>\u201cC<\/em><em>errando<\/em><em> <\/em><em>la<\/em><em> <\/em><em>brecha<\/em><em>. Apoyo a la lactancia materna en todas las situaciones<\/em>\u201d, el cual busca recalcar esta acci\u00f3n como un factor protector para las familias en la sociedad.<\/p>\n\n\n\n<p>Sobre el tema, el ministro de Salud, Fernando Boyd Galindo, hizo \u00e9nfasis en las actividades dirigidas a proteger y fomentar la lactancia materna, a trav\u00e9s del seguimiento, acompa\u00f1amiento y coordinaci\u00f3n con l\u00edderes de otros ministerios, entidades p\u00fablicas aut\u00f3nomas, semiaut\u00f3nomas, universidades oficiales y particulares, los municipios, organizaciones de la sociedad civil, entre otros.<\/p>\n\n\n\n<p>\u201cLos lazos afectivos entre madre e hijo se empiezan a entretejer desde las primeras horas de nacido, proporcion\u00e1ndole al beb\u00e9 no s\u00f3lo seguridad y protecci\u00f3n, sino tambi\u00e9n el \u00fanico alimento capaz de satisfacer todas las necesidades nutricionales de alimentaci\u00f3n exclusiva\u201d, indic\u00f3.<\/p>\n\n\n\n<p>Enrique Lau Cort\u00e9s, director de la Caja de Seguro Social por su parte agreg\u00f3 que la leche materna es el mejor alimento para los ni\u00f1os y no hay f\u00f3rmula artificial que sea mejor; a la vez crea un v\u00ednculo afectivo entre la madre y el hijo.<\/p>\n\n\n\n<p><strong>Reducir las desigualdades<\/strong><\/p>\n\n\n\n<p>Paralelamente, el Ministerio de Salud a trav\u00e9s de la Secci\u00f3n de Salud Integral de ni\u00f1ez y adolescencia de la Direcci\u00f3n General de Salud, agreg\u00f3 que es esencial que \u201cnadie se quede atr\u00e1s\u201d, especialmente las madres vulnerables que pueden necesitar protecci\u00f3n adicional para reducir las desigualdades en la lactancia materna. La lactancia materna les proporciona a los beb\u00e9s todos los nutrientes que necesitan para crecer y que su sistema inmunol\u00f3gico se desarrolle plenamente.<\/p>\n\n\n\n<p>Panam\u00e1, por Ley, reconoce la Semana Mundial de Lactancia Materna (SMLM), del 1 al 7 de agosto de cada a\u00f1o en todo el territorio de la Rep\u00fablica.<\/p>\n\n\n\n<p><strong>Principales objetivos<\/strong><\/p>\n\n\n\n<p>Iinformar sobre las desigualdades existentes en el apoyo a la lactancia materna y su prevalencia; consolidar la lactancia materna como factor igualitario para cerrar brechas en la sociedad; impulsar las acciones para reducir las desigualdades en apoyo a la lactancia materna, centr\u00e1ndose en los grupos vulnerables; involucrar l\u00edderes con personas y organizaciones para mejorar la colaboraci\u00f3n y el apoyo a la lactancia materna.<\/p>\n\n\n\n<p><strong>La lactancia materna contribuye al bienestar&nbsp;de las familias<\/strong><\/p>\n\n\n\n<p>La Organizaci\u00f3n Mundial de la Salud y el Fondo de Naciones Unidas para la Infancia, OMS-UNICEF, reconocen que la lactancia materna exclusiva y a demanda, es un factor clave de la supervivencia infantil.&nbsp;<\/p>\n\n\n\n<p>En el evento estuvieron presentes Leah-Mari Richards, representante encargada de la OPS\/OMS en Panam\u00e1; Sandie Blanchet, representante de UNICEF en Panam\u00e1, representantes de la Comisi\u00f3n Nacional para el Fomento de la Lactancia Materna (CONFOLACMA); entre otras autoridades del Ministerio de Salud (Minsa).<\/p>\n\n\n\n<figure class=\"wp-block-image size-large\"><a href=\"https:\/\/panamaimage.com\/noticias\/wp-content\/uploads\/2024\/08\/IMG-20240801-WA0194.jpg\"><img loading=\"lazy\" decoding=\"async\" width=\"1024\" height=\"683\" src=\"https:\/\/panamaimage.com\/noticias\/wp-content\/uploads\/2024\/08\/IMG-20240801-WA0194-1024x683.jpg\" alt=\"\" class=\"wp-image-2909\" title=\"\" srcset=\"https:\/\/panamaimage.com\/noticias\/wp-content\/uploads\/2024\/08\/IMG-20240801-WA0194-1024x683.jpg 1024w, https:\/\/panamaimage.com\/noticias\/wp-content\/uploads\/2024\/08\/IMG-20240801-WA0194-300x200.jpg 300w, https:\/\/panamaimage.com\/noticias\/wp-content\/uploads\/2024\/08\/IMG-20240801-WA0194-768x512.jpg 768w, https:\/\/panamaimage.com\/noticias\/wp-content\/uploads\/2024\/08\/IMG-20240801-WA0194.jpg 1500w\" sizes=\"auto, (max-width: 1024px) 100vw, 1024px\" \/><\/a><\/figure>\n\n\n\n<figure class=\"wp-block-image size-large\"><a href=\"https:\/\/panamaimage.com\/noticias\/wp-content\/uploads\/2024\/08\/IMG-20240801-WA0192.jpg\"><img loading=\"lazy\" decoding=\"async\" width=\"1024\" height=\"683\" src=\"https:\/\/panamaimage.com\/noticias\/wp-content\/uploads\/2024\/08\/IMG-20240801-WA0192-1024x683.jpg\" alt=\"\" class=\"wp-image-2908\" title=\"\" srcset=\"https:\/\/panamaimage.com\/noticias\/wp-content\/uploads\/2024\/08\/IMG-20240801-WA0192-1024x683.jpg 1024w, https:\/\/panamaimage.com\/noticias\/wp-content\/uploads\/2024\/08\/IMG-20240801-WA0192-300x200.jpg 300w, https:\/\/panamaimage.com\/noticias\/wp-content\/uploads\/2024\/08\/IMG-20240801-WA0192-768x512.jpg 768w, https:\/\/panamaimage.com\/noticias\/wp-content\/uploads\/2024\/08\/IMG-20240801-WA0192.jpg 1500w\" sizes=\"auto, (max-width: 1024px) 100vw, 1024px\" \/><\/a><\/figure>\n\n\n\n<figure class=\"wp-block-image size-large\"><a href=\"https:\/\/panamaimage.com\/noticias\/wp-content\/uploads\/2024\/08\/IMG-20240801-WA0191.jpg\"><img loading=\"lazy\" decoding=\"async\" width=\"1024\" height=\"683\" src=\"https:\/\/panamaimage.com\/noticias\/wp-content\/uploads\/2024\/08\/IMG-20240801-WA0191-1024x683.jpg\" alt=\"\" class=\"wp-image-2907\" title=\"\" srcset=\"https:\/\/panamaimage.com\/noticias\/wp-content\/uploads\/2024\/08\/IMG-20240801-WA0191-1024x683.jpg 1024w, https:\/\/panamaimage.com\/noticias\/wp-content\/uploads\/2024\/08\/IMG-20240801-WA0191-300x200.jpg 300w, https:\/\/panamaimage.com\/noticias\/wp-content\/uploads\/2024\/08\/IMG-20240801-WA0191-768x512.jpg 768w, https:\/\/panamaimage.com\/noticias\/wp-content\/uploads\/2024\/08\/IMG-20240801-WA0191.jpg 1500w\" sizes=\"auto, (max-width: 1024px) 100vw, 1024px\" \/><\/a><\/figure>\n","protected":false},"excerpt":{"rendered":"<p>La lactancia materna les proporciona a los beb\u00e9s todos los nutrientes que necesitan para crecer y que su sistema inmunol\u00f3gico se desarrolle plenamente. Panam\u00e1, 1 de agosto de 2024.- En el marco del lanzamiento de la Semana Mundial de la Lactancia Materna, el Ministerio de Salud (Minsa), como ente rector de la salud, impulsa pol\u00edticas [&hellip;]<\/p>\n","protected":false},"author":3,"featured_media":2906,"comment_status":"open","ping_status":"open","sticky":false,"template":"","format":"standard","meta":{"footnotes":""},"categories":[13],"tags":[],"class_list":["post-2905","post","type-post","status-publish","format-standard","has-post-thumbnail","hentry","category-salud"],"_links":{"self":[{"href":"https:\/\/panamaimage.com\/noticias\/wp-json\/wp\/v2\/posts\/2905","targetHints":{"allow":["GET"]}}],"collection":[{"href":"https:\/\/panamaimage.com\/noticias\/wp-json\/wp\/v2\/posts"}],"about":[{"href":"https:\/\/panamaimage.com\/noticias\/wp-json\/wp\/v2\/types\/post"}],"author":[{"embeddable":true,"href":"https:\/\/panamaimage.com\/noticias\/wp-json\/wp\/v2\/users\/3"}],"replies":[{"embeddable":true,"href":"https:\/\/panamaimage.com\/noticias\/wp-json\/wp\/v2\/comments?post=2905"}],"version-history":[{"count":1,"href":"https:\/\/panamaimage.com\/noticias\/wp-json\/wp\/v2\/posts\/2905\/revisions"}],"predecessor-version":[{"id":2910,"href":"https:\/\/panamaimage.com\/noticias\/wp-json\/wp\/v2\/posts\/2905\/revisions\/2910"}],"wp:featuredmedia":[{"embeddable":true,"href":"https:\/\/panamaimage.com\/noticias\/wp-json\/wp\/v2\/media\/2906"}],"wp:attachment":[{"href":"https:\/\/panamaimage.com\/noticias\/wp-json\/wp\/v2\/media?parent=2905"}],"wp:term":[{"taxonomy":"category","embeddable":true,"href":"https:\/\/panamaimage.com\/noticias\/wp-json\/wp\/v2\/categories?post=2905"},{"taxonomy":"post_tag","embeddable":true,"href":"https:\/\/panamaimage.com\/noticias\/wp-json\/wp\/v2\/tags?post=2905"}],"curies":[{"name":"wp","href":"https:\/\/api.w.org\/{rel}","templated":true}]}}