{"id":2847,"date":"2024-07-30T15:41:07","date_gmt":"2024-07-30T15:41:07","guid":{"rendered":"https:\/\/panamaimage.com\/noticias\/?p=2847"},"modified":"2024-07-30T15:41:09","modified_gmt":"2024-07-30T15:41:09","slug":"excom-promete-reinventar-las-comunicaciones-en-panama-y-la-region","status":"publish","type":"post","link":"https:\/\/panamaimage.com\/noticias\/excom-promete-reinventar-las-comunicaciones-en-panama-y-la-region\/","title":{"rendered":"EXCOM promete reinventar las comunicaciones en Panam\u00e1 y la regi\u00f3n"},"content":{"rendered":"\n<p> Comunicadores Sociales de Panam\u00e1 (COMSPA) realizar\u00e1 Expo Comunicaciones (EXCOM), el primer evento que re\u00fane a los principales profesionales de medios y agencias de relaciones p\u00fablicas del pa\u00eds y Am\u00e9rica Latina, en una experiencia disruptiva e interactiva enfocada en el reinvenci\u00f3n, conexi\u00f3n y acci\u00f3n de todos los asistentes.<br>EXCOM Panam\u00e1 2024 se desarrollar\u00e1 el mi\u00e9rcoles 13 de noviembre de 2024 en el Panama Convention Center, en una jornada de 8:00 am a 6:00 pm, y contar\u00e1 con m\u00e1s de 8 conferencistas internacionales y nacionales. Entre ellos se destacan representantes de agencias de comunicaci\u00f3n, medios televisivos y digitales procedentes de Estados Unidos, Colombia, Argentina, Brasil, Costa Rica y Panam\u00e1.<br>Este evento, exclusivo para 500 asistentes, est\u00e1 dirigido a los profesionales del periodismo, directores de comunicaci\u00f3n del sector p\u00fablico y privado, relacionistas p\u00fablicos, directores de medios (tv, prensa, radio y digital), ejecutivos de todos los sectores, emprendedores, profesionales independientes y estudiantes universitarios que buscan las herramientas para fortalecer sus \u00e1reas de responsabilidad y desarrollo.<br>\u201cEXCOM ser\u00e1 la plataforma que fortalecer\u00e1 las comunicaciones en Panam\u00e1 y la regi\u00f3n a trav\u00e9s de los conocimientos y experiencias de los conferencistas de alto perfil que compartir\u00e1n sus estrategias y visi\u00f3n en un ecosistema integral para el desarrollo de las Comunicaciones en todas las \u00e1reas como: Direcciones de Comunicaciones, Medios Nativos Digitales, Periodismo, Producci\u00f3n de TV, Radio, Fotograf\u00eda, Locuci\u00f3n, Relaciones P\u00fablicas, Plataformas Multimedia y m\u00e1s\u201d, afirm\u00f3 Michelle Dom\u00ednguez, fundadora de COMSPA.<br>En esta primera ocasi\u00f3n los conferencistas ser\u00e1n: Glenda Uma\u00f1a (periodista y ex presentadora de CNN Espa\u00f1ol); Carolina Melo (ex productora de CNN Espa\u00f1ol) procedentes de Estados Unidos; Norma Quevedo (presidenta de la Asociaci\u00f3n Multinacional de Artistas de la Voz) desde Argentina, Claudia Dar\u00e9, directora de Intersect Latam desde Brasil; V\u00edctor C\u00e1rdenas \u201cEl coach de las estrellas\u201d de Colombia; mientras que por Panam\u00e1 participar\u00e1n Monique De Saint Malo Eleta (Directora de Stratego) y Manuel Dom\u00ednguez (Director de Beyond Strategies); la presentadora invitada ser\u00e1 la periodista paname\u00f1a, residente en Las Vegas, Rosario Grajales.<br>La organizadora resalt\u00f3 que esta es una oportunidad valiosa para todos, tanto para los asistentes, aliados y sponsor, ya que es un espacio para que las marcas expongan su mejor imagen y reputaci\u00f3n frente a los medios, para que los profesionales de la comunicaci\u00f3n se actualicen y potencien sus habilidades.<br>Adem\u00e1s, es una oportunidad de networking para las agencias de relaciones p\u00fablicas y los periodistas en el pa\u00eds y la regi\u00f3n, y para que todos los profesionales de diferentes \u00e1reas fortalezcan su identidad digital: coaches, speakers, escritores, creadores de contenido, entre otros.<br><em>Para m\u00e1s informaci\u00f3n visita www.comspa.online\/excom IG: @excomoficial, Youtube Comunicadores Sociales Panam\u00e1 al email: excomoficial@gmail.com o al whatsapp 6632-48-31.<\/em><\/p>\n","protected":false},"excerpt":{"rendered":"<p>Comunicadores Sociales de Panam\u00e1 (COMSPA) realizar\u00e1 Expo Comunicaciones (EXCOM), el primer evento que re\u00fane a los principales profesionales de medios y agencias de relaciones p\u00fablicas del pa\u00eds y Am\u00e9rica Latina, en una experiencia disruptiva e interactiva enfocada en el reinvenci\u00f3n, conexi\u00f3n y acci\u00f3n de todos los asistentes.EXCOM Panam\u00e1 2024 se desarrollar\u00e1 el mi\u00e9rcoles 13 de [&hellip;]<\/p>\n","protected":false},"author":3,"featured_media":2848,"comment_status":"open","ping_status":"open","sticky":false,"template":"","format":"standard","meta":{"footnotes":""},"categories":[6],"tags":[],"class_list":["post-2847","post","type-post","status-publish","format-standard","has-post-thumbnail","hentry","category-internacionales"],"_links":{"self":[{"href":"https:\/\/panamaimage.com\/noticias\/wp-json\/wp\/v2\/posts\/2847","targetHints":{"allow":["GET"]}}],"collection":[{"href":"https:\/\/panamaimage.com\/noticias\/wp-json\/wp\/v2\/posts"}],"about":[{"href":"https:\/\/panamaimage.com\/noticias\/wp-json\/wp\/v2\/types\/post"}],"author":[{"embeddable":true,"href":"https:\/\/panamaimage.com\/noticias\/wp-json\/wp\/v2\/users\/3"}],"replies":[{"embeddable":true,"href":"https:\/\/panamaimage.com\/noticias\/wp-json\/wp\/v2\/comments?post=2847"}],"version-history":[{"count":1,"href":"https:\/\/panamaimage.com\/noticias\/wp-json\/wp\/v2\/posts\/2847\/revisions"}],"predecessor-version":[{"id":2849,"href":"https:\/\/panamaimage.com\/noticias\/wp-json\/wp\/v2\/posts\/2847\/revisions\/2849"}],"wp:featuredmedia":[{"embeddable":true,"href":"https:\/\/panamaimage.com\/noticias\/wp-json\/wp\/v2\/media\/2848"}],"wp:attachment":[{"href":"https:\/\/panamaimage.com\/noticias\/wp-json\/wp\/v2\/media?parent=2847"}],"wp:term":[{"taxonomy":"category","embeddable":true,"href":"https:\/\/panamaimage.com\/noticias\/wp-json\/wp\/v2\/categories?post=2847"},{"taxonomy":"post_tag","embeddable":true,"href":"https:\/\/panamaimage.com\/noticias\/wp-json\/wp\/v2\/tags?post=2847"}],"curies":[{"name":"wp","href":"https:\/\/api.w.org\/{rel}","templated":true}]}}