{"id":2714,"date":"2024-07-19T06:37:56","date_gmt":"2024-07-19T06:37:56","guid":{"rendered":"https:\/\/panamaimage.com\/noticias\/?p=2714"},"modified":"2024-07-19T06:37:58","modified_gmt":"2024-07-19T06:37:58","slug":"cerveceria-nacional-impulsa-50-comercios-en-la-segunda-edicion-de-su-programa-emprendedores","status":"publish","type":"post","link":"https:\/\/panamaimage.com\/noticias\/cerveceria-nacional-impulsa-50-comercios-en-la-segunda-edicion-de-su-programa-emprendedores\/","title":{"rendered":"Cervecer\u00eda Nacional impulsa 50 comercios en la segunda edici\u00f3n de su programa Emprendedores"},"content":{"rendered":"\n<p><\/p>\n\n\n\n<p>Estrategias financieras, rentabilidad, digitalizaci\u00f3n y atenci\u00f3n al cliente son algunos de los temas en los que se enfocan las capacitaciones del programa.<\/p>\n\n\n\n<p>mercado, y el fortalecimiento y mejora de la relaci\u00f3n con los clientes en atenci\u00f3n al cliente para asegurar su fidelizaci\u00f3n y el crecimiento de las ventas. Proporcionando as\u00ed a los comerciantes las habilidades necesarias para prosperar en un entorno competitivo.<\/p>\n\n\n\n<p>\u201cCon esta nueva edici\u00f3n del programa Emprendedores, reafirmamos nuestro compromiso continuo con el desarrollo y \u00e9xito de la red de comerciantes en Panam\u00e1\u201d, comparti\u00f3 Rodrigo Monteiro, Presidente de Cervecer\u00eda Nacional. \u201cEstamos entusiasmados de ver c\u00f3mo aprovechar\u00e1n las herramientas y recursos para lograr un mayor crecimiento y transformaci\u00f3n digital en sus negocios\u201d, concluy\u00f3.<\/p>\n\n\n\n<p>El lanzamiento de la segunda edici\u00f3n del programa \u00abEmprendedores\u00bb subraya el compromiso de Cervecer\u00eda Nacional con el empoderamiento y crecimiento de los emprendedores locales, contribuyendo as\u00ed a la mejora de sus condiciones de vida y la sostenibilidad de sus negocios a largo plazo. Con estas iniciativas, la compa\u00f1\u00eda contin\u00faa so\u00f1ando en grande para crear un futuro con m\u00e1s motivos para brindar junto a la comunidad comercial de Panam\u00e1.<\/p>\n","protected":false},"excerpt":{"rendered":"<p>Estrategias financieras, rentabilidad, digitalizaci\u00f3n y atenci\u00f3n al cliente son algunos de los temas en los que se enfocan las capacitaciones del programa. mercado, y el fortalecimiento y mejora de la relaci\u00f3n con los clientes en atenci\u00f3n al cliente para asegurar su fidelizaci\u00f3n y el crecimiento de las ventas. Proporcionando as\u00ed a los comerciantes las habilidades [&hellip;]<\/p>\n","protected":false},"author":3,"featured_media":2715,"comment_status":"open","ping_status":"open","sticky":false,"template":"","format":"standard","meta":{"footnotes":""},"categories":[2],"tags":[],"class_list":["post-2714","post","type-post","status-publish","format-standard","has-post-thumbnail","hentry","category-nacionales"],"_links":{"self":[{"href":"https:\/\/panamaimage.com\/noticias\/wp-json\/wp\/v2\/posts\/2714","targetHints":{"allow":["GET"]}}],"collection":[{"href":"https:\/\/panamaimage.com\/noticias\/wp-json\/wp\/v2\/posts"}],"about":[{"href":"https:\/\/panamaimage.com\/noticias\/wp-json\/wp\/v2\/types\/post"}],"author":[{"embeddable":true,"href":"https:\/\/panamaimage.com\/noticias\/wp-json\/wp\/v2\/users\/3"}],"replies":[{"embeddable":true,"href":"https:\/\/panamaimage.com\/noticias\/wp-json\/wp\/v2\/comments?post=2714"}],"version-history":[{"count":1,"href":"https:\/\/panamaimage.com\/noticias\/wp-json\/wp\/v2\/posts\/2714\/revisions"}],"predecessor-version":[{"id":2716,"href":"https:\/\/panamaimage.com\/noticias\/wp-json\/wp\/v2\/posts\/2714\/revisions\/2716"}],"wp:featuredmedia":[{"embeddable":true,"href":"https:\/\/panamaimage.com\/noticias\/wp-json\/wp\/v2\/media\/2715"}],"wp:attachment":[{"href":"https:\/\/panamaimage.com\/noticias\/wp-json\/wp\/v2\/media?parent=2714"}],"wp:term":[{"taxonomy":"category","embeddable":true,"href":"https:\/\/panamaimage.com\/noticias\/wp-json\/wp\/v2\/categories?post=2714"},{"taxonomy":"post_tag","embeddable":true,"href":"https:\/\/panamaimage.com\/noticias\/wp-json\/wp\/v2\/tags?post=2714"}],"curies":[{"name":"wp","href":"https:\/\/api.w.org\/{rel}","templated":true}]}}